{"id":7071,"date":"2024-09-18T13:16:57","date_gmt":"2024-09-18T16:16:57","guid":{"rendered":"https:\/\/redelog.rj.gov.br\/redebens\/?p=7071"},"modified":"2025-08-26T12:43:47","modified_gmt":"2025-08-26T15:43:47","slug":"avaliacao-reavaliacao","status":"publish","type":"post","link":"https:\/\/redelog.rj.gov.br\/redebens\/avaliacao-reavaliacao\/","title":{"rendered":"AVALIA\u00c7\u00c3O\/REAVALIA\u00c7\u00c3O"},"content":{"rendered":"\t\t<div data-elementor-type=\"wp-post\" data-elementor-id=\"7071\" class=\"elementor elementor-7071\" data-elementor-post-type=\"post\">\n\t\t\t\t\t\t<section class=\"elementor-section elementor-top-section elementor-element elementor-element-e4cfca5 elementor-section-boxed elementor-section-height-default elementor-section-height-default\" data-id=\"e4cfca5\" data-element_type=\"section\">\n\t\t\t\t\t\t<div class=\"elementor-container elementor-column-gap-default\">\n\t\t\t\t\t<div class=\"elementor-column elementor-col-100 elementor-top-column elementor-element elementor-element-bf1cd3a\" data-id=\"bf1cd3a\" data-element_type=\"column\">\n\t\t\t<div class=\"elementor-widget-wrap elementor-element-populated\">\n\t\t\t\t\t\t<div class=\"elementor-element elementor-element-1f582d6 elementor-widget-divider--view-line elementor-widget elementor-widget-divider\" data-id=\"1f582d6\" data-element_type=\"widget\" data-widget_type=\"divider.default\">\n\t\t\t\t<div class=\"elementor-widget-container\">\n\t\t\t\t\t\t\t<div class=\"elementor-divider\">\n\t\t\t<span class=\"elementor-divider-separator\">\n\t\t\t\t\t\t<\/span>\n\t\t<\/div>\n\t\t\t\t\t\t<\/div>\n\t\t\t\t<\/div>\n\t\t\t\t<div class=\"elementor-element elementor-element-834dbfb elementor-position-left elementor-vertical-align-middle elementor-widget elementor-widget-image-box\" data-id=\"834dbfb\" data-element_type=\"widget\" data-widget_type=\"image-box.default\">\n\t\t\t\t<div class=\"elementor-widget-container\">\n\t\t\t\t\t<div class=\"elementor-image-box-wrapper\"><figure class=\"elementor-image-box-img\"><img fetchpriority=\"high\" decoding=\"async\" width=\"512\" height=\"512\" src=\"https:\/\/redelog.rj.gov.br\/redebens\/wp-content\/uploads\/2022\/05\/Avaliacao-reavaliacao.png\" class=\"attachment-full size-full wp-image-1053\" alt=\"\" srcset=\"https:\/\/redelog.rj.gov.br\/redebens\/wp-content\/uploads\/2022\/05\/Avaliacao-reavaliacao.png 512w, https:\/\/redelog.rj.gov.br\/redebens\/wp-content\/uploads\/2022\/05\/Avaliacao-reavaliacao-300x300.png 300w, https:\/\/redelog.rj.gov.br\/redebens\/wp-content\/uploads\/2022\/05\/Avaliacao-reavaliacao-150x150.png 150w, https:\/\/redelog.rj.gov.br\/redebens\/wp-content\/uploads\/2022\/05\/Avaliacao-reavaliacao-230x230.png 230w, https:\/\/redelog.rj.gov.br\/redebens\/wp-content\/uploads\/2022\/05\/Avaliacao-reavaliacao-400x400.png 400w\" sizes=\"(max-width: 512px) 100vw, 512px\" \/><\/figure><div class=\"elementor-image-box-content\"><p class=\"elementor-image-box-description\">A <b>Avalia\u00e7\u00e3o <\/b>consiste na <b>atribui\u00e7\u00e3o de um valor monet\u00e1rio a itens do ativo <\/b>cuja obten\u00e7\u00e3o traduza, com razoabilidade, o processo de evidencia\u00e7\u00e3o dos atos e fatos da administra\u00e7\u00e3o. E a <b>reavalia\u00e7\u00e3o <\/b>\u00e9 a <b>redefini\u00e7\u00e3o do valor do ativo imobilizado<\/b> utilizando o valor de mercado e par\u00e2metros de refer\u00eancia, que considerem caracter\u00edsticas, circunst\u00e2ncias e localiza\u00e7\u00f5es assemelhadas.<\/p><\/div><\/div>\t\t\t\t<\/div>\n\t\t\t\t<\/div>\n\t\t\t\t<div class=\"elementor-element elementor-element-c9d21fe elementor-widget elementor-widget-image\" data-id=\"c9d21fe\" data-element_type=\"widget\" data-widget_type=\"image.default\">\n\t\t\t\t<div class=\"elementor-widget-container\">\n\t\t\t\t\t\t\t\t\t\t\t\t\t\t\t<img decoding=\"async\" width=\"1024\" height=\"683\" src=\"https:\/\/redelog.rj.gov.br\/redebens\/wp-content\/uploads\/2022\/04\/Avaliacao-1024x683.jpg\" class=\"attachment-large size-large wp-image-1461\" alt=\"\" srcset=\"https:\/\/redelog.rj.gov.br\/redebens\/wp-content\/uploads\/2022\/04\/Avaliacao-1024x683.jpg 1024w, https:\/\/redelog.rj.gov.br\/redebens\/wp-content\/uploads\/2022\/04\/Avaliacao-300x200.jpg 300w, https:\/\/redelog.rj.gov.br\/redebens\/wp-content\/uploads\/2022\/04\/Avaliacao-768x512.jpg 768w, https:\/\/redelog.rj.gov.br\/redebens\/wp-content\/uploads\/2022\/04\/Avaliacao-1536x1024.jpg 1536w, https:\/\/redelog.rj.gov.br\/redebens\/wp-content\/uploads\/2022\/04\/Avaliacao-600x400.jpg 600w, https:\/\/redelog.rj.gov.br\/redebens\/wp-content\/uploads\/2022\/04\/Avaliacao.jpg 1920w\" sizes=\"(max-width: 1024px) 100vw, 1024px\" \/>\t\t\t\t\t\t\t\t\t\t\t\t\t\t\t<\/div>\n\t\t\t\t<\/div>\n\t\t\t\t<div class=\"elementor-element elementor-element-85a1e54 elementor-widget elementor-widget-heading\" data-id=\"85a1e54\" data-element_type=\"widget\" data-widget_type=\"heading.default\">\n\t\t\t\t<div class=\"elementor-widget-container\">\n\t\t\t\t\t<h2 class=\"elementor-heading-title elementor-size-large\">Qual a diferen\u00e7a entre Avalia\u00e7\u00e3o Inicial e Reavalia\u00e7\u00e3o?<\/h2>\t\t\t\t<\/div>\n\t\t\t\t<\/div>\n\t\t\t\t<div class=\"elementor-element elementor-element-1915f6e elementor-widget elementor-widget-text-editor\" data-id=\"1915f6e\" data-element_type=\"widget\" data-widget_type=\"text-editor.default\">\n\t\t\t\t<div class=\"elementor-widget-container\">\n\t\t\t\t\t\t\t\t\t<p><span style=\"font-weight: 400;\">A <\/span><b>avalia\u00e7\u00e3o inicial<\/b><span style=\"font-weight: 400;\"> de bens m\u00f3veis para a ado\u00e7\u00e3o de novas normas cont\u00e1beis \u00e9 a <\/span><b>primeira atualiza\u00e7\u00e3o do ativo a valor justo <\/b><span style=\"font-weight: 400;\">ap\u00f3s a ado\u00e7\u00e3o dessas normas. Trata-se de atualiza\u00e7\u00e3o dos bens <\/span><b>para que seja poss\u00edvel o emprego dos novos procedimentos de mensura\u00e7\u00e3o<\/b><span style=\"font-weight: 400;\">, como a deprecia\u00e7\u00e3o.<\/span><\/p><p><b>Reavalia\u00e7\u00e3o<\/b><span style=\"font-weight: 400;\">, por sua vez, \u00e9 um <\/span><b>modelo cont\u00e1bil que poder\u00e1 ser seguido para determinadas classes de ativo<\/b><span style=\"font-weight: 400;\">. As <\/span><b>reavalia\u00e7\u00f5es s\u00e3o peri\u00f3dicas<\/b><span style=\"font-weight: 400;\"> (anual) e a <\/span><b>avalia\u00e7\u00e3o inicial dever\u00e1 ocorrer somente uma vez, na data de corte<\/b><span style=\"font-weight: 400;\">.<\/span><\/p><p style=\"text-align: justify;\"><b>Operacionalmente<\/b><span style=\"font-weight: 400;\">, os procedimentos se assemelham, pois <\/span><b>para ambos ser\u00e1 necess\u00e1ria uma comiss\u00e3o de servidores que atualizar\u00e1 os bens a valor justo<\/b><span style=\"font-weight: 400;\">. <\/span><b>Contabilmente<\/b><span style=\"font-weight: 400;\">, entretanto, existe uma importante diferen\u00e7a, pois <\/span><b>a avalia\u00e7\u00e3o inicial \u00e9 considerada ajuste do imobilizado de exerc\u00edcios anteriores e a contabiliza\u00e7\u00e3o deve ser efetuada na conta do patrim\u00f4nio l\u00edquido<\/b><span style=\"font-weight: 400;\">. As <\/span><b>reavalia\u00e7\u00f5es<\/b><span style=\"font-weight: 400;\">, por sua vez, ser\u00e3o tratadas como <\/span><b>atualiza\u00e7\u00f5es do exerc\u00edcio, devendo ser contabilizadas em contas de resultado<\/b><span style=\"font-weight: 400;\">. Assim sendo, <\/span><b>o setor de patrim\u00f4nio deve informar para a Contadoria qual a origem dos ajustes apurados pela comiss\u00e3o<\/b><span style=\"font-weight: 400;\">.\u00a0<br \/><\/span><span style=\"font-weight: 400;\">\u00a0 \u00a0 \u00a0 \u00a0 \u00a0 \u00a0 \u00a0 \u00a0 \u00a0 \u00a0 \u00a0 \u00a0 \u00a0 \u00a0 \u00a0 \u00a0 \u00a0 \u00a0 \u00a0 \u00a0 \u00a0 \u00a0 (<\/span>Manual de Controle Patrimonial \u2013 Diogo Duarte Barbosa \u2013 2013)<\/p><p><span style=\"font-weight: 400;\">Por sua vez, o\u00a0<\/span><strong><a href=\"https:\/\/drive.google.com\/file\/d\/1koRaFX7XJGv2nWeviHk93ZGWYSd8ax-q\/view?usp=sharing\" target=\"_blank\" rel=\"noopener\">Manual de Contabilidade Aplicada ao Setor P\u00fablico &#8211; 10\u00aa edi\u00e7\u00e3o<\/a><\/strong><b>\u00a0<\/b><span style=\"font-weight: 400;\">estabelece que:<\/span><\/p><p><span style=\"font-weight: 400;\">Ao <\/span><b>final do per\u00edodo de vida \u00fatil<\/b><span style=\"font-weight: 400;\">, se o item ainda tiver <\/span><b>condi\u00e7\u00f5es de ser utilizado<\/b><span style=\"font-weight: 400;\">, caso o <\/span><b>valor residual n\u00e3o reflita o valor justo<\/b><span style=\"font-weight: 400;\">, deve ser feita uma <\/span><b>reavalia\u00e7\u00e3o do bem<\/b><span style=\"font-weight: 400;\">, atribuindo a ele um <\/span><b>novo valor<\/b><span style=\"font-weight: 400;\">, baseado em dados t\u00e9cnicos.\u00a0<\/span><\/p><p><span style=\"font-weight: 400;\">Ao <\/span><b>final de cada exerc\u00edcio financeiro <\/b><span style=\"font-weight: 400;\">recomenda-se que a entidade realize a <\/span><b>revis\u00e3o da vida \u00fatil e do valor residual do item do ativo<\/b><span style=\"font-weight: 400;\">.<\/span><\/p><p><span style=\"font-weight: 400;\">A <\/span><b>obrigatoriedade de realizar os procedimentos de avalia\u00e7\u00e3o\/reavalia\u00e7\u00e3o<\/b><span style=\"font-weight: 400;\"> dos bens dos \u00f3rg\u00e3os e entidades do Poder Executivo do Estado foi institu\u00edda pelo<\/span><i><span style=\"font-weight: 400;\">\u00a0<\/span><\/i><b><a href=\"https:\/\/leisestaduais.com.br\/rj\/decreto-n-44489-2013-rio-de-janeiro-institui-a-obrigatoriedade-de-realizar-os-procedimentos-de-reavaliacao-reducao-ao-valor-recuperavel-de-ativos-depreciacao-amortizacao-e-exaustao-dos-bens-do-estado-nos-casos-que-especifica?q=44.489&amp;origin=instituicao#\" target=\"_blank\" rel=\"noopener\">Decreto n\u00ba 44.489, de 25 de novembro de 2013<\/a>,<\/b><span style=\"font-weight: 400;\"> o qual estabelece:<\/span><\/p><p><i><span style=\"font-weight: 400;\">Art. 1\u00ba\u00a0&#8211; Os <\/span><\/i><b><i>\u00f3rg\u00e3os e entidades<\/i><\/b><i><span style=\"font-weight: 400;\"> do Poder Executivo Estadual, inclusive os fundos<\/span><\/i><b><i>, dever\u00e3o desenvolver a\u00e7\u00f5es no sentido de promover a reavalia\u00e7\u00e3o, a redu\u00e7\u00e3o ao valor recuper\u00e1vel<\/i><\/b><i><span style=\"font-weight: 400;\">, a deprecia\u00e7\u00e3o, a amortiza\u00e7\u00e3o e a exaust\u00e3o <\/span><\/i><b><i>dos bens do ativo sob sua responsabilidade<\/i><\/b><i><span style=\"font-weight: 400;\"> nos termos deste Decreto, para fins de garantir a manuten\u00e7\u00e3o do sistema de custos, conforme estabelece o inciso VI do \u00a7 3\u00b0 do art. 50 da Lei Complementar n\u00ba 101, de 4 de maio de 2000, e as Normas Brasileiras de Contabilidade Aplicadas ao Setor P\u00fablico, bem como os Princ\u00edpios de Contabilidade.<\/span><\/i><\/p><p><span style=\"font-weight: 400;\">A <\/span><b>CONTADORIA-GERAL DO ESTADO<\/b><span style=\"font-weight: 400;\">, a quem compete expedir normas para a orienta\u00e7\u00e3o e operacionaliza\u00e7\u00e3o dos procedimentos previstos no Decreto n\u00ba 44.489\/2013, publicou a <\/span><a href=\"https:\/\/redelog.rj.gov.br\/redelog\/portaria-cge-179\/\" target=\"_blank\" rel=\"noopener\"><b>Portaria CGE n\u00ba 179, de 27 de mar\u00e7o de 2014<\/b><\/a><span style=\"font-weight: 400;\">, cujo art. 2\u00ba estabelece como <\/span><b>data de corte 1\u00ba de janeiro de 2014<\/b><span style=\"font-weight: 400;\">, <\/span><b>para a Administra\u00e7\u00e3o Direta, Autarquias e Funda\u00e7\u00f5es<\/b><span style=\"font-weight: 400;\">.<\/span><\/p><p><span style=\"font-weight: 400;\">Isso significa que <\/span><b>para os bens m\u00f3veis adquiridos e postos em opera\u00e7\u00e3o antes da data de corte<\/b><span style=\"font-weight: 400;\">, <\/span><b>os procedimentos de reavalia\u00e7\u00e3o, redu\u00e7\u00e3o ao valor recuper\u00e1vel e deprecia\u00e7\u00e3o s\u00f3 podem ser realizados <\/b><b>ap\u00f3s a conclus\u00e3o dos procedimentos de Ajuste Inicial<\/b><span style=\"font-weight: 400;\">. Apenas <\/span><b>os bens m\u00f3veis adquiridos, incorporados e\/ou colocados em utiliza\u00e7\u00e3o ap\u00f3s essa data ser\u00e3o depreciados de acordo com os prazos de vida \u00fatil e valor residual previstos no <a href=\"https:\/\/www.redelog.rj.gov.br\/redelog\/wp-content\/uploads\/2022\/02\/Anexos-Portaria-179-2014.docx\">Anexo I<\/a> da Portaria n\u00ba 179\/2014,<\/b> <b>sem a necessidade submet\u00ea-los previamente ao procedimento de ajuste inicial<\/b><span style=\"font-weight: 400;\">.<\/span><\/p>\t\t\t\t\t\t\t\t<\/div>\n\t\t\t\t<\/div>\n\t\t\t\t<div class=\"elementor-element elementor-element-1013970 elementor-widget elementor-widget-heading\" data-id=\"1013970\" data-element_type=\"widget\" data-widget_type=\"heading.default\">\n\t\t\t\t<div class=\"elementor-widget-container\">\n\t\t\t\t\t<h2 class=\"elementor-heading-title elementor-size-large\">Procedimento para Avalia\u00e7\u00e3o, Avalia\u00e7\u00e3o Inicial ou Reavalia\u00e7\u00e3o<\/h2>\t\t\t\t<\/div>\n\t\t\t\t<\/div>\n\t\t\t\t<div class=\"elementor-element elementor-element-8697417 elementor-widget elementor-widget-text-editor\" data-id=\"8697417\" data-element_type=\"widget\" data-widget_type=\"text-editor.default\">\n\t\t\t\t<div class=\"elementor-widget-container\">\n\t\t\t\t\t\t\t\t\t<p><b><span style=\"text-decoration: underline;\">1\u00aa Etapa<\/span>:<\/b><\/p><p><strong>Nomea\u00e7\u00e3o da comiss\u00e3o<\/strong><b>, com publica\u00e7\u00e3o de <\/b><b>Portaria<\/b><b> no DOERJ.<\/b><\/p>\t\t\t\t\t\t\t\t<\/div>\n\t\t\t\t<\/div>\n\t\t\t\t<div class=\"elementor-element elementor-element-9b764cf elementor-widget elementor-widget-heading\" data-id=\"9b764cf\" data-element_type=\"widget\" data-widget_type=\"heading.default\">\n\t\t\t\t<div class=\"elementor-widget-container\">\n\t\t\t\t\t<h2 class=\"elementor-heading-title elementor-size-large\">Comiss\u00f5es<\/h2>\t\t\t\t<\/div>\n\t\t\t\t<\/div>\n\t\t\t\t<div class=\"elementor-element elementor-element-084344f elementor-widget elementor-widget-text-editor\" data-id=\"084344f\" data-element_type=\"widget\" data-widget_type=\"text-editor.default\">\n\t\t\t\t<div class=\"elementor-widget-container\">\n\t\t\t\t\t\t\t\t\t<p><span style=\"font-weight: 400;\">Na gest\u00e3o de bens m\u00f3veis, existem tr\u00eas atividades que necessitam <\/span><b>constituir Comiss\u00e3o de servidores<\/b><span style=\"font-weight: 400;\"> para realiza\u00e7\u00e3o dos procedimentos. S\u00e3o elas: Invent\u00e1rio, Avalia\u00e7\u00e3o\/reavalia\u00e7\u00e3o\/redu\u00e7\u00e3o ao valor recuper\u00e1vel e Desfazimento.<\/span><\/p><p><span style=\"font-weight: 400;\">Para cada <\/span><b>atividade<\/b><span style=\"font-weight: 400;\">, \u00e9 poss\u00edvel <\/span><b>constituir mais de uma Comiss\u00e3o<\/b><span style=\"font-weight: 400;\">, podendo ser de car\u00e1ter permanente ou provis\u00f3rio (com prazo determinado para conclus\u00e3o das atividades).<\/span><\/p><p><span style=\"font-weight: 400;\">A <\/span><b>compet\u00eancia <\/b><span style=\"font-weight: 400;\">das comiss\u00f5es estar\u00e1 sempre <\/span><b>atrelada \u00e0 finalidade<\/b><span style=\"font-weight: 400;\"> definida no <\/span><b>ato de designa\u00e7\u00e3o.<\/b><\/p><p><span style=\"font-weight: 400;\">Cabe ao \u00f3rg\u00e3o\/entidade definir a melhor maneira de organizar suas comiss\u00f5es para realizar as fun\u00e7\u00f5es necess\u00e1rias, tendo em vista a necessidade, prazos e disponibilidade de servidores.<\/span><\/p>\t\t\t\t\t\t\t\t<\/div>\n\t\t\t\t<\/div>\n\t\t\t\t<div class=\"elementor-element elementor-element-ccc8d66 elementor-widget elementor-widget-heading\" data-id=\"ccc8d66\" data-element_type=\"widget\" data-widget_type=\"heading.default\">\n\t\t\t\t<div class=\"elementor-widget-container\">\n\t\t\t\t\t<h2 class=\"elementor-heading-title elementor-size-large\">Forma\u00e7\u00e3o das Comiss\u00f5es<\/h2>\t\t\t\t<\/div>\n\t\t\t\t<\/div>\n\t\t\t\t<div class=\"elementor-element elementor-element-4ba652f elementor-widget elementor-widget-text-editor\" data-id=\"4ba652f\" data-element_type=\"widget\" data-widget_type=\"text-editor.default\">\n\t\t\t\t<div class=\"elementor-widget-container\">\n\t\t\t\t\t\t\t\t\t<p><span style=\"font-weight: 400;\">A designa\u00e7\u00e3o dos servidores integrantes da comiss\u00e3o ocorrer\u00e1 pelo <\/span><b>titular da unidade gestora<\/b><span style=\"font-weight: 400;\"> (ou autoridade por ele delegada) por meio de <\/span><b>ato de nomea\u00e7\u00e3o<\/b><span style=\"font-weight: 400;\"> que deve ser <\/span><b>publicado<\/b><span style=\"font-weight: 400;\"> no DOERJ.<\/span><\/p><p><span style=\"font-weight: 400;\">Tais Comiss\u00f5es devem ser compostas por, <\/span><b>no m\u00ednimo, 3 (tr\u00eas) servidores<\/b><span style=\"font-weight: 400;\"> do \u00f3rg\u00e3o ou entidade, contendo, pelo menos, <\/span><b>1 (um) ocupante de cargo<\/b><span style=\"font-weight: 400;\"> de provimento <\/span><b>efetivo<\/b><span style=\"font-weight: 400;\">.\u00a0<\/span><\/p><p><span style=\"font-weight: 400;\">Pode-se constituir uma<b> \u00fanica Comiss\u00e3o<\/b> com <b>as 3 finalidades<\/b> previstas para a gest\u00e3o de bens (Invent\u00e1rio, Avalia\u00e7\u00e3o, Vistoria e Baixa) desde que as atividades estejam <b>estabelecidas e definidas <\/b>no <b>Ato de nomea\u00e7\u00e3o<\/b> da Comiss\u00e3o, a qual <b>pode ser<\/b> de <b>car\u00e1ter permanente ou tempor\u00e1rio<\/b>.\u00a0<\/span><\/p>\t\t\t\t\t\t\t\t<\/div>\n\t\t\t\t<\/div>\n\t\t\t\t<div class=\"elementor-element elementor-element-4b55f29 elementor-widget elementor-widget-heading\" data-id=\"4b55f29\" data-element_type=\"widget\" data-widget_type=\"heading.default\">\n\t\t\t\t<div class=\"elementor-widget-container\">\n\t\t\t\t\t<h2 class=\"elementor-heading-title elementor-size-large\">Bens de natureza especial<\/h2>\t\t\t\t<\/div>\n\t\t\t\t<\/div>\n\t\t\t\t<div class=\"elementor-element elementor-element-f0fe4eb elementor-widget elementor-widget-text-editor\" data-id=\"f0fe4eb\" data-element_type=\"widget\" data-widget_type=\"text-editor.default\">\n\t\t\t\t<div class=\"elementor-widget-container\">\n\t\t\t\t\t\t\t\t\t<p><span style=\"color: var( --e-global-color-text ); letter-spacing: 0px;\">Pode-se considerar bens espec\u00edficos os bens m\u00f3veis que exijam <\/span><b style=\"color: var( --e-global-color-text ); letter-spacing: 0px;\">conhecimentos espec\u00edficos<\/b><span style=\"color: var( --e-global-color-text ); letter-spacing: 0px;\"> para avalia\u00e7\u00e3o, tais como: material de inform\u00e1tica, obras de arte, mobili\u00e1rio raro, entre outros.<\/span><\/p><p><span style=\"font-weight: 400;\">Para tratar desses casos, a comiss\u00e3o dever\u00e1 possuir, <\/span><b>pelo menos, 1 (um) servidor devidamente<\/b> <b>habilitado<\/b><span style=\"font-weight: 400;\">, que \u00e9 o servidor que possui condi\u00e7\u00f5es t\u00e9cnicas para avaliar esses bens m\u00f3veis em raz\u00e3o de sua especificidade.<\/span><\/p><p><span style=\"font-weight: 400;\">Na inviabilidade de inclus\u00e3o do servidor na Comiss\u00e3o, esta poder\u00e1 solicitar a <\/span><b>elabora\u00e7\u00e3o de laudo t\u00e9cnico<\/b><span style=\"font-weight: 400;\"> a um <\/span><b>servidor tecnicamente habilitado<\/b><span style=\"font-weight: 400;\"> do \u00f3rg\u00e3o ou entidade. O laudo integrar\u00e1 o <\/span><b>relat\u00f3rio final<\/b><span style=\"font-weight: 400;\"> da comiss\u00e3o para juntada ao processo.<\/span><span style=\"font-weight: 400;\">\u00a0<\/span><\/p><p><span style=\"font-weight: 400;\">Quando <b>n\u00e3o houver servidor habilitado<\/b> ou nos casos em que <b>exija informa\u00e7\u00f5es especializadas ou insupr\u00edveis<\/b> por pessoal do pr\u00f3prio \u00f3rg\u00e3o ou entidade, poder\u00e1 haver <b>contrata\u00e7\u00e3o de profissional especializado<\/b>, desde que devidamente <b>justificada<\/b>, observando o princ\u00edpio da economicidade.<\/span><\/p><p>Os modelos de Atos de publica\u00e7\u00e3o da Comiss\u00e3o de Avalia\u00e7\u00e3o\/Reavalia\u00e7\u00e3o cujo car\u00e1ter pode ser Permanente ou Provis\u00f3ria est\u00e3o dispon\u00edveis abaixo:\u00a0<span style=\"color: var( --e-global-color-text ); letter-spacing: 0px;\">\u00a0<\/span><span style=\"font-weight: 400;\"><br \/><\/span><\/p>\t\t\t\t\t\t\t\t<\/div>\n\t\t\t\t<\/div>\n\t\t\t\t<div class=\"elementor-element elementor-element-5a8be30 elementor-widget elementor-widget-heading\" data-id=\"5a8be30\" data-element_type=\"widget\" data-widget_type=\"heading.default\">\n\t\t\t\t<div class=\"elementor-widget-container\">\n\t\t\t\t\t<h2 class=\"elementor-heading-title elementor-size-default\"><a href=\"https:\/\/redelog.rj.gov.br\/redebens\/wp-content\/uploads\/2024\/09\/Modelo-Ato-de-Nomeacao-da-Comissao-de-Avaliacao-e-Reavaliacao-PERMANENTE.docx\">Modelo de Ato de Nomea\u00e7\u00e3o de Comiss\u00e3o de Avalia\u00e7\u00e3o\/Reavalia\u00e7\u00e3o Permanente<\/a><\/h2>\t\t\t\t<\/div>\n\t\t\t\t<\/div>\n\t\t\t\t<div class=\"elementor-element elementor-element-e5a65e0 elementor-widget elementor-widget-image\" data-id=\"e5a65e0\" data-element_type=\"widget\" data-widget_type=\"image.default\">\n\t\t\t\t<div class=\"elementor-widget-container\">\n\t\t\t\t\t\t\t\t\t\t\t\t\t\t\t\t<a href=\"https:\/\/redelog.rj.gov.br\/redebens\/wp-content\/uploads\/2024\/09\/Modelo-Ato-de-Nomeacao-da-Comissao-de-Avaliacao-e-Reavaliacao-PERMANENTE.docx\">\n\t\t\t\t\t\t\t<img decoding=\"async\" width=\"150\" height=\"150\" src=\"https:\/\/redelog.rj.gov.br\/redebens\/wp-content\/uploads\/2022\/05\/word.png\" class=\"attachment-large size-large wp-image-979\" alt=\"\" \/>\t\t\t\t\t\t\t\t<\/a>\n\t\t\t\t\t\t\t\t\t\t\t\t\t\t\t<\/div>\n\t\t\t\t<\/div>\n\t\t\t\t<div class=\"elementor-element elementor-element-c91980c elementor-widget elementor-widget-heading\" data-id=\"c91980c\" data-element_type=\"widget\" data-widget_type=\"heading.default\">\n\t\t\t\t<div class=\"elementor-widget-container\">\n\t\t\t\t\t<h2 class=\"elementor-heading-title elementor-size-default\"><a href=\"https:\/\/redelog.rj.gov.br\/redebens\/wp-content\/uploads\/2024\/09\/Modelo-Ato-de-Nomeacao-da-Comissao-de-Avaliacao-e-Reavaliacao-PROVISORIA.docx\">Modelo de Ato de Nomea\u00e7\u00e3o de Comiss\u00e3o de Avalia\u00e7\u00e3o\/Reavalia\u00e7\u00e3o Provis\u00f3ria<\/a><\/h2>\t\t\t\t<\/div>\n\t\t\t\t<\/div>\n\t\t\t\t<div class=\"elementor-element elementor-element-05725e0 elementor-widget elementor-widget-image\" data-id=\"05725e0\" data-element_type=\"widget\" data-widget_type=\"image.default\">\n\t\t\t\t<div class=\"elementor-widget-container\">\n\t\t\t\t\t\t\t\t\t\t\t\t\t\t\t\t<a href=\"https:\/\/redelog.rj.gov.br\/redebens\/wp-content\/uploads\/2024\/09\/Modelo-Ato-de-Nomeacao-da-Comissao-de-Avaliacao-e-Reavaliacao-PROVISORIA.docx\">\n\t\t\t\t\t\t\t<img decoding=\"async\" width=\"150\" height=\"150\" src=\"https:\/\/redelog.rj.gov.br\/redebens\/wp-content\/uploads\/2022\/05\/word.png\" class=\"attachment-large size-large wp-image-979\" alt=\"\" \/>\t\t\t\t\t\t\t\t<\/a>\n\t\t\t\t\t\t\t\t\t\t\t\t\t\t\t<\/div>\n\t\t\t\t<\/div>\n\t\t\t\t<div class=\"elementor-element elementor-element-b6b5302 elementor-widget elementor-widget-text-editor\" data-id=\"b6b5302\" data-element_type=\"widget\" data-widget_type=\"text-editor.default\">\n\t\t\t\t<div class=\"elementor-widget-container\">\n\t\t\t\t\t\t\t\t\t<p><b><span style=\"text-decoration: underline;\">2\u00aa Etapa<\/span>:<\/b><\/p><p><span style=\"font-weight: 400;\">A partir da Lista de Bens a reavaliar, a <strong>Comiss\u00e3o de Reavalia\u00e7\u00e3o dever\u00e1 avaliar os bens quanto<\/strong>:<\/span><\/p><ul><li style=\"font-weight: 400;\" aria-level=\"1\"><span style=\"font-weight: 400;\">ao estado de conserva\u00e7\u00e3o;<\/span><\/li><li style=\"font-weight: 400;\" aria-level=\"1\"><span style=\"font-weight: 400;\">capacidade de gera\u00e7\u00e3o de benef\u00edcios futuros;<\/span><\/li><li style=\"font-weight: 400;\" aria-level=\"1\"><span style=\"font-weight: 400;\">obsolesc\u00eancia tecnol\u00f3gica;<\/span><\/li><li style=\"font-weight: 400;\" aria-level=\"1\"><span style=\"font-weight: 400;\">desgaste f\u00edsico decorrente de fatores operacionais ou n\u00e3o-operacionais.<\/span><\/li><\/ul><p><span style=\"font-weight: 400;\">O <\/span><b>estado de conserva\u00e7\u00e3o<\/b><span style=\"font-weight: 400;\"> dos bens m\u00f3veis dever\u00e1 observar a seguinte <\/span><b>classifica\u00e7\u00e3o<\/b><span style=\"font-weight: 400;\">:<\/span><\/p><p><span style=\"font-weight: 400;\">I &#8211; <\/span><b>excelente<\/b><span style=\"font-weight: 400;\"> &#8211; qualidade do bem m\u00f3vel adquirido h\u00e1 menos de um ano e que ainda mantenha as mesmas caracter\u00edsticas e condi\u00e7\u00f5es de uso de sua aquisi\u00e7\u00e3o;<\/span><\/p><p><span style=\"font-weight: 400;\">II &#8211; <\/span><b>bom<\/b><span style=\"font-weight: 400;\"> &#8211; qualidade do bem m\u00f3vel que esteja em perfeitas condi\u00e7\u00f5es de uso, mas com data de aquisi\u00e7\u00e3o superior a um ano;<\/span><\/p><p><span style=\"font-weight: 400;\">III &#8211; <\/span><b>regular<\/b><span style=\"font-weight: 400;\"> &#8211; qualidade do bem m\u00f3vel que esteja em condi\u00e7\u00f5es de uso, mas que apresenta avarias que n\u00e3o impedem sua utiliza\u00e7\u00e3o;<\/span><\/p><p><span style=\"font-weight: 400;\">IV &#8211; <\/span><b>p\u00e9ssimo<\/b><span style=\"font-weight: 400;\"> &#8211; qualidade do bem m\u00f3vel que apresenta avarias que comprometem sua utiliza\u00e7\u00e3o.<\/span><\/p><p><b><span style=\"text-decoration: underline;\">3\u00aa Etapa<\/span>:<\/b><\/p><p><b>Calcular o novo valor para os bens m\u00f3veis avaliados, <\/b><span style=\"font-weight: 400;\">com base nos seguintes <\/span><b>par\u00e2metros<\/b><span style=\"font-weight: 400;\">:<\/span><\/p><p><span style=\"font-weight: 400;\">I \u2013 valor de refer\u00eancia de mercado, ou de reposi\u00e7\u00e3o;<\/span><\/p><p><span style=\"font-weight: 400;\">II \u2013 estado f\u00edsico do bem;<\/span><\/p><p><span style=\"font-weight: 400;\">III \u2013 per\u00edodo de vida \u00fatil j\u00e1 utilizado;<\/span><\/p><p><span style=\"font-weight: 400;\">IV \u2013 per\u00edodo de utiliza\u00e7\u00e3o futura do bem (previs\u00e3o).<\/span><\/p>\t\t\t\t\t\t\t\t<\/div>\n\t\t\t\t<\/div>\n\t\t\t\t<div class=\"elementor-element elementor-element-7fcf25a elementor-widget elementor-widget-heading\" data-id=\"7fcf25a\" data-element_type=\"widget\" data-widget_type=\"heading.default\">\n\t\t\t\t<div class=\"elementor-widget-container\">\n\t\t\t\t\t<h2 class=\"elementor-heading-title elementor-size-large\">Metodologia de C\u00e1lculo<\/h2>\t\t\t\t<\/div>\n\t\t\t\t<\/div>\n\t\t\t\t<div class=\"elementor-element elementor-element-82142f0 elementor-widget elementor-widget-image\" data-id=\"82142f0\" data-element_type=\"widget\" data-widget_type=\"image.default\">\n\t\t\t\t<div class=\"elementor-widget-container\">\n\t\t\t\t\t\t\t\t\t\t\t\t<figure class=\"wp-caption\">\n\t\t\t\t\t\t\t\t\t\t\t<a href=\"https:\/\/drive.google.com\/file\/d\/1yow6GJ5r36bTRUradnTIbGDiWNXt7cKc\/view?usp=drive_link\" target=\"_blank\">\n\t\t\t\t\t\t\t<img loading=\"lazy\" decoding=\"async\" width=\"1024\" height=\"534\" src=\"https:\/\/redelog.rj.gov.br\/redebens\/wp-content\/uploads\/2022\/05\/Avaliacao-formula-5-1024x534.png\" class=\"attachment-large size-large wp-image-2582\" alt=\"\" srcset=\"https:\/\/redelog.rj.gov.br\/redebens\/wp-content\/uploads\/2022\/05\/Avaliacao-formula-5-1024x534.png 1024w, https:\/\/redelog.rj.gov.br\/redebens\/wp-content\/uploads\/2022\/05\/Avaliacao-formula-5-300x156.png 300w, https:\/\/redelog.rj.gov.br\/redebens\/wp-content\/uploads\/2022\/05\/Avaliacao-formula-5-768x401.png 768w, https:\/\/redelog.rj.gov.br\/redebens\/wp-content\/uploads\/2022\/05\/Avaliacao-formula-5-600x313.png 600w, https:\/\/redelog.rj.gov.br\/redebens\/wp-content\/uploads\/2022\/05\/Avaliacao-formula-5.png 1131w\" sizes=\"(max-width: 1024px) 100vw, 1024px\" \/>\t\t\t\t\t\t\t\t<\/a>\n\t\t\t\t\t\t\t\t\t\t\t<figcaption class=\"widget-image-caption wp-caption-text\">Fator de reavalia\u00e7\u00e3o (%) - representa quanto o bem no estado atual vale em rela\u00e7\u00e3o ao valor de mercado de um bem novo, em percentual. Clique na imagem para acessar a tabela de Vida \u00daitl e Valor Residual<\/figcaption>\n\t\t\t\t\t\t\t\t\t\t<\/figure>\n\t\t\t\t\t\t\t\t\t<\/div>\n\t\t\t\t<\/div>\n\t\t\t\t<div class=\"elementor-element elementor-element-39bedb4 elementor-widget elementor-widget-heading\" data-id=\"39bedb4\" data-element_type=\"widget\" data-widget_type=\"heading.default\">\n\t\t\t\t<div class=\"elementor-widget-container\">\n\t\t\t\t\t<h2 class=\"elementor-heading-title elementor-size-medium\">Fatores de influ\u00eancia para efeito de reavalia\u00e7\u00e3o<\/h2>\t\t\t\t<\/div>\n\t\t\t\t<\/div>\n\t\t\t\t<div class=\"elementor-element elementor-element-bff87ed elementor-widget elementor-widget-image\" data-id=\"bff87ed\" data-element_type=\"widget\" data-widget_type=\"image.default\">\n\t\t\t\t<div class=\"elementor-widget-container\">\n\t\t\t\t\t\t\t\t\t\t\t\t<figure class=\"wp-caption\">\n\t\t\t\t\t\t\t\t\t\t\t<a href=\"https:\/\/redelog.rj.gov.br\/redebens\/wp-content\/uploads\/2022\/06\/Screen-Shot-2022-06-22-at-17.11.10-1.png\" data-elementor-open-lightbox=\"yes\" data-elementor-lightbox-title=\"Tabela fatores influ\u00eancia reavalia\u00e7\u00e3o\" data-e-action-hash=\"#elementor-action%3Aaction%3Dlightbox%26settings%3DeyJpZCI6MzM0OCwidXJsIjoiaHR0cHM6XC9cL3JlZGVsb2cucmouZ292LmJyXC9yZWRlYmVuc1wvd3AtY29udGVudFwvdXBsb2Fkc1wvMjAyMlwvMDZcL1NjcmVlbi1TaG90LTIwMjItMDYtMjItYXQtMTcuMTEuMTAtMS5wbmcifQ%3D%3D\">\n\t\t\t\t\t\t\t<img loading=\"lazy\" decoding=\"async\" width=\"812\" height=\"485\" src=\"https:\/\/redelog.rj.gov.br\/redebens\/wp-content\/uploads\/2022\/06\/Screen-Shot-2022-06-22-at-17.11.10-1.png\" class=\"attachment-large size-large wp-image-3348\" alt=\"\" srcset=\"https:\/\/redelog.rj.gov.br\/redebens\/wp-content\/uploads\/2022\/06\/Screen-Shot-2022-06-22-at-17.11.10-1.png 812w, https:\/\/redelog.rj.gov.br\/redebens\/wp-content\/uploads\/2022\/06\/Screen-Shot-2022-06-22-at-17.11.10-1-300x179.png 300w, https:\/\/redelog.rj.gov.br\/redebens\/wp-content\/uploads\/2022\/06\/Screen-Shot-2022-06-22-at-17.11.10-1-768x459.png 768w, https:\/\/redelog.rj.gov.br\/redebens\/wp-content\/uploads\/2022\/06\/Screen-Shot-2022-06-22-at-17.11.10-1-600x358.png 600w\" sizes=\"(max-width: 812px) 100vw, 812px\" \/>\t\t\t\t\t\t\t\t<\/a>\n\t\t\t\t\t\t\t\t\t\t\t<figcaption class=\"widget-image-caption wp-caption-text\">Anexo III da Portaria CGE n\u00ba 179\/2014<\/figcaption>\n\t\t\t\t\t\t\t\t\t\t<\/figure>\n\t\t\t\t\t\t\t\t\t<\/div>\n\t\t\t\t<\/div>\n\t\t\t\t<div class=\"elementor-element elementor-element-5c581a7 elementor-widget elementor-widget-text-editor\" data-id=\"5c581a7\" data-element_type=\"widget\" data-widget_type=\"text-editor.default\">\n\t\t\t\t<div class=\"elementor-widget-container\">\n\t\t\t\t\t\t\t\t\t<p>Clicando<b> no \u00edcone abaixo, \u00e9 poss\u00edvel baixar uma planilha que pode ser utilizada para o c\u00e1lculo do novo valor do bem avaliado\/reavaliado.<\/b><span style=\"font-weight: 400;\">\u00a0<\/span><\/p><p><span style=\"font-weight: 400;\">A comiss\u00e3o de reavalia\u00e7\u00e3o precisar\u00e1 <strong>selecionar<\/strong> uma op\u00e7\u00e3o nas colunas <strong>D<\/strong>,<strong>F<\/strong> e <strong>H<\/strong> e <strong>preencher<\/strong> os campos das colunas <\/span><b>A, B, C, K, L e M<\/b>, a fim de obter o c\u00e1l<span style=\"font-weight: 400;\">culo do novo valor do bem.<\/span><\/p>\t\t\t\t\t\t\t\t<\/div>\n\t\t\t\t<\/div>\n\t\t\t\t<div class=\"elementor-element elementor-element-2e08032 elementor-widget elementor-widget-image\" data-id=\"2e08032\" data-element_type=\"widget\" data-widget_type=\"image.default\">\n\t\t\t\t<div class=\"elementor-widget-container\">\n\t\t\t\t\t\t\t\t\t\t\t\t<figure class=\"wp-caption\">\n\t\t\t\t\t\t\t\t\t\t\t<a href=\"https:\/\/redelog.rj.gov.br\/redebens\/wp-content\/uploads\/2023\/11\/calculo_fator_reavaliacao-modificada-em-24.11.23.xlsx\">\n\t\t\t\t\t\t\t<img loading=\"lazy\" decoding=\"async\" width=\"62\" height=\"62\" src=\"https:\/\/redelog.rj.gov.br\/redebens\/wp-content\/uploads\/2022\/05\/excelicon.png\" class=\"attachment-large size-large wp-image-976\" alt=\"\" \/>\t\t\t\t\t\t\t\t<\/a>\n\t\t\t\t\t\t\t\t\t\t\t<figcaption class=\"widget-image-caption wp-caption-text\"><strong>Planilha Avalia\u00e7\u00e3o\/ Reavalia\u00e7\u00e3o<\/figcaption>\n\t\t\t\t\t\t\t\t\t\t<\/figure>\n\t\t\t\t\t\t\t\t\t<\/div>\n\t\t\t\t<\/div>\n\t\t\t\t<div class=\"elementor-element elementor-element-1ec0598 elementor-widget elementor-widget-heading\" data-id=\"1ec0598\" data-element_type=\"widget\" data-widget_type=\"heading.default\">\n\t\t\t\t<div class=\"elementor-widget-container\">\n\t\t\t\t\t<h2 class=\"elementor-heading-title elementor-size-large\">Onde obter o valor de mercado<\/h2>\t\t\t\t<\/div>\n\t\t\t\t<\/div>\n\t\t\t\t<div class=\"elementor-element elementor-element-79bd9b9 elementor-widget elementor-widget-text-editor\" data-id=\"79bd9b9\" data-element_type=\"widget\" data-widget_type=\"text-editor.default\">\n\t\t\t\t<div class=\"elementor-widget-container\">\n\t\t\t\t\t\t\t\t\t<p><b style=\"color: var( --e-global-color-text ); letter-spacing: 0px;\">Fontes de Estimativa:<\/b><\/p><ul><li style=\"font-weight: 400;\" aria-level=\"1\"><span style=\"font-weight: 400;\">Valor para a compra de um bem com as mesmas caracter\u00edsticas e mesmo estado f\u00edsico do bem avaliado;<\/span><\/li><li style=\"font-weight: 400;\" aria-level=\"1\"><span style=\"font-weight: 400;\">Custo de constru\u00e7\u00e3o de um ativo semelhante com similar potencial de servi\u00e7o.<\/span><\/li><\/ul><p><b>Fontes de Informa\u00e7\u00e3o:<\/b><\/p><ul><li style=\"font-weight: 400;\" aria-level=\"1\"><span style=\"font-weight: 400;\">Tabela FIPE, no caso de ve\u00edculos.<\/span><\/li><\/ul><p><b>OBS<\/b><b>:<\/b><span style=\"font-weight: 400;\"> Quanto aos bens fora de linha, ou que n\u00e3o possuam Mercado ativo, o pre\u00e7o de refer\u00eancia dever\u00e1 ter como par\u00e2metro o valor de Mercado de bens similares.<\/span><\/p><p><b><span style=\"text-decoration: underline;\">4\u00aa Etapa<\/span>:<\/b><\/p><p><b>Elabora\u00e7\u00e3o do Relat\u00f3rio de Reavalia\u00e7\u00e3o<\/b><\/p><p><span style=\"font-weight: 400;\">Deve conter, <span style=\"text-decoration: underline;\">ao menos<\/span>, as seguintes informa\u00e7\u00f5es:<\/span><\/p><ul><li style=\"font-weight: 400;\" aria-level=\"1\"><span style=\"font-weight: 400;\">documenta\u00e7\u00e3o com a <strong>descri\u00e7\u00e3o<\/strong> <strong>detalhada referente<\/strong> a cada bem que esteja sendo avaliado;<\/span><\/li><li style=\"font-weight: 400;\" aria-level=\"1\"><span style=\"font-weight: 400;\">a i<strong>dentifica\u00e7\u00e3o cont\u00e1bil do bem<\/strong> (conta, custo hist\u00f3rico, corre\u00e7\u00e3o monet\u00e1ria, se for o caso, avalia\u00e7\u00f5es anteriores, deprecia\u00e7\u00f5es);<\/span><\/li><li style=\"font-weight: 400;\" aria-level=\"1\"><span style=\"font-weight: 400;\"><strong>crit\u00e9rios utilizados para avalia\u00e7\u00e3o<\/strong> do bem e sua respectiva fundamenta\u00e7\u00e3o t\u00e9cnica;<\/span><\/li><li style=\"font-weight: 400;\" aria-level=\"1\"><span style=\"font-weight: 400;\"><strong>vida \u00fatil remanescente<\/strong> do bem, para que sejam estabelecidos os crit\u00e9rios de deprecia\u00e7\u00e3o;<\/span><\/li><li style=\"font-weight: 400;\" aria-level=\"1\"><span style=\"font-weight: 400;\"><strong>data\/per\u00edodo da avalia\u00e7\u00e3o<\/strong>;<\/span><\/li><li style=\"font-weight: 400;\" aria-level=\"1\"><span style=\"font-weight: 400;\">a <strong>identifica\u00e7\u00e3o do respons\u00e1vel<\/strong> pela reavalia\u00e7\u00e3o.<\/span><\/li><\/ul><p><b>ATEN\u00c7\u00c3O!!!<\/b><\/p><p><span style=\"font-weight: 400;\">Os <\/span><b>bens m\u00f3veis encontrados por ocasi\u00e3o do invent\u00e1rio <\/b><span style=\"font-weight: 400;\">(bens n\u00e3o particulares, sem registro ou refer\u00eancia anterior, a serem incorporados por verifica\u00e7\u00e3o f\u00edsica) ou aqueles <\/span><b>recebidos por doa\u00e7\u00e3o<\/b><span style=\"font-weight: 400;\">, ou outras formas de direito, devem ser <\/span><b>avaliados utilizando o mesmo procedimento descrito acima<\/b><span style=\"font-weight: 400;\">.<\/span><\/p><p><span style=\"font-weight: 400;\">Orienta\u00e7\u00f5es adicionais para os procedimentos de avalia\u00e7\u00e3o inicial podem ser encontradas no\u00a0<\/span><strong><a href=\"https:\/\/drive.google.com\/file\/d\/1_EEZghkvxSeO49C_CJuO7-_rrRiyfXFS\/view?usp=drive_link\" target=\"_blank\" rel=\"noopener\">Manual\u00a0<\/a><a href=\"https:\/\/drive.google.com\/file\/d\/1_EEZghkvxSeO49C_CJuO7-_rrRiyfXFS\/view?usp=drive_link\" target=\"_blank\" rel=\"noopener\">Anual do Tratamento Inicial dos Bens Patrimoniais M\u00f3veis<\/a><\/strong><span style=\"font-weight: 400;\">, elaborado pela Superintend\u00eancia de Normas T\u00e9cnicas\/CGE\/SEFAZ em 2015.\u00a0<\/span><\/p><p><span style=\"font-weight: 400;\">A consulta ao Manual tamb\u00e9m pode ser feita diretamente no site da\u00a0<\/span><strong><a href=\"https:\/\/portal.fazenda.rj.gov.br\/contabilidade\/\" target=\"_blank\" rel=\"noopener\">Contabilidade Geral RJ<\/a><\/strong>.<\/p>\t\t\t\t\t\t\t\t<\/div>\n\t\t\t\t<\/div>\n\t\t\t\t<div class=\"elementor-element elementor-element-f5f620a elementor-widget-divider--view-line elementor-widget elementor-widget-divider\" data-id=\"f5f620a\" data-element_type=\"widget\" data-widget_type=\"divider.default\">\n\t\t\t\t<div class=\"elementor-widget-container\">\n\t\t\t\t\t\t\t<div class=\"elementor-divider\">\n\t\t\t<span class=\"elementor-divider-separator\">\n\t\t\t\t\t\t<\/span>\n\t\t<\/div>\n\t\t\t\t\t\t<\/div>\n\t\t\t\t<\/div>\n\t\t\t\t<div class=\"elementor-element elementor-element-024ad0e elementor-widget elementor-widget-heading\" data-id=\"024ad0e\" data-element_type=\"widget\" data-widget_type=\"heading.default\">\n\t\t\t\t<div class=\"elementor-widget-container\">\n\t\t\t\t\t<h2 class=\"elementor-heading-title elementor-size-default\">PERGUNTAS FREQUENTES<\/h2>\t\t\t\t<\/div>\n\t\t\t\t<\/div>\n\t\t\t\t<div class=\"elementor-element elementor-element-c2985e6 elementor-widget elementor-widget-toggle\" data-id=\"c2985e6\" data-element_type=\"widget\" data-widget_type=\"toggle.default\">\n\t\t\t\t<div class=\"elementor-widget-container\">\n\t\t\t\t\t\t\t<div class=\"elementor-toggle\">\n\t\t\t\t\t\t\t<div class=\"elementor-toggle-item\">\n\t\t\t\t\t<div id=\"elementor-tab-title-2041\" class=\"elementor-tab-title\" data-tab=\"1\" role=\"button\" aria-controls=\"elementor-tab-content-2041\" aria-expanded=\"false\">\n\t\t\t\t\t\t\t\t\t\t\t\t<span class=\"elementor-toggle-icon elementor-toggle-icon-left\" aria-hidden=\"true\">\n\t\t\t\t\t\t\t\t\t\t\t\t\t\t\t<span class=\"elementor-toggle-icon-closed\"><i class=\"fas fa-caret-right\"><\/i><\/span>\n\t\t\t\t\t\t\t\t<span class=\"elementor-toggle-icon-opened\"><i class=\"elementor-toggle-icon-opened fas fa-caret-up\"><\/i><\/span>\n\t\t\t\t\t\t\t\t\t\t\t\t\t<\/span>\n\t\t\t\t\t\t\t\t\t\t\t\t<a class=\"elementor-toggle-title\" tabindex=\"0\">1- Como deve ser formada a Comiss\u00e3o para avalia\u00e7\u00e3o inicial?<\/a>\n\t\t\t\t\t<\/div>\n\n\t\t\t\t\t<div id=\"elementor-tab-content-2041\" class=\"elementor-tab-content elementor-clearfix\" data-tab=\"1\" role=\"region\" aria-labelledby=\"elementor-tab-title-2041\"><p style=\"text-align: justify;\"><span style=\"font-weight: 400;\">A Comiss\u00e3o dever\u00e1 ser constitu\u00edda em conformidade com o Par\u00e1grafo \u00danico do artigo 5\u00ba da Portaria 179\/2014, tendo no m\u00ednimo tr\u00eas servidores, com pelo menos um ocupante de cargo de provimento efetivo. N\u00e3o h\u00e1 obrigatoriedade de compor com servidores de n\u00edvel superior, recomenda-se apenas que os membros ou pelo menos um dos membros tenha conhecimento na \u00e1rea patrimonial.<\/span><\/p><\/div>\n\t\t\t\t<\/div>\n\t\t\t\t\t\t\t<div class=\"elementor-toggle-item\">\n\t\t\t\t\t<div id=\"elementor-tab-title-2042\" class=\"elementor-tab-title\" data-tab=\"2\" role=\"button\" aria-controls=\"elementor-tab-content-2042\" aria-expanded=\"false\">\n\t\t\t\t\t\t\t\t\t\t\t\t<span class=\"elementor-toggle-icon elementor-toggle-icon-left\" aria-hidden=\"true\">\n\t\t\t\t\t\t\t\t\t\t\t\t\t\t\t<span class=\"elementor-toggle-icon-closed\"><i class=\"fas fa-caret-right\"><\/i><\/span>\n\t\t\t\t\t\t\t\t<span class=\"elementor-toggle-icon-opened\"><i class=\"elementor-toggle-icon-opened fas fa-caret-up\"><\/i><\/span>\n\t\t\t\t\t\t\t\t\t\t\t\t\t<\/span>\n\t\t\t\t\t\t\t\t\t\t\t\t<a class=\"elementor-toggle-title\" tabindex=\"0\">2- Pode ser utilizada a atualiza\u00e7\u00e3o monet\u00e1ria como crit\u00e9rio para realiza\u00e7\u00e3o do ajuste inicial?<\/a>\n\t\t\t\t\t<\/div>\n\n\t\t\t\t\t<div id=\"elementor-tab-content-2042\" class=\"elementor-tab-content elementor-clearfix\" data-tab=\"2\" role=\"region\" aria-labelledby=\"elementor-tab-title-2042\"><p style=\"text-align: justify;\"><span style=\"font-weight: 400;\">Ajustes por \u00edndices oficiais encontram-se em desacordo com as pr\u00e1ticas cont\u00e1beis vigentes, pois n\u00e3o \u00e9 permitido realizar atualiza\u00e7\u00e3o monet\u00e1ria dos elementos patrimoniais desde 2010, com a revoga\u00e7\u00e3o da Resolu\u00e7\u00e3o CFC n\u00ba 900\/2001, que tratava sobre o assunto.<\/span><\/p><\/div>\n\t\t\t\t<\/div>\n\t\t\t\t\t\t\t<div class=\"elementor-toggle-item\">\n\t\t\t\t\t<div id=\"elementor-tab-title-2043\" class=\"elementor-tab-title\" data-tab=\"3\" role=\"button\" aria-controls=\"elementor-tab-content-2043\" aria-expanded=\"false\">\n\t\t\t\t\t\t\t\t\t\t\t\t<span class=\"elementor-toggle-icon elementor-toggle-icon-left\" aria-hidden=\"true\">\n\t\t\t\t\t\t\t\t\t\t\t\t\t\t\t<span class=\"elementor-toggle-icon-closed\"><i class=\"fas fa-caret-right\"><\/i><\/span>\n\t\t\t\t\t\t\t\t<span class=\"elementor-toggle-icon-opened\"><i class=\"elementor-toggle-icon-opened fas fa-caret-up\"><\/i><\/span>\n\t\t\t\t\t\t\t\t\t\t\t\t\t<\/span>\n\t\t\t\t\t\t\t\t\t\t\t\t<a class=\"elementor-toggle-title\" tabindex=\"0\">3- Como proceder com os bens que n\u00e3o s\u00e3o encontrados em um mercado ativo?<\/a>\n\t\t\t\t\t<\/div>\n\n\t\t\t\t\t<div id=\"elementor-tab-content-2043\" class=\"elementor-tab-content elementor-clearfix\" data-tab=\"3\" role=\"region\" aria-labelledby=\"elementor-tab-title-2043\"><p style=\"text-align: justify;\"><span style=\"font-weight: 400;\">O MCASP assim determina: \u201cCaso seja imposs\u00edvel estabelecer o valor de mercado do ativo, pode-se defini-lo com base em par\u00e2metros de refer\u00eancia que considerem bens com caracter\u00edsticas, circunst\u00e2ncia e localiza\u00e7\u00f5es assemelhadas.\u201d<\/span><\/p><p style=\"text-align: justify;\"><span style=\"font-weight: 400;\">Se a Comiss\u00e3o avaliar que h\u00e1 uma discrep\u00e2ncia de valores com base no bem semelhante, recomenda-se que haja verifica\u00e7\u00e3o de valor em uma loja especializada em bens antigos.<\/span><\/p><\/div>\n\t\t\t\t<\/div>\n\t\t\t\t\t\t\t<div class=\"elementor-toggle-item\">\n\t\t\t\t\t<div id=\"elementor-tab-title-2044\" class=\"elementor-tab-title\" data-tab=\"4\" role=\"button\" aria-controls=\"elementor-tab-content-2044\" aria-expanded=\"false\">\n\t\t\t\t\t\t\t\t\t\t\t\t<span class=\"elementor-toggle-icon elementor-toggle-icon-left\" aria-hidden=\"true\">\n\t\t\t\t\t\t\t\t\t\t\t\t\t\t\t<span class=\"elementor-toggle-icon-closed\"><i class=\"fas fa-caret-right\"><\/i><\/span>\n\t\t\t\t\t\t\t\t<span class=\"elementor-toggle-icon-opened\"><i class=\"elementor-toggle-icon-opened fas fa-caret-up\"><\/i><\/span>\n\t\t\t\t\t\t\t\t\t\t\t\t\t<\/span>\n\t\t\t\t\t\t\t\t\t\t\t\t<a class=\"elementor-toggle-title\" tabindex=\"0\">4- Em qual momento deve ser realizada a deprecia\u00e7\u00e3o dos bens que sofreram ajuste inicial?<\/a>\n\t\t\t\t\t<\/div>\n\n\t\t\t\t\t<div id=\"elementor-tab-content-2044\" class=\"elementor-tab-content elementor-clearfix\" data-tab=\"4\" role=\"region\" aria-labelledby=\"elementor-tab-title-2044\"><p style=\"text-align: justify;\"><span style=\"font-weight: 400;\">Ap\u00f3s o Ajuste Inicial, a Comiss\u00e3o de Invent\u00e1rio e Avalia\u00e7\u00e3o ir\u00e1 preencher o Anexo IV da Portaria n\u00ba 179\/2014, e encaminhar\u00e1 a informa\u00e7\u00e3o para que o ajuste patrimonial e o ajuste cont\u00e1bil sejam realizados. Ap\u00f3s a realiza\u00e7\u00e3o destes ajustes a deprecia\u00e7\u00e3o poder\u00e1 ser iniciada, com in\u00edcio a partir da data do Laudo de Avalia\u00e7\u00e3o.<\/span><\/p><\/div>\n\t\t\t\t<\/div>\n\t\t\t\t\t\t\t<div class=\"elementor-toggle-item\">\n\t\t\t\t\t<div id=\"elementor-tab-title-2045\" class=\"elementor-tab-title\" data-tab=\"5\" role=\"button\" aria-controls=\"elementor-tab-content-2045\" aria-expanded=\"false\">\n\t\t\t\t\t\t\t\t\t\t\t\t<span class=\"elementor-toggle-icon elementor-toggle-icon-left\" aria-hidden=\"true\">\n\t\t\t\t\t\t\t\t\t\t\t\t\t\t\t<span class=\"elementor-toggle-icon-closed\"><i class=\"fas fa-caret-right\"><\/i><\/span>\n\t\t\t\t\t\t\t\t<span class=\"elementor-toggle-icon-opened\"><i class=\"elementor-toggle-icon-opened fas fa-caret-up\"><\/i><\/span>\n\t\t\t\t\t\t\t\t\t\t\t\t\t<\/span>\n\t\t\t\t\t\t\t\t\t\t\t\t<a class=\"elementor-toggle-title\" tabindex=\"0\">5- O que fazer com os bens adquiridos antes de 1\u00ba de janeiro de 2014 e com os bens que constam em nosso controle com o valor de R$ 0,01?<\/a>\n\t\t\t\t\t<\/div>\n\n\t\t\t\t\t<div id=\"elementor-tab-content-2045\" class=\"elementor-tab-content elementor-clearfix\" data-tab=\"5\" role=\"region\" aria-labelledby=\"elementor-tab-title-2045\"><p style=\"text-align: justify;\"><span style=\"font-weight: 400;\">Os bens adquiridos antes de 1\u00ba de janeiro de 2014 dever\u00e3o sofrer Ajuste Inicial, em conformidade com o artigo 4\u00ba da Portaria CGE n\u00ba 179\/2014. E at\u00e9 que seja feito o Ajuste Inicial pela Comiss\u00e3o, os bens que estiverem a R$ 0,01 dever\u00e3o permanecer com este valor. Somente com base no laudo de avalia\u00e7\u00e3o preparado pela Comiss\u00e3o poder\u00e1 haver o ajuste destes valores.<\/span><\/p><\/div>\n\t\t\t\t<\/div>\n\t\t\t\t\t\t\t<div class=\"elementor-toggle-item\">\n\t\t\t\t\t<div id=\"elementor-tab-title-2046\" class=\"elementor-tab-title\" data-tab=\"6\" role=\"button\" aria-controls=\"elementor-tab-content-2046\" aria-expanded=\"false\">\n\t\t\t\t\t\t\t\t\t\t\t\t<span class=\"elementor-toggle-icon elementor-toggle-icon-left\" aria-hidden=\"true\">\n\t\t\t\t\t\t\t\t\t\t\t\t\t\t\t<span class=\"elementor-toggle-icon-closed\"><i class=\"fas fa-caret-right\"><\/i><\/span>\n\t\t\t\t\t\t\t\t<span class=\"elementor-toggle-icon-opened\"><i class=\"elementor-toggle-icon-opened fas fa-caret-up\"><\/i><\/span>\n\t\t\t\t\t\t\t\t\t\t\t\t\t<\/span>\n\t\t\t\t\t\t\t\t\t\t\t\t<a class=\"elementor-toggle-title\" tabindex=\"0\">6- Como devo pontuar com base no fator de influ\u00eancia os bens muito antigos cuja vida \u00fatil utilizada exceda 10 anos e, consequentemente a utiliza\u00e7\u00e3o futura \u00e9 inexistente?<\/a>\n\t\t\t\t\t<\/div>\n\n\t\t\t\t\t<div id=\"elementor-tab-content-2046\" class=\"elementor-tab-content elementor-clearfix\" data-tab=\"6\" role=\"region\" aria-labelledby=\"elementor-tab-title-2046\"><p style=\"text-align: justify;\"><span style=\"font-weight: 400;\">O fator de influ\u00eancia foi sugerido na Portaria CGE 179\/2014 e Manual para auxiliar as Comiss\u00f5es que t\u00eam autonomia para buscar outras formas de avalia\u00e7\u00e3o, n\u00e3o sendo obrigat\u00f3ria a sua utiliza\u00e7\u00e3o.<\/span><\/p><p style=\"text-align: justify;\"><span style=\"font-weight: 400;\">Para os bens que excederem os 10 anos dever\u00e3o utilizar a pontua\u00e7\u00e3o limite do fator de influ\u00eancia. Se a Comiss\u00e3o concluir que o valor est\u00e1 muito distante do valor justo, recomenda-se que fa\u00e7a uma pesquisa em lojas especializadas de m\u00f3veis antigos.<\/span><\/p><p style=\"text-align: justify;\"><span style=\"font-weight: 400;\">Cabe a Comiss\u00e3o com base no estado de conserva\u00e7\u00e3o do bem e outros fatores que sejam relevantes, prever uma vida futura para o bem.<\/span><\/p><\/div>\n\t\t\t\t<\/div>\n\t\t\t\t\t\t\t<div class=\"elementor-toggle-item\">\n\t\t\t\t\t<div id=\"elementor-tab-title-2047\" class=\"elementor-tab-title\" data-tab=\"7\" role=\"button\" aria-controls=\"elementor-tab-content-2047\" aria-expanded=\"false\">\n\t\t\t\t\t\t\t\t\t\t\t\t<span class=\"elementor-toggle-icon elementor-toggle-icon-left\" aria-hidden=\"true\">\n\t\t\t\t\t\t\t\t\t\t\t\t\t\t\t<span class=\"elementor-toggle-icon-closed\"><i class=\"fas fa-caret-right\"><\/i><\/span>\n\t\t\t\t\t\t\t\t<span class=\"elementor-toggle-icon-opened\"><i class=\"elementor-toggle-icon-opened fas fa-caret-up\"><\/i><\/span>\n\t\t\t\t\t\t\t\t\t\t\t\t\t<\/span>\n\t\t\t\t\t\t\t\t\t\t\t\t<a class=\"elementor-toggle-title\" tabindex=\"0\">7- Na legisla\u00e7\u00e3o estadual h\u00e1 um valor m\u00ednimo que permita o n\u00e3o reconhecimento de deprecia\u00e7\u00e3o e amortiza\u00e7\u00e3o dos ativos imobilizado e intang\u00edvel?<\/a>\n\t\t\t\t\t<\/div>\n\n\t\t\t\t\t<div id=\"elementor-tab-content-2047\" class=\"elementor-tab-content elementor-clearfix\" data-tab=\"7\" role=\"region\" aria-labelledby=\"elementor-tab-title-2047\"><p style=\"text-align: justify;\"><span style=\"font-weight: 400;\">N\u00e3o. Todos os bens, independente do valor unit\u00e1rio, devem ser depreciados e amortizados<\/span><b><\/b><span style=\"font-weight: 400;\">.<\/span><\/p><\/div>\n\t\t\t\t<\/div>\n\t\t\t\t\t\t\t<div class=\"elementor-toggle-item\">\n\t\t\t\t\t<div id=\"elementor-tab-title-2048\" class=\"elementor-tab-title\" data-tab=\"8\" role=\"button\" aria-controls=\"elementor-tab-content-2048\" aria-expanded=\"false\">\n\t\t\t\t\t\t\t\t\t\t\t\t<span class=\"elementor-toggle-icon elementor-toggle-icon-left\" aria-hidden=\"true\">\n\t\t\t\t\t\t\t\t\t\t\t\t\t\t\t<span class=\"elementor-toggle-icon-closed\"><i class=\"fas fa-caret-right\"><\/i><\/span>\n\t\t\t\t\t\t\t\t<span class=\"elementor-toggle-icon-opened\"><i class=\"elementor-toggle-icon-opened fas fa-caret-up\"><\/i><\/span>\n\t\t\t\t\t\t\t\t\t\t\t\t\t<\/span>\n\t\t\t\t\t\t\t\t\t\t\t\t<a class=\"elementor-toggle-title\" tabindex=\"0\">8 - Pode-se constituir uma \u00fanica Comiss\u00e3o com as 3 finalidades previstas para a gest\u00e3o de bens (Invent\u00e1rio, Avalia\u00e7\u00e3o,Vistoria e Baixa)?<\/a>\n\t\t\t\t\t<\/div>\n\n\t\t\t\t\t<div id=\"elementor-tab-content-2048\" class=\"elementor-tab-content elementor-clearfix\" data-tab=\"8\" role=\"region\" aria-labelledby=\"elementor-tab-title-2048\"><p><b>Sim<\/b><span style=\"font-weight: 400;\">, desde que as finalidades estejam <\/span><b>estabelecidas e definidas <\/b><span style=\"font-weight: 400;\">no <\/span><b>Ato de nomea\u00e7\u00e3o<\/b><span style=\"font-weight: 400;\"> da Comiss\u00e3o, a qual <\/span><b>pode ser<\/b><span style=\"font-weight: 400;\"> de <\/span><b>car\u00e1ter permanente ou tempor\u00e1rio<\/b><span style=\"font-weight: 400;\">.<\/span><\/p><p><span style=\"font-weight: 400;\">A <\/span><b>compet\u00eancia <\/b><span style=\"font-weight: 400;\">das comiss\u00f5es estar\u00e1 sempre <\/span><b>atrelada \u00e0 finalidade<\/b><span style=\"font-weight: 400;\"> definida no <\/span><b>ato de nomea\u00e7\u00e3o<\/b><span style=\"font-weight: 400;\">.<\/span><\/p><\/div>\n\t\t\t\t<\/div>\n\t\t\t\t\t\t\t<div class=\"elementor-toggle-item\">\n\t\t\t\t\t<div id=\"elementor-tab-title-2049\" class=\"elementor-tab-title\" data-tab=\"9\" role=\"button\" aria-controls=\"elementor-tab-content-2049\" aria-expanded=\"false\">\n\t\t\t\t\t\t\t\t\t\t\t\t<span class=\"elementor-toggle-icon elementor-toggle-icon-left\" aria-hidden=\"true\">\n\t\t\t\t\t\t\t\t\t\t\t\t\t\t\t<span class=\"elementor-toggle-icon-closed\"><i class=\"fas fa-caret-right\"><\/i><\/span>\n\t\t\t\t\t\t\t\t<span class=\"elementor-toggle-icon-opened\"><i class=\"elementor-toggle-icon-opened fas fa-caret-up\"><\/i><\/span>\n\t\t\t\t\t\t\t\t\t\t\t\t\t<\/span>\n\t\t\t\t\t\t\t\t\t\t\t\t<a class=\"elementor-toggle-title\" tabindex=\"0\">9- O servidor escolhido para integrar uma das Comiss\u00f5es, pode se negar a participar desta?<\/a>\n\t\t\t\t\t<\/div>\n\n\t\t\t\t\t<div id=\"elementor-tab-content-2049\" class=\"elementor-tab-content elementor-clearfix\" data-tab=\"9\" role=\"region\" aria-labelledby=\"elementor-tab-title-2049\"><p><span style=\"font-weight: 400;\">Servidores efetivos, ou n\u00e3o, est\u00e3o sujeitos a convoca\u00e7\u00f5es administrativas para presta\u00e7\u00e3o de servi\u00e7o p\u00fablico relevante e n\u00e3o remunerado.\u00a0<\/span><\/p><p><span style=\"font-weight: 400;\">\u00c9 recomend\u00e1vel entrar em contato pr\u00e9vio com o servidor para avisar da publica\u00e7\u00e3o de sua nomea\u00e7\u00e3o como integrante da Comiss\u00e3o.\u00a0<\/span><\/p><p><span style=\"font-weight: 400;\">Caso o servidor se negue a participar, declarando justificativas consideradas relevantes para a autoridade que o indicou e havendo outras op\u00e7\u00f5es dispon\u00edveis para nomea\u00e7\u00e3o, o \u00f3rg\u00e3o\/entidade <\/span><b>pode optar<\/b><span style=\"font-weight: 400;\"> por indicar outro nome.\u00a0<\/span><\/p><p><span style=\"font-weight: 400;\">Mas em termos formais da legalidade, o servidor s\u00f3 pode expressar a\u00a0negativa de sua participa\u00e7\u00e3o <\/span><b>se<\/b><span style=\"font-weight: 400;\"> alegar <\/span><b>motivos<\/b><span style=\"font-weight: 400;\"> que o enquadrem em<\/span><b> impedimento<\/b><span style=\"font-weight: 400;\"> para participar de processo<\/span> <span style=\"font-weight: 400;\">administrativo<\/span><b> conforme Lei estadual de Processo Administrativo<\/b><span style=\"font-weight: 400;\"> (Art. 17 da Lei n\u00ba 5.427\/2009).<\/span><\/p><\/div>\n\t\t\t\t<\/div>\n\t\t\t\t\t\t\t<div class=\"elementor-toggle-item\">\n\t\t\t\t\t<div id=\"elementor-tab-title-20410\" class=\"elementor-tab-title\" data-tab=\"10\" role=\"button\" aria-controls=\"elementor-tab-content-20410\" aria-expanded=\"false\">\n\t\t\t\t\t\t\t\t\t\t\t\t<span class=\"elementor-toggle-icon elementor-toggle-icon-left\" aria-hidden=\"true\">\n\t\t\t\t\t\t\t\t\t\t\t\t\t\t\t<span class=\"elementor-toggle-icon-closed\"><i class=\"fas fa-caret-right\"><\/i><\/span>\n\t\t\t\t\t\t\t\t<span class=\"elementor-toggle-icon-opened\"><i class=\"elementor-toggle-icon-opened fas fa-caret-up\"><\/i><\/span>\n\t\t\t\t\t\t\t\t\t\t\t\t\t<\/span>\n\t\t\t\t\t\t\t\t\t\t\t\t<a class=\"elementor-toggle-title\" tabindex=\"0\">10- O gestor de bens m\u00f3veis deve participar das Comiss\u00f5es?<\/a>\n\t\t\t\t\t<\/div>\n\n\t\t\t\t\t<div id=\"elementor-tab-content-20410\" class=\"elementor-tab-content elementor-clearfix\" data-tab=\"10\" role=\"region\" aria-labelledby=\"elementor-tab-title-20410\"><p><span style=\"font-weight: 400;\">N\u00e3o h\u00e1 essa obrigatoriedade, sendo recomend\u00e1vel que o gestor n\u00e3o participe, se poss\u00edvel for, especialmente da Comiss\u00e3o de Invent\u00e1rio. Dessa forma, proporcionar\u00e1 maior segrega\u00e7\u00e3o de fun\u00e7\u00f5es e possibilidade de participa\u00e7\u00e3o de servidores externos \u00e0 \u00e1rea de patrim\u00f4nio, evitando sobrecarga de trabalho para os mesmos servidores.<\/span><\/p><\/div>\n\t\t\t\t<\/div>\n\t\t\t\t\t\t\t\t<\/div>\n\t\t\t\t\t\t<\/div>\n\t\t\t\t<\/div>\n\t\t\t\t<div class=\"elementor-element elementor-element-9590e1d elementor-widget-divider--view-line elementor-widget elementor-widget-divider\" data-id=\"9590e1d\" data-element_type=\"widget\" data-widget_type=\"divider.default\">\n\t\t\t\t<div class=\"elementor-widget-container\">\n\t\t\t\t\t\t\t<div class=\"elementor-divider\">\n\t\t\t<span class=\"elementor-divider-separator\">\n\t\t\t\t\t\t<\/span>\n\t\t<\/div>\n\t\t\t\t\t\t<\/div>\n\t\t\t\t<\/div>\n\t\t\t\t\t<\/div>\n\t\t<\/div>\n\t\t\t\t\t<\/div>\n\t\t<\/section>\n\t\t\t\t<section class=\"elementor-section elementor-top-section elementor-element elementor-element-0089ba1 elementor-section-boxed elementor-section-height-default elementor-section-height-default\" data-id=\"0089ba1\" data-element_type=\"section\">\n\t\t\t\t\t\t<div class=\"elementor-container elementor-column-gap-default\">\n\t\t\t\t\t<div class=\"elementor-column elementor-col-100 elementor-top-column elementor-element elementor-element-b961f7e\" data-id=\"b961f7e\" data-element_type=\"column\">\n\t\t\t<div class=\"elementor-widget-wrap elementor-element-populated\">\n\t\t\t\t\t\t<section class=\"elementor-section elementor-inner-section elementor-element elementor-element-2f99472 elementor-section-boxed elementor-section-height-default elementor-section-height-default\" data-id=\"2f99472\" data-element_type=\"section\">\n\t\t\t\t\t\t<div class=\"elementor-container elementor-column-gap-default\">\n\t\t\t\t\t<div class=\"elementor-column elementor-col-50 elementor-inner-column elementor-element elementor-element-9f54d41\" data-id=\"9f54d41\" data-element_type=\"column\">\n\t\t\t<div class=\"elementor-widget-wrap elementor-element-populated\">\n\t\t\t\t\t\t<div class=\"elementor-element elementor-element-4a7777f elementor-widget elementor-widget-text-editor\" data-id=\"4a7777f\" data-element_type=\"widget\" data-widget_type=\"text-editor.default\">\n\t\t\t\t<div class=\"elementor-widget-container\">\n\t\t\t\t\t\t\t\t\t<p style=\"text-align: left;\"><a href=\"http:\/\/redelog.rj.gov.br\/redebens\/depreciacao\/\">\u2190 DEPRECIA\u00c7\u00c3O<\/a><\/p>\t\t\t\t\t\t\t\t<\/div>\n\t\t\t\t<\/div>\n\t\t\t\t\t<\/div>\n\t\t<\/div>\n\t\t\t\t<div class=\"elementor-column elementor-col-50 elementor-inner-column elementor-element elementor-element-26b7ede\" data-id=\"26b7ede\" data-element_type=\"column\">\n\t\t\t<div class=\"elementor-widget-wrap elementor-element-populated\">\n\t\t\t\t\t\t<div class=\"elementor-element elementor-element-ff7e172 elementor-widget elementor-widget-text-editor\" data-id=\"ff7e172\" data-element_type=\"widget\" data-widget_type=\"text-editor.default\">\n\t\t\t\t<div class=\"elementor-widget-container\">\n\t\t\t\t\t\t\t\t\t<p style=\"text-align: right;\"><a href=\"https:\/\/redelog.rj.gov.br\/redebens\/baixa-patrimonial\/\">BAIXA PATRIMONIAL \u2192<\/a><\/p>\t\t\t\t\t\t\t\t<\/div>\n\t\t\t\t<\/div>\n\t\t\t\t\t<\/div>\n\t\t<\/div>\n\t\t\t\t\t<\/div>\n\t\t<\/section>\n\t\t\t\t\t<\/div>\n\t\t<\/div>\n\t\t\t\t\t<\/div>\n\t\t<\/section>\n\t\t\t\t<\/div>\n\t\t","protected":false},"excerpt":{"rendered":"<p>A Avalia\u00e7\u00e3o consiste na atribui\u00e7\u00e3o de um valor monet\u00e1rio a itens do ativo cuja obten\u00e7\u00e3o traduza, com razoabilidade, o processo de evidencia\u00e7\u00e3o dos atos e fatos da administra\u00e7\u00e3o. E a reavalia\u00e7\u00e3o \u00e9 a redefini\u00e7\u00e3o do valor do ativo imobilizado utilizando o valor de mercado e par\u00e2metros de refer\u00eancia, que considerem caracter\u00edsticas, circunst\u00e2ncias e localiza\u00e7\u00f5es assemelhadas. [&hellip;]<\/p>\n","protected":false},"author":6,"featured_media":0,"comment_status":"closed","ping_status":"open","sticky":false,"template":"","format":"standard","meta":{"footnotes":""},"categories":[8],"tags":[],"class_list":["post-7071","post","type-post","status-publish","format-standard","hentry","category-base-conhecimento"],"publishpress_future_action":{"enabled":false,"date":"2026-05-09 09:40:20","action":"change-status","newStatus":"draft","terms":[],"taxonomy":"category","extraData":[]},"publishpress_future_workflow_manual_trigger":{"enabledWorkflows":[]},"_links":{"self":[{"href":"https:\/\/redelog.rj.gov.br\/redebens\/wp-json\/wp\/v2\/posts\/7071","targetHints":{"allow":["GET"]}}],"collection":[{"href":"https:\/\/redelog.rj.gov.br\/redebens\/wp-json\/wp\/v2\/posts"}],"about":[{"href":"https:\/\/redelog.rj.gov.br\/redebens\/wp-json\/wp\/v2\/types\/post"}],"author":[{"embeddable":true,"href":"https:\/\/redelog.rj.gov.br\/redebens\/wp-json\/wp\/v2\/users\/6"}],"replies":[{"embeddable":true,"href":"https:\/\/redelog.rj.gov.br\/redebens\/wp-json\/wp\/v2\/comments?post=7071"}],"version-history":[{"count":52,"href":"https:\/\/redelog.rj.gov.br\/redebens\/wp-json\/wp\/v2\/posts\/7071\/revisions"}],"predecessor-version":[{"id":8447,"href":"https:\/\/redelog.rj.gov.br\/redebens\/wp-json\/wp\/v2\/posts\/7071\/revisions\/8447"}],"wp:attachment":[{"href":"https:\/\/redelog.rj.gov.br\/redebens\/wp-json\/wp\/v2\/media?parent=7071"}],"wp:term":[{"taxonomy":"category","embeddable":true,"href":"https:\/\/redelog.rj.gov.br\/redebens\/wp-json\/wp\/v2\/categories?post=7071"},{"taxonomy":"post_tag","embeddable":true,"href":"https:\/\/redelog.rj.gov.br\/redebens\/wp-json\/wp\/v2\/tags?post=7071"}],"curies":[{"name":"wp","href":"https:\/\/api.w.org\/{rel}","templated":true}]}}