{"id":7069,"date":"2024-09-19T11:00:11","date_gmt":"2024-09-19T14:00:11","guid":{"rendered":"https:\/\/redelog.rj.gov.br\/redebens\/?p=7069"},"modified":"2024-09-24T16:07:56","modified_gmt":"2024-09-24T19:07:56","slug":"inventario-2","status":"publish","type":"post","link":"https:\/\/redelog.rj.gov.br\/redebens\/inventario-2\/","title":{"rendered":"INVENT\u00c1RIO"},"content":{"rendered":"\t\t<div data-elementor-type=\"wp-post\" data-elementor-id=\"7069\" class=\"elementor elementor-7069\" data-elementor-post-type=\"post\">\n\t\t\t\t\t\t<section class=\"elementor-section elementor-top-section elementor-element elementor-element-2e75d29 elementor-section-boxed elementor-section-height-default elementor-section-height-default\" data-id=\"2e75d29\" data-element_type=\"section\">\n\t\t\t\t\t\t<div class=\"elementor-container elementor-column-gap-default\">\n\t\t\t\t\t<div class=\"elementor-column elementor-col-100 elementor-top-column elementor-element elementor-element-b178f9d\" data-id=\"b178f9d\" data-element_type=\"column\">\n\t\t\t<div class=\"elementor-widget-wrap elementor-element-populated\">\n\t\t\t\t\t\t<div class=\"elementor-element elementor-element-c548266 elementor-widget-divider--view-line elementor-widget elementor-widget-divider\" data-id=\"c548266\" data-element_type=\"widget\" data-widget_type=\"divider.default\">\n\t\t\t\t<div class=\"elementor-widget-container\">\n\t\t\t\t\t\t\t<div class=\"elementor-divider\">\n\t\t\t<span class=\"elementor-divider-separator\">\n\t\t\t\t\t\t<\/span>\n\t\t<\/div>\n\t\t\t\t\t\t<\/div>\n\t\t\t\t<\/div>\n\t\t\t\t<div class=\"elementor-element elementor-element-3cc7b34 elementor-position-left elementor-vertical-align-middle elementor-widget elementor-widget-image-box\" data-id=\"3cc7b34\" data-element_type=\"widget\" data-widget_type=\"image-box.default\">\n\t\t\t\t<div class=\"elementor-widget-container\">\n\t\t\t\t\t<div class=\"elementor-image-box-wrapper\"><figure class=\"elementor-image-box-img\"><img fetchpriority=\"high\" decoding=\"async\" width=\"512\" height=\"512\" src=\"https:\/\/redelog.rj.gov.br\/redebens\/wp-content\/uploads\/2022\/05\/Inventario-1.png\" class=\"attachment-full size-full wp-image-1049\" alt=\"\" srcset=\"https:\/\/redelog.rj.gov.br\/redebens\/wp-content\/uploads\/2022\/05\/Inventario-1.png 512w, https:\/\/redelog.rj.gov.br\/redebens\/wp-content\/uploads\/2022\/05\/Inventario-1-300x300.png 300w, https:\/\/redelog.rj.gov.br\/redebens\/wp-content\/uploads\/2022\/05\/Inventario-1-150x150.png 150w, https:\/\/redelog.rj.gov.br\/redebens\/wp-content\/uploads\/2022\/05\/Inventario-1-230x230.png 230w, https:\/\/redelog.rj.gov.br\/redebens\/wp-content\/uploads\/2022\/05\/Inventario-1-400x400.png 400w\" sizes=\"(max-width: 512px) 100vw, 512px\" \/><\/figure><div class=\"elementor-image-box-content\"><p class=\"elementor-image-box-description\">O invent\u00e1rio de bens m\u00f3veis \u00e9 o <b>instrumento peri\u00f3dico de controle que permite confirmar a exist\u00eancia f\u00edsica e verificar os bens m\u00f3veis em uso no \u00f3rg\u00e3o ou entidade<\/b>.<\/p><\/div><\/div>\t\t\t\t<\/div>\n\t\t\t\t<\/div>\n\t\t\t\t<div class=\"elementor-element elementor-element-4638ff9 elementor-widget elementor-widget-image\" data-id=\"4638ff9\" data-element_type=\"widget\" data-widget_type=\"image.default\">\n\t\t\t\t<div class=\"elementor-widget-container\">\n\t\t\t\t\t\t\t\t\t\t\t\t\t\t\t<img decoding=\"async\" width=\"1024\" height=\"1024\" src=\"https:\/\/redelog.rj.gov.br\/redebens\/wp-content\/uploads\/2022\/05\/checklist-1622517_1920-1024x1024.png\" class=\"attachment-large size-large wp-image-1399\" alt=\"\" srcset=\"https:\/\/redelog.rj.gov.br\/redebens\/wp-content\/uploads\/2022\/05\/checklist-1622517_1920-1024x1024.png 1024w, https:\/\/redelog.rj.gov.br\/redebens\/wp-content\/uploads\/2022\/05\/checklist-1622517_1920-300x300.png 300w, https:\/\/redelog.rj.gov.br\/redebens\/wp-content\/uploads\/2022\/05\/checklist-1622517_1920-150x150.png 150w, https:\/\/redelog.rj.gov.br\/redebens\/wp-content\/uploads\/2022\/05\/checklist-1622517_1920-768x768.png 768w, https:\/\/redelog.rj.gov.br\/redebens\/wp-content\/uploads\/2022\/05\/checklist-1622517_1920-1536x1536.png 1536w, https:\/\/redelog.rj.gov.br\/redebens\/wp-content\/uploads\/2022\/05\/checklist-1622517_1920-230x230.png 230w, https:\/\/redelog.rj.gov.br\/redebens\/wp-content\/uploads\/2022\/05\/checklist-1622517_1920-400x400.png 400w, https:\/\/redelog.rj.gov.br\/redebens\/wp-content\/uploads\/2022\/05\/checklist-1622517_1920-600x600.png 600w, https:\/\/redelog.rj.gov.br\/redebens\/wp-content\/uploads\/2022\/05\/checklist-1622517_1920-640x640.png 640w, https:\/\/redelog.rj.gov.br\/redebens\/wp-content\/uploads\/2022\/05\/checklist-1622517_1920.png 1920w\" sizes=\"(max-width: 1024px) 100vw, 1024px\" \/>\t\t\t\t\t\t\t\t\t\t\t\t\t\t\t<\/div>\n\t\t\t\t<\/div>\n\t\t\t\t<div class=\"elementor-element elementor-element-b2c7259 elementor-widget elementor-widget-text-editor\" data-id=\"b2c7259\" data-element_type=\"widget\" data-widget_type=\"text-editor.default\">\n\t\t\t\t<div class=\"elementor-widget-container\">\n\t\t\t\t\t\t\t\t\t<p>O <b>invent\u00e1rio<\/b> de bens m\u00f3veis \u00e9 o\u00a0<b style=\"font-weight: 400;\">instrumento peri\u00f3dico de controle <\/b>que permite<b style=\"font-weight: 400;\"> confirmar a exist\u00eancia f\u00edsica <\/b>e<b style=\"font-weight: 400;\"> verificar <\/b><b style=\"font-weight: 400;\">o <\/b><b>estado de conserva\u00e7\u00e3o<\/b><b style=\"font-weight: 400;\"> <\/b>e a<b style=\"font-weight: 400;\"> <\/b><b>condi\u00e7\u00e3o funcional<\/b><b style=\"font-weight: 400;\"> dos bens m\u00f3veis em uso <\/b>no<b style=\"font-weight: 400;\"> <\/b><b>\u00f3rg\u00e3o ou entidade<\/b>.<\/p><p><span style=\"font-weight: 400;\">O invent\u00e1rio deve ser realizado, <\/span><b>pelo menos<\/b><span style=\"font-weight: 400;\">, com frequ\u00eancia <\/span><b>anual<\/b><span style=\"font-weight: 400;\">.\u00a0O Invent\u00e1rio Anual se refere ao\u00a0<\/span><b>levantamento f\u00edsico dos bens<\/b><span style=\"font-weight: 400;\">\u00a0do exerc\u00edcio financeiro anual e comp\u00f5e o <\/span><b>Anexo IV<\/b><span style=\"font-weight: 400;\"> da documenta\u00e7\u00e3o da Presta\u00e7\u00e3o de Contas Anual. Por\u00e9m, \u00e9 poss\u00edvel realizar um invent\u00e1rio a qualquer momento, conforme a\u00a0<\/span><b>necessidade da administra\u00e7\u00e3o<\/b><span style=\"font-weight: 400;\">\u00a0e para as situa\u00e7\u00f5es de\u00a0 t\u00e9rmino de gest\u00e3o, extin\u00e7\u00e3o da Unidade, dentre outras.<\/span><\/p><p>O invent\u00e1rio deve ser realizado de forma anal\u00edtica, ou seja, com a\u00a0<span style=\"font-weight: bold;\">individualiza\u00e7\u00e3o dos bens<\/span>\u00a0e \u00e9 de\u00a0<span style=\"font-weight: bold;\">exclusiva responsabilidade de cada \u00f3rg\u00e3o ou entidade<\/span>.\u00a0<\/p><p>O invent\u00e1rio dever\u00e1 conter,\u00a0<span style=\"font-weight: bold;\">no m\u00ednimo<\/span>, as seguintes informa\u00e7\u00f5es:<\/p><p style=\"padding-left: 40px;\"><span style=\"font-weight: bold;\">I\u00a0<\/span>&#8211;\u00a0<span style=\"font-weight: bold;\">nome<\/span>\u00a0do \u00f3rg\u00e3o ou entidade;<\/p><p style=\"padding-left: 40px;\"><span style=\"font-weight: bold;\">II\u00a0<\/span>&#8211;\u00a0<span style=\"font-weight: bold;\">tipo<\/span>\u00a0de invent\u00e1rio;<\/p><p style=\"padding-left: 40px;\"><span style=\"font-weight: bold;\">III\u00a0<\/span>&#8211;\u00a0<span style=\"font-weight: bold;\">data de emiss\u00e3o\u00a0<\/span>do invent\u00e1rio;<\/p><p style=\"padding-left: 40px;\"><span style=\"font-weight: bold;\">IV\u00a0<\/span>&#8211;\u00a0<span style=\"font-weight: bold;\">n\u00famero patrimonial\u00a0<\/span>do bem m\u00f3vel;<\/p><p style=\"padding-left: 40px;\"><span style=\"font-weight: bold;\">V\u00a0<\/span>&#8211;\u00a0<span style=\"font-weight: bold;\">data da aquisi\u00e7\u00e3o\u00a0<\/span>do bem m\u00f3vel;<\/p><p style=\"padding-left: 40px;\"><span style=\"font-weight: bold;\">VI\u00a0<\/span>&#8211;\u00a0<span style=\"font-weight: bold;\">Natureza de Despesa e\/ou conta patrimonial\u00a0<\/span>do bem m\u00f3vel;<\/p><p style=\"padding-left: 40px;\"><span style=\"font-weight: bold;\">VII\u00a0<\/span>&#8211;\u00a0<span style=\"font-weight: bold;\">Valor cont\u00e1bil e\/ou valor cont\u00e1bil l\u00edquido\u00a0<\/span>do bem m\u00f3vel;<\/p><p style=\"padding-left: 40px;\"><span style=\"font-weight: bold;\">VIII\u00a0<\/span>&#8211;\u00a0<span style=\"font-weight: bold;\">descri\u00e7\u00e3o<\/span>\u00a0padronizada do bem m\u00f3vel;<\/p><p style=\"padding-left: 40px;\"><span style=\"font-weight: bold;\">IX\u00a0<\/span>&#8211;\u00a0<span style=\"font-weight: bold;\">estado de conserva\u00e7\u00e3o\u00a0<\/span>do bem m\u00f3vel e<\/p><p style=\"padding-left: 40px;\"><strong>X<\/strong><span style=\"font-weight: bold;\">\u00a0<\/span>&#8211;\u00a0<span style=\"font-weight: bold;\">condi\u00e7\u00e3o funcional<\/span>\u00a0do bem m\u00f3vel.<\/p>\t\t\t\t\t\t\t\t<\/div>\n\t\t\t\t<\/div>\n\t\t\t\t<div class=\"elementor-element elementor-element-e0e91b8 elementor-widget elementor-widget-heading\" data-id=\"e0e91b8\" data-element_type=\"widget\" data-widget_type=\"heading.default\">\n\t\t\t\t<div class=\"elementor-widget-container\">\n\t\t\t\t\t<h2 class=\"elementor-heading-title elementor-size-large\">Tipos de invent\u00e1rio<\/h2>\t\t\t\t<\/div>\n\t\t\t\t<\/div>\n\t\t\t\t<div class=\"elementor-element elementor-element-2c98b40 elementor-widget elementor-widget-text-editor\" data-id=\"2c98b40\" data-element_type=\"widget\" data-widget_type=\"text-editor.default\">\n\t\t\t\t<div class=\"elementor-widget-container\">\n\t\t\t\t\t\t\t\t\t<p><span style=\"color: var( --e-global-color-text ); letter-spacing: 0px;\">O <\/span><strong style=\"color: var( --e-global-color-text ); letter-spacing: 0px;\"><a href=\"https:\/\/redelog.rj.gov.br\/redebens\/wp-admin\/post.php?post=7075&amp;action=elementor\" target=\"_blank\" rel=\"noopener\">Decreto n\u00ba 49.289 de 17 de setembro de 2024<\/a><\/strong><span style=\"color: var( --e-global-color-text ); letter-spacing: 0px;\">, em seu art. 56, estabelece quais os tipos de invent\u00e1rio e quando devem ser realizados:<\/span><\/p><p><b>I <\/b><span style=\"font-weight: 400;\">&#8211; <\/span><b>anual<\/b><span style=\"font-weight: 400;\"> &#8211; destinado a comprovar a quantidade e o saldo dos bens m\u00f3veis da unidade gestora, em 31 de dezembro de cada exerc\u00edcio, composto pelos itens do invent\u00e1rio anterior e das varia\u00e7\u00f5es patrimoniais ocorridas durante o exerc\u00edcio;<\/span><\/p><p><b>II <\/b><span style=\"font-weight: 400;\">&#8211; <\/span><b>inicial<\/b><span style=\"font-weight: 400;\"> &#8211; realizado quando da cria\u00e7\u00e3o de uma unidade gestora, para identifica\u00e7\u00e3o e registro dos bens m\u00f3veis sob sua responsabilidade;<\/span><\/p><p><b>III <\/b><span style=\"font-weight: 400;\">&#8211; de <\/span><b>transfer\u00eancia de responsabilidade <\/b><span style=\"font-weight: 400;\">&#8211; realizado quando da mudan\u00e7a de titularidade\/responsabilidade;<\/span><\/p><p><b>IV <\/b><span style=\"font-weight: 400;\">&#8211; de <\/span><b>extin\u00e7\u00e3o<\/b><span style=\"font-weight: 400;\"> &#8211; realizado quando da extin\u00e7\u00e3o da unidade gestora, da unidade administrativa e da subunidade;<\/span><\/p><p><b>V <\/b><span style=\"font-weight: 400;\">&#8211; <\/span><b>eventual<\/b><span style=\"font-weight: 400;\"> &#8211; realizado em qualquer \u00e9poca, por iniciativa do titular da unidade gestora ou por iniciativa dos \u00f3rg\u00e3os de controle interno e externo.<\/span><\/p>\t\t\t\t\t\t\t\t<\/div>\n\t\t\t\t<\/div>\n\t\t\t\t<div class=\"elementor-element elementor-element-ee50ec9 elementor-widget elementor-widget-heading\" data-id=\"ee50ec9\" data-element_type=\"widget\" data-widget_type=\"heading.default\">\n\t\t\t\t<div class=\"elementor-widget-container\">\n\t\t\t\t\t<h2 class=\"elementor-heading-title elementor-size-large\">Finalidades do invent\u00e1rio<\/h2>\t\t\t\t<\/div>\n\t\t\t\t<\/div>\n\t\t\t\t<div class=\"elementor-element elementor-element-0d8f7d2 elementor-widget elementor-widget-text-editor\" data-id=\"0d8f7d2\" data-element_type=\"widget\" data-widget_type=\"text-editor.default\">\n\t\t\t\t<div class=\"elementor-widget-container\">\n\t\t\t\t\t\t\t\t\t<p><span style=\"color: var( --e-global-color-text ); letter-spacing: 0px;\">Atrav\u00e9s da realiza\u00e7\u00e3o do invent\u00e1rio, \u00e9 poss\u00edvel:<\/span><\/p><ul><li style=\"list-style-type: none;\"><ul><li aria-level=\"1\"><b>confrontar a exist\u00eancia f\u00edsica com o saldo cont\u00e1bil registrado<\/b><span style=\"font-weight: 400;\">;<\/span><\/li><\/ul><\/li><\/ul><ul><li style=\"list-style-type: none;\"><ul><li aria-level=\"1\"><b>atualizar a listagem da carga patrimonial<\/b><span style=\"font-weight: 400;\"> do \u00f3rg\u00e3o;<\/span><\/li><\/ul><\/li><\/ul><ul><li style=\"list-style-type: none;\"><ul><li aria-level=\"1\"><b>verificar as condi\u00e7\u00f5es f\u00edsicas e funcionais <\/b><span style=\"font-weight: 400;\">dos bens m\u00f3veis e consequentemente a <\/span><b>necessidade de manuten\u00e7\u00e3o<\/b><span style=\"font-weight: 400;\">, reparos ou reposi\u00e7\u00f5es.\u00a0<\/span><\/li><\/ul><\/li><\/ul><p><span style=\"font-weight: 400;\">Al\u00e9m disso, \u00e9 poss\u00edvel <\/span><b>identificar os bens inserv\u00edveis<\/b><span style=\"font-weight: 400;\">, ou seja, bens sem condi\u00e7\u00f5es de uso ou sem utilidade para a institui\u00e7\u00e3o e que devem ser destinados ao <strong>desfazimento<\/strong> para consequente <a href=\"https:\/\/redelog.rj.gov.br\/redebens\/baixa-patrimonial\/\"><strong>baixa patrimonial<\/strong><\/a>.<\/span><\/p>\t\t\t\t\t\t\t\t<\/div>\n\t\t\t\t<\/div>\n\t\t\t\t<div class=\"elementor-element elementor-element-d2da4f5 elementor-widget elementor-widget-heading\" data-id=\"d2da4f5\" data-element_type=\"widget\" data-widget_type=\"heading.default\">\n\t\t\t\t<div class=\"elementor-widget-container\">\n\t\t\t\t\t<h2 class=\"elementor-heading-title elementor-size-large\">Etapas da realiza\u00e7\u00e3o do invent\u00e1rio<\/h2>\t\t\t\t<\/div>\n\t\t\t\t<\/div>\n\t\t\t\t<div class=\"elementor-element elementor-element-79120c8 elementor-widget elementor-widget-text-editor\" data-id=\"79120c8\" data-element_type=\"widget\" data-widget_type=\"text-editor.default\">\n\t\t\t\t<div class=\"elementor-widget-container\">\n\t\t\t\t\t\t\t\t\t<p><b>I <\/b><span style=\"font-weight: 400;\">&#8211; cria\u00e7\u00e3o e <\/span><b>publica\u00e7\u00e3o da comiss\u00e3o de invent\u00e1rio<\/b><span style=\"font-weight: 400;\">, que pode ter <\/span><b>car\u00e1ter permanente <\/b><span style=\"font-weight: 400;\">ou <\/span><b>tempor\u00e1rio,<\/b><span style=\"font-weight: 400;\"> a crit\u00e9rio da dire\u00e7\u00e3o do \u00f3rg\u00e3o ou entidade. A comiss\u00e3o deve ser<\/span> <span style=\"font-weight: 400;\">formada por, no m\u00ednimo,\u00a0<\/span><b>tr\u00eas servidores<\/b><span style=\"font-weight: 400;\">, contendo pelo menos <\/span><b>um efetivo<\/b><span style=\"font-weight: 400;\">;<\/span><\/p><p><b>II <\/b><span style=\"font-weight: 400;\">&#8211; <\/span><b>levantamento<\/b><span style=\"font-weight: 400;\"> dos bens m\u00f3veis por localiza\u00e7\u00e3o ou grupo de bens m\u00f3veis;<\/span><\/p><p><b>III <\/b><span style=\"font-weight: 400;\">&#8211; <\/span><b>registro<\/b><span style=\"font-weight: 400;\"> das <\/span><b>caracter\u00edsticas<\/b><span style=\"font-weight: 400;\">\u00a0<\/span><b>f\u00edsicas\/funcionais<\/b><span style=\"font-weight: 400;\"> e das <\/span><b>quantidades<\/b><span style=\"font-weight: 400;\"> obtidas na etapa do levantamento;<\/span><\/p><p><b>IV <\/b><span style=\"font-weight: 400;\">&#8211; lan\u00e7amento do <\/span><b>saldo cont\u00e1bil <\/b><span style=\"font-weight: 400;\">dos bens m\u00f3veis registrados.\u00a0<\/span><\/p>\t\t\t\t\t\t\t\t<\/div>\n\t\t\t\t<\/div>\n\t\t\t\t<div class=\"elementor-element elementor-element-f79d6d5 elementor-widget elementor-widget-heading\" data-id=\"f79d6d5\" data-element_type=\"widget\" data-widget_type=\"heading.default\">\n\t\t\t\t<div class=\"elementor-widget-container\">\n\t\t\t\t\t<h2 class=\"elementor-heading-title elementor-size-default\">Bens m\u00f3veis em invent\u00e1rio (Anexo IV da IN n\u00ba 41\/2017)<\/h2>\t\t\t\t<\/div>\n\t\t\t\t<\/div>\n\t\t\t\t<div class=\"elementor-element elementor-element-65afa40 elementor-widget elementor-widget-image\" data-id=\"65afa40\" data-element_type=\"widget\" data-widget_type=\"image.default\">\n\t\t\t\t<div class=\"elementor-widget-container\">\n\t\t\t\t\t\t\t\t\t\t\t\t\t\t\t\t<a href=\"https:\/\/redelog.rj.gov.br\/redebens\/wp-content\/uploads\/2022\/05\/Anexo-IV-IN41_BMoveis_Inventario.xlsx\" target=\"_blank\">\n\t\t\t\t\t\t\t<img decoding=\"async\" width=\"62\" height=\"62\" src=\"https:\/\/redelog.rj.gov.br\/redebens\/wp-content\/uploads\/2022\/05\/excelicon.png\" class=\"attachment-thumbnail size-thumbnail wp-image-976\" alt=\"\" \/>\t\t\t\t\t\t\t\t<\/a>\n\t\t\t\t\t\t\t\t\t\t\t\t\t\t\t<\/div>\n\t\t\t\t<\/div>\n\t\t\t\t<div class=\"elementor-element elementor-element-26df2a5 elementor-widget elementor-widget-heading\" data-id=\"26df2a5\" data-element_type=\"widget\" data-widget_type=\"heading.default\">\n\t\t\t\t<div class=\"elementor-widget-container\">\n\t\t\t\t\t<h2 class=\"elementor-heading-title elementor-size-large\">-<\/h2>\t\t\t\t<\/div>\n\t\t\t\t<\/div>\n\t\t\t\t<div class=\"elementor-element elementor-element-516f2bf elementor-widget elementor-widget-heading\" data-id=\"516f2bf\" data-element_type=\"widget\" data-widget_type=\"heading.default\">\n\t\t\t\t<div class=\"elementor-widget-container\">\n\t\t\t\t\t<h2 class=\"elementor-heading-title elementor-size-large\">\nComiss\u00f5es<\/h2>\t\t\t\t<\/div>\n\t\t\t\t<\/div>\n\t\t\t\t<div class=\"elementor-element elementor-element-8db9e05 elementor-widget__width-initial elementor-widget elementor-widget-text-editor\" data-id=\"8db9e05\" data-element_type=\"widget\" data-widget_type=\"text-editor.default\">\n\t\t\t\t<div class=\"elementor-widget-container\">\n\t\t\t\t\t\t\t\t\t<p><span style=\"font-weight: 400;\">Na gest\u00e3o de bens m\u00f3veis, existem tr\u00eas atividades que necessitam <\/span><b>constituir Comiss\u00e3o de servidores<\/b><span style=\"font-weight: 400;\"> para realiza\u00e7\u00e3o dos procedimentos. S\u00e3o elas: Invent\u00e1rio, Avalia\u00e7\u00e3o\/reavalia\u00e7\u00e3o\/redu\u00e7\u00e3o ao valor recuper\u00e1vel e Desfazimento.<\/span><\/p><p><span style=\"font-weight: 400;\">Para cada <\/span><b>atividade<\/b><span style=\"font-weight: 400;\">, \u00e9 poss\u00edvel <\/span><b>constituir mais de uma Comiss\u00e3o<\/b><span style=\"font-weight: 400;\">, podendo ser de car\u00e1ter permanente ou provis\u00f3rio (com prazo determinado para a conclus\u00e3o das atividades).<\/span><\/p><p><span style=\"font-weight: 400;\">A <\/span><b>compet\u00eancia <\/b><span style=\"font-weight: 400;\">das comiss\u00f5es estar\u00e1 sempre <\/span><b>atrelada \u00e0 finalidade<\/b><span style=\"font-weight: 400;\"> definida no <\/span><b>ato de designa\u00e7\u00e3o.<\/b><\/p><p><span style=\"font-weight: 400;\">Cabe ao \u00f3rg\u00e3o\/entidade definir a melhor maneira de organizar suas comiss\u00f5es para realizar as fun\u00e7\u00f5es necess\u00e1rias, tendo em vista a necessidade, prazos e disponibilidade de servidores.<\/span><\/p>\t\t\t\t\t\t\t\t<\/div>\n\t\t\t\t<\/div>\n\t\t\t\t<div class=\"elementor-element elementor-element-b7e46b4 elementor-widget elementor-widget-heading\" data-id=\"b7e46b4\" data-element_type=\"widget\" data-widget_type=\"heading.default\">\n\t\t\t\t<div class=\"elementor-widget-container\">\n\t\t\t\t\t<h2 class=\"elementor-heading-title elementor-size-large\">Forma\u00e7\u00e3o das comiss\u00f5es<\/h2>\t\t\t\t<\/div>\n\t\t\t\t<\/div>\n\t\t\t\t<div class=\"elementor-element elementor-element-13f4be2 elementor-widget__width-initial elementor-widget elementor-widget-text-editor\" data-id=\"13f4be2\" data-element_type=\"widget\" data-widget_type=\"text-editor.default\">\n\t\t\t\t<div class=\"elementor-widget-container\">\n\t\t\t\t\t\t\t\t\t<p><span style=\"font-weight: 400;\">A designa\u00e7\u00e3o dos servidores integrantes da comiss\u00e3o de Invent\u00e1rio ocorrer\u00e1 pelo <\/span><b>titular da unidade gestora<\/b><span style=\"font-weight: 400;\"> (ou autoridade por ele delegada) por meio de <\/span><b>ato de nomea\u00e7\u00e3o<\/b><span style=\"font-weight: 400;\"> que deve ser <\/span><b>publicado<\/b><span style=\"font-weight: 400;\"> no DOERJ.<\/span><\/p><p><span style=\"font-weight: 400;\">Tais Comiss\u00f5es devem ser compostas por, <\/span><b>no m\u00ednimo, 3 (tr\u00eas) servidores<\/b><span style=\"font-weight: 400;\"> do \u00f3rg\u00e3o ou entidade, contendo, pelo menos, <\/span><b>1 (um) ocupante de cargo<\/b><span style=\"font-weight: 400;\"> de provimento <\/span><b>efetivo<\/b><span style=\"font-weight: 400;\">.\u00a0<\/span><\/p><p><span style=\"color: var( --e-global-color-text ); letter-spacing: 0px;\"><span style=\"font-weight: 400;\">Pode-se constituir uma<\/span><b> \u00fanica Comiss\u00e3o<\/b><span style=\"font-weight: 400;\"> com <\/span><b>as 3 finalidades<\/b><span style=\"font-weight: 400;\"> previstas para a gest\u00e3o de bens (Invent\u00e1rio, Avalia\u00e7\u00e3o, Vistoria e Baixa) desde que as atividades estejam <\/span><b>estabelecidas e definidas <\/b><span style=\"font-weight: 400;\">no <\/span><b>Ato de nomea\u00e7\u00e3o<\/b><span style=\"font-weight: 400;\"> da Comiss\u00e3o, a qual <\/span><b>pode ser<\/b><span style=\"font-weight: 400;\"> de <\/span><b>car\u00e1ter permanente ou tempor\u00e1rio<\/b><span style=\"font-weight: 400;\">.<\/span><\/span><\/p>\t\t\t\t\t\t\t\t<\/div>\n\t\t\t\t<\/div>\n\t\t\t\t<div class=\"elementor-element elementor-element-57de6d3 elementor-widget elementor-widget-heading\" data-id=\"57de6d3\" data-element_type=\"widget\" data-widget_type=\"heading.default\">\n\t\t\t\t<div class=\"elementor-widget-container\">\n\t\t\t\t\t<h2 class=\"elementor-heading-title elementor-size-large\">Bens de natureza especial<\/h2>\t\t\t\t<\/div>\n\t\t\t\t<\/div>\n\t\t\t\t<div class=\"elementor-element elementor-element-68438cb elementor-widget__width-initial elementor-widget elementor-widget-text-editor\" data-id=\"68438cb\" data-element_type=\"widget\" data-widget_type=\"text-editor.default\">\n\t\t\t\t<div class=\"elementor-widget-container\">\n\t\t\t\t\t\t\t\t\t<p><span style=\"font-weight: 400;\">Pode-se considerar bens espec\u00edficos os bens m\u00f3veis que exijam conhecimentos espec\u00edficos para avalia\u00e7\u00e3o, tais como: material de inform\u00e1tica, obras de arte, mobili\u00e1rio raro, entre outros.<\/span><\/p><p><span style=\"font-weight: 400;\">Para tratar desses casos, a comiss\u00e3o dever\u00e1 possuir, <\/span><b>pelo menos, 1 (um) servidor devidamente<\/b> <b>habilitado<\/b><span style=\"font-weight: 400;\">, que \u00e9 o servidor que possui condi\u00e7\u00f5es t\u00e9cnicas para avaliar esses bens m\u00f3veis em raz\u00e3o de sua especificidade.<\/span><\/p><p><span style=\"font-weight: 400;\">Na inviabilidade de inclus\u00e3o do servidor na Comiss\u00e3o, esta poder\u00e1 solicitar a <\/span><b>elabora\u00e7\u00e3o de laudo t\u00e9cnico<\/b><span style=\"font-weight: 400;\"> a um <\/span><b>servidor tecnicamente habilitado<\/b><span style=\"font-weight: 400;\"> do \u00f3rg\u00e3o ou entidade. O laudo integrar\u00e1 o <\/span><b>relat\u00f3rio final<\/b><span style=\"font-weight: 400;\"> da comiss\u00e3o para juntada ao processo.<\/span><span style=\"font-weight: 400;\">\u00a0<\/span><\/p><p><span style=\"font-weight: 400;\">Quando <b>n\u00e3o houver servidor habilitado<\/b> ou nos casos em que <b>exija informa\u00e7\u00f5es especializadas ou insupr\u00edveis<\/b> por pessoal do pr\u00f3prio \u00f3rg\u00e3o ou entidade, poder\u00e1 haver <b>contrata\u00e7\u00e3o de profissional especializado<\/b>, desde que devidamente <b>justificada<\/b>, observando o princ\u00edpio da economicidade.<\/span><\/p>\t\t\t\t\t\t\t\t<\/div>\n\t\t\t\t<\/div>\n\t\t\t\t<div class=\"elementor-element elementor-element-fe6aed0 elementor-widget elementor-widget-text-editor\" data-id=\"fe6aed0\" data-element_type=\"widget\" data-widget_type=\"text-editor.default\">\n\t\t\t\t<div class=\"elementor-widget-container\">\n\t\t\t\t\t\t\t\t\t<p><span style=\"font-weight: 400;\">A seguir, disponibilizamos <\/span><b>modelos <\/b><span style=\"font-weight: 400;\">de Minutas de atos de publica\u00e7\u00e3o da Comiss\u00e3o de Invent\u00e1rio, que podem ser baixados e editados, conforme a necessidade de cada \u00f3rg\u00e3o\/entidade:<\/span><\/p>\t\t\t\t\t\t\t\t<\/div>\n\t\t\t\t<\/div>\n\t\t\t\t<div class=\"elementor-element elementor-element-1f9b666 elementor-widget elementor-widget-heading\" data-id=\"1f9b666\" data-element_type=\"widget\" data-widget_type=\"heading.default\">\n\t\t\t\t<div class=\"elementor-widget-container\">\n\t\t\t\t\t<h2 class=\"elementor-heading-title elementor-size-default\"><a href=\"https:\/\/redelog.rj.gov.br\/redebens\/wp-content\/uploads\/2024\/09\/Modelo-Ato-de-Nomeacao-da-Comissao-de-Inventario-Permanente.docx\">Modelo Ato de Nomea\u00e7\u00e3o da Comiss\u00e3o de Invent\u00e1rio Permanente<\/a><\/h2>\t\t\t\t<\/div>\n\t\t\t\t<\/div>\n\t\t\t\t<div class=\"elementor-element elementor-element-5907809 elementor-widget elementor-widget-image\" data-id=\"5907809\" data-element_type=\"widget\" data-widget_type=\"image.default\">\n\t\t\t\t<div class=\"elementor-widget-container\">\n\t\t\t\t\t\t\t\t\t\t\t\t\t\t\t\t<a href=\"https:\/\/redelog.rj.gov.br\/redebens\/wp-content\/uploads\/2024\/09\/Modelo-Ato-de-Nomeacao-da-Comissao-de-Inventario-Permanente.docx\" target=\"_blank\">\n\t\t\t\t\t\t\t<img loading=\"lazy\" decoding=\"async\" width=\"150\" height=\"150\" src=\"https:\/\/redelog.rj.gov.br\/redebens\/wp-content\/uploads\/2022\/05\/word-150x150.png\" class=\"attachment-thumbnail size-thumbnail wp-image-979\" alt=\"\" \/>\t\t\t\t\t\t\t\t<\/a>\n\t\t\t\t\t\t\t\t\t\t\t\t\t\t\t<\/div>\n\t\t\t\t<\/div>\n\t\t\t\t<div class=\"elementor-element elementor-element-9aa8e0c elementor-widget elementor-widget-heading\" data-id=\"9aa8e0c\" data-element_type=\"widget\" data-widget_type=\"heading.default\">\n\t\t\t\t<div class=\"elementor-widget-container\">\n\t\t\t\t\t<h2 class=\"elementor-heading-title elementor-size-default\"><a href=\"https:\/\/redelog.rj.gov.br\/redebens\/wp-content\/uploads\/2024\/09\/Modelo-Ato-de-Nomeacao-da-Comissao-de-Inventario-Provisoria-REVISADA-COON.docx\">Modelo Ato de Nomea\u00e7\u00e3o da Comiss\u00e3o de Invent\u00e1rio Provis\u00f3ria<\/a><\/h2>\t\t\t\t<\/div>\n\t\t\t\t<\/div>\n\t\t\t\t<div class=\"elementor-element elementor-element-e771f2d elementor-widget elementor-widget-image\" data-id=\"e771f2d\" data-element_type=\"widget\" data-widget_type=\"image.default\">\n\t\t\t\t<div class=\"elementor-widget-container\">\n\t\t\t\t\t\t\t\t\t\t\t\t\t\t\t\t<a href=\"https:\/\/redelog.rj.gov.br\/redebens\/wp-content\/uploads\/2024\/09\/Modelo-Ato-de-Nomeacao-da-Comissao-de-Inventario-Provisoria-REVISADA-COON.docx\" target=\"_blank\">\n\t\t\t\t\t\t\t<img loading=\"lazy\" decoding=\"async\" width=\"150\" height=\"150\" src=\"https:\/\/redelog.rj.gov.br\/redebens\/wp-content\/uploads\/2022\/05\/word-150x150.png\" class=\"attachment-thumbnail size-thumbnail wp-image-979\" alt=\"\" \/>\t\t\t\t\t\t\t\t<\/a>\n\t\t\t\t\t\t\t\t\t\t\t\t\t\t\t<\/div>\n\t\t\t\t<\/div>\n\t\t\t\t<div class=\"elementor-element elementor-element-e60ab1c elementor-widget elementor-widget-heading\" data-id=\"e60ab1c\" data-element_type=\"widget\" data-widget_type=\"heading.default\">\n\t\t\t\t<div class=\"elementor-widget-container\">\n\t\t\t\t\t<h2 class=\"elementor-heading-title elementor-size-default\"><a href=\"https:\/\/redelog.rj.gov.br\/redebens\/wp-content\/uploads\/2024\/09\/Modelo-Ato-Criacao-Comissao-Inventario.docx\">Modelo Ato Cria\u00e7\u00e3o Comiss\u00e3o Invent\u00e1rio<\/a><\/h2>\t\t\t\t<\/div>\n\t\t\t\t<\/div>\n\t\t\t\t<div class=\"elementor-element elementor-element-1ff51dd elementor-widget elementor-widget-image\" data-id=\"1ff51dd\" data-element_type=\"widget\" data-widget_type=\"image.default\">\n\t\t\t\t<div class=\"elementor-widget-container\">\n\t\t\t\t\t\t\t\t\t\t\t\t\t\t\t\t<a href=\"https:\/\/redelog.rj.gov.br\/redebens\/wp-content\/uploads\/2024\/09\/Modelo-Ato-Criacao-Comissao-Inventario.docx\" target=\"_blank\">\n\t\t\t\t\t\t\t<img loading=\"lazy\" decoding=\"async\" width=\"150\" height=\"150\" src=\"https:\/\/redelog.rj.gov.br\/redebens\/wp-content\/uploads\/2022\/05\/word-150x150.png\" class=\"attachment-thumbnail size-thumbnail wp-image-979\" alt=\"\" \/>\t\t\t\t\t\t\t\t<\/a>\n\t\t\t\t\t\t\t\t\t\t\t\t\t\t\t<\/div>\n\t\t\t\t<\/div>\n\t\t\t\t<div class=\"elementor-element elementor-element-fcc0b61 elementor-widget elementor-widget-heading\" data-id=\"fcc0b61\" data-element_type=\"widget\" data-widget_type=\"heading.default\">\n\t\t\t\t<div class=\"elementor-widget-container\">\n\t\t\t\t\t<h2 class=\"elementor-heading-title elementor-size-large\">Classifica\u00e7\u00e3o quanto ao estado de conserva\u00e7\u00e3o<\/h2>\t\t\t\t<\/div>\n\t\t\t\t<\/div>\n\t\t\t\t<div class=\"elementor-element elementor-element-d8b28f2 elementor-widget elementor-widget-text-editor\" data-id=\"d8b28f2\" data-element_type=\"widget\" data-widget_type=\"text-editor.default\">\n\t\t\t\t<div class=\"elementor-widget-container\">\n\t\t\t\t\t\t\t\t\t<p><span style=\"font-weight: 400;\">Conforme Art. 20 do Decreto n\u00ba 49.289\/2024, o <\/span><b>estado de conserva\u00e7\u00e3o <\/b><span style=\"font-weight: 400;\">dos bens m\u00f3veis dever\u00e1 observar a seguinte classifica\u00e7\u00e3o:<\/span><\/p><p><b>I <\/b><span style=\"font-weight: 400;\">&#8211; <\/span><b>excelente<\/b><span style=\"font-weight: 400;\"> &#8211; qualidade do bem m\u00f3vel <\/span><b>adquirido h\u00e1 menos de 1 (um) ano <\/b><span style=\"font-weight: 400;\">e que ainda <\/span><b>mantenha as mesmas caracter\u00edsticas e condi\u00e7\u00f5es de uso de sua aquisi\u00e7\u00e3o<\/b><span style=\"font-weight: 400;\">;<\/span><\/p><p><b>II <\/b><span style=\"font-weight: 400;\">&#8211; <\/span><b>bom<\/b><span style=\"font-weight: 400;\"> &#8211; qualidade do bem m\u00f3vel que esteja <\/span><b>em perfeitas condi\u00e7\u00f5es de uso<\/b><span style=\"font-weight: 400;\">, mas com <\/span><b>data de aquisi\u00e7\u00e3o superior a 1 (um) ano<\/b><span style=\"font-weight: 400;\">;<\/span><\/p><p><b>III <\/b><span style=\"font-weight: 400;\">&#8211; <\/span><b>regular<\/b><span style=\"font-weight: 400;\"> &#8211; qualidade do bem m\u00f3vel que esteja <\/span><b>em condi\u00e7\u00f5es de uso<\/b><span style=\"font-weight: 400;\">, mas <\/span><b>que apresenta avarias que n\u00e3o impedem sua utiliza\u00e7\u00e3o<\/b><span style=\"font-weight: 400;\">;<\/span><\/p><p><b>IV <\/b><span style=\"font-weight: 400;\">&#8211; <\/span><b>p\u00e9ssimo<\/b><span style=\"font-weight: 400;\"> &#8211; qualidade do bem m\u00f3vel que <\/span><b>apresenta avarias <\/b><span style=\"font-weight: 400;\">que <\/span><b>comprometem sua utiliza\u00e7\u00e3o<\/b><span style=\"font-weight: 400;\">.\u00a0<\/span><\/p>\t\t\t\t\t\t\t\t<\/div>\n\t\t\t\t<\/div>\n\t\t\t\t<div class=\"elementor-element elementor-element-ed13746 elementor-widget elementor-widget-heading\" data-id=\"ed13746\" data-element_type=\"widget\" data-widget_type=\"heading.default\">\n\t\t\t\t<div class=\"elementor-widget-container\">\n\t\t\t\t\t<h2 class=\"elementor-heading-title elementor-size-large\">Classifica\u00e7\u00e3o quanto \u00e0 condi\u00e7\u00e3o funcional<\/h2>\t\t\t\t<\/div>\n\t\t\t\t<\/div>\n\t\t\t\t<div class=\"elementor-element elementor-element-24fc4b9 elementor-widget elementor-widget-text-editor\" data-id=\"24fc4b9\" data-element_type=\"widget\" data-widget_type=\"text-editor.default\">\n\t\t\t\t<div class=\"elementor-widget-container\">\n\t\t\t\t\t\t\t\t\t<p><span style=\"font-weight: 400;\">Conforme Art. 21 do Decreto n\u00ba 49.289\/2024, a\u00a0<\/span><b>condi\u00e7\u00e3o funcional\u00a0<\/b><span style=\"font-weight: 400;\">dos bens m\u00f3veis dever\u00e1 observar a seguinte classifica\u00e7\u00e3o:<\/span><\/p><p><b>I <\/b><span style=\"font-weight: 400;\">&#8211; <\/span><b>em uso\u00a0<\/b><span style=\"font-weight: 400;\">&#8211; quando o bem m\u00f3vel <strong>est\u00e1 sendo utilizado<\/strong> para a finalidade para que foi adquirido<\/span><span style=\"font-weight: 400;\">;<\/span><\/p><p><b>II <\/b><span style=\"font-weight: 400;\">&#8211; <\/span><b>armazenado\u00a0<\/b><span style=\"font-weight: 400;\">&#8211; quando o bem m\u00f3vel est\u00e1 <strong>aguardando movimenta\u00e7\u00e3o<\/strong><\/span><span style=\"font-weight: 400;\">;<\/span><\/p><p><b>III <\/b><span style=\"font-weight: 400;\">&#8211; <\/span><b>inserv\u00edvel\u00a0<\/b><span style=\"font-weight: 400;\">&#8211; quando o bem m\u00f3vel <strong>n\u00e3o est\u00e1 sendo utilizado para o fim a que se destina<\/strong>, seja pela perda das caracter\u00edsticas ou por n\u00e3o ter mais utilidade para o \u00f3rg\u00e3o ou entidade onde esteja alocado.<\/span><\/p>\t\t\t\t\t\t\t\t<\/div>\n\t\t\t\t<\/div>\n\t\t\t\t<div class=\"elementor-element elementor-element-08a2b55 elementor-widget elementor-widget-heading\" data-id=\"08a2b55\" data-element_type=\"widget\" data-widget_type=\"heading.default\">\n\t\t\t\t<div class=\"elementor-widget-container\">\n\t\t\t\t\t<h2 class=\"elementor-heading-title elementor-size-large\">Termo de Invent\u00e1rio<\/h2>\t\t\t\t<\/div>\n\t\t\t\t<\/div>\n\t\t\t\t<div class=\"elementor-element elementor-element-33572dc elementor-widget elementor-widget-text-editor\" data-id=\"33572dc\" data-element_type=\"widget\" data-widget_type=\"text-editor.default\">\n\t\t\t\t<div class=\"elementor-widget-container\">\n\t\t\t\t\t\t\t\t\t<p><span style=\"font-weight: 400;\">Conclu\u00eddas as etapas da realiza\u00e7\u00e3o do invent\u00e1rio, dever\u00e1 ser emitido o <\/span><b>Termo de Invent\u00e1rio<\/b><span style=\"font-weight: 400;\">, contendo:<\/span><\/p><p><b>I\u00a0<\/b><span style=\"font-weight: 400;\">\u2013\u00a0<\/span><span style=\"font-weight: 400;\">tipo de invent\u00e1rio<\/span><span style=\"font-weight: 400;\"> e <\/span><b>procedimento metodol\u00f3gico\u00a0<\/b><span style=\"font-weight: 400;\">utilizado para\u00a0 realiza\u00e7\u00e3o <\/span><span style=\"font-weight: 400;\">deste<\/span><span style=\"font-weight: 400;\">;<\/span><\/p><p><b>II\u00a0<\/b><span style=\"font-weight: 400;\">\u2013\u00a0<\/span><b>rela\u00e7\u00e3o dos bens\u00a0<\/b><span style=\"font-weight: 400;\">m\u00f3veis dever\u00e1 ser preferencialmente\u00a0<\/span><b>ordenada por unidades administrativas e subunidades<\/b><span style=\"font-weight: 400;\">, com os\u00a0<\/span><b>respectivos subtotais<\/b><span style=\"font-weight: 400;\">, e ao final o\u00a0<\/span><b>somat\u00f3rio geral<\/b><span style=\"font-weight: 400;\">;<\/span><\/p><p><b>III\u00a0<\/b><span style=\"font-weight: 400;\">\u2013 registro detalhado das\u00a0<\/span><b>ocorr\u00eancias e diverg\u00eancias\u00a0<\/b><span style=\"font-weight: 400;\">verificadas na realiza\u00e7\u00e3o do invent\u00e1rio;<\/span><\/p><p><span style=\"font-weight: 400;\"><strong>IV<\/strong> &#8211;<\/span><b>\u00a0registro fotogr\u00e1fico<\/b><span style=\"font-weight: 400;\"> dos bens, se poss\u00edvel.<\/span><\/p><p><span style=\"font-weight: 400;\">\u00c9 permitido ao \u00f3rg\u00e3o\/entidade <\/span><span style=\"font-weight: 400;\">contratar terceiros para realizar o <\/span><b>levantamento f\u00edsico<\/b><span style=\"font-weight: 400;\"> e classifica\u00e7\u00e3o dos bens inventariados, devendo o relat\u00f3rio emitido pelo contratado ser integrado ao documento final da comiss\u00e3o.<\/span><\/p>\t\t\t\t\t\t\t\t<\/div>\n\t\t\t\t<\/div>\n\t\t\t\t<div class=\"elementor-element elementor-element-2132cfc elementor-widget elementor-widget-heading\" data-id=\"2132cfc\" data-element_type=\"widget\" data-widget_type=\"heading.default\">\n\t\t\t\t<div class=\"elementor-widget-container\">\n\t\t\t\t\t<h2 class=\"elementor-heading-title elementor-size-large\">Concilia\u00e7\u00e3o do Invent\u00e1rio<\/h2>\t\t\t\t<\/div>\n\t\t\t\t<\/div>\n\t\t\t\t<div class=\"elementor-element elementor-element-24ca824 elementor-widget elementor-widget-text-editor\" data-id=\"24ca824\" data-element_type=\"widget\" data-widget_type=\"text-editor.default\">\n\t\t\t\t<div class=\"elementor-widget-container\">\n\t\t\t\t\t\t\t\t\t<p>Ao t\u00e9rmino do invent\u00e1rio, devem ser adotadas as seguinte medidas:<\/p><ul><li style=\"text-align: justify;\"><h4><span style=\"font-weight: 400;\">As <\/span><b>unidades administrativas <\/b><span style=\"font-weight: 400;\">e <\/span><b>subunidades<\/b> devem enviar<span style=\"font-weight: 400;\"> seus invent\u00e1rios para o <\/span>gestor da unidade gestora <span style=\"font-weight: 400;\">que dever\u00e1 realizar a <\/span><b>consolida\u00e7\u00e3o<\/b><span style=\"font-weight: 400;\">;\u00a0<\/span><\/h4><\/li><li style=\"text-align: justify;\"><h4><span style=\"font-weight: 400;\">Para os itens\u00a0<strong>achados<\/strong>, dever\u00e3o ser adotadas as medidas necess\u00e1rias para a sua <a href=\"https:\/\/redelog.rj.gov.br\/redebens\/incorporacao\/\" target=\"_blank\" rel=\"noopener\"><strong>incorpora\u00e7\u00e3o<\/strong><\/a>;<\/span><\/h4><\/li><li style=\"text-align: justify;\"><h4><b>Para os itens\u00a0<\/b><span style=\"font-weight: 400;\">n\u00e3o localizados<\/span><b>, dever\u00e1 ser verificado se n\u00e3o foram transferidos ou doados e, nesse caso, dever\u00e3o ser adotadas as medidas para a\u00a0<\/b><span style=\"font-weight: 400;\">troca de responsabilidade<\/span><b>\u00a0pela guarda do bem;<\/b><\/h4><\/li><li style=\"text-align: justify;\"><div><span style=\"letter-spacing: 0px; text-align: inherit;\">Bens m\u00f3veis n\u00e3o localizados\u00a0<\/span><b style=\"letter-spacing: 0px; text-align: inherit;\">no dia da verifica\u00e7\u00e3o f\u00edsica, sem justificativa do seu respons\u00e1vel, ou com justificativa n\u00e3o aceita pela comiss\u00e3o de invent\u00e1rio, ser\u00e3o considerados\u00a0<\/b><span style=\"letter-spacing: 0px; text-align: inherit;\">extraviados<\/span><b style=\"letter-spacing: 0px; text-align: inherit;\">;<\/b><\/div><\/li><\/ul><ul><li><span style=\"letter-spacing: 0px; text-align: inherit; color: var( --e-global-color-text );\">Dever\u00e3o ser adotadas as <\/span><b style=\"letter-spacing: 0px; text-align: inherit; color: var( --e-global-color-text );\">provid\u00eancias cab\u00edveis<\/b><span style=\"letter-spacing: 0px; text-align: inherit; color: var( --e-global-color-text );\"> para\u00a0<\/span><b style=\"letter-spacing: 0px; text-align: inherit; color: var( --e-global-color-text );\">apura\u00e7\u00e3o da responsabilidade\u00a0<\/b><span style=\"letter-spacing: 0px; text-align: inherit; color: var( --e-global-color-text );\">pelos itens extraviados;<\/span><\/li><\/ul><ul><li><span style=\"font-weight: 400;\">Para os\u00a0<\/span><b>itens furtados\u00a0<\/b><span style=\"font-weight: 400;\">dever\u00e1 ser apresentado o\u00a0<\/span><b>registro da ocorr\u00eancia policial<\/b><span style=\"font-weight: 400;\">.<\/span><\/li><\/ul>\t\t\t\t\t\t\t\t<\/div>\n\t\t\t\t<\/div>\n\t\t\t\t<div class=\"elementor-element elementor-element-09aa6ab elementor-widget-divider--view-line elementor-widget elementor-widget-divider\" data-id=\"09aa6ab\" data-element_type=\"widget\" data-widget_type=\"divider.default\">\n\t\t\t\t<div class=\"elementor-widget-container\">\n\t\t\t\t\t\t\t<div class=\"elementor-divider\">\n\t\t\t<span class=\"elementor-divider-separator\">\n\t\t\t\t\t\t<\/span>\n\t\t<\/div>\n\t\t\t\t\t\t<\/div>\n\t\t\t\t<\/div>\n\t\t\t\t<div class=\"elementor-element elementor-element-4884f1b elementor-widget elementor-widget-heading\" data-id=\"4884f1b\" data-element_type=\"widget\" data-widget_type=\"heading.default\">\n\t\t\t\t<div class=\"elementor-widget-container\">\n\t\t\t\t\t<h2 class=\"elementor-heading-title elementor-size-default\">PERGUNTAS FREQUENTES<\/h2>\t\t\t\t<\/div>\n\t\t\t\t<\/div>\n\t\t\t\t<div class=\"elementor-element elementor-element-3284492 elementor-widget elementor-widget-toggle\" data-id=\"3284492\" data-element_type=\"widget\" data-widget_type=\"toggle.default\">\n\t\t\t\t<div class=\"elementor-widget-container\">\n\t\t\t\t\t\t\t<div class=\"elementor-toggle\">\n\t\t\t\t\t\t\t<div class=\"elementor-toggle-item\">\n\t\t\t\t\t<div id=\"elementor-tab-title-5291\" class=\"elementor-tab-title\" data-tab=\"1\" role=\"button\" aria-controls=\"elementor-tab-content-5291\" aria-expanded=\"false\">\n\t\t\t\t\t\t\t\t\t\t\t\t<span class=\"elementor-toggle-icon elementor-toggle-icon-left\" aria-hidden=\"true\">\n\t\t\t\t\t\t\t\t\t\t\t\t\t\t\t<span class=\"elementor-toggle-icon-closed\"><i class=\"fas fa-caret-right\"><\/i><\/span>\n\t\t\t\t\t\t\t\t<span class=\"elementor-toggle-icon-opened\"><i class=\"elementor-toggle-icon-opened fas fa-caret-up\"><\/i><\/span>\n\t\t\t\t\t\t\t\t\t\t\t\t\t<\/span>\n\t\t\t\t\t\t\t\t\t\t\t\t<a class=\"elementor-toggle-title\" tabindex=\"0\">1- Qual o prazo m\u00e1ximo que o \u00f3rg\u00e3o\/entidade deve realizar o invent\u00e1rio anual para Presta\u00e7\u00e3o de Contas?<\/a>\n\t\t\t\t\t<\/div>\n\n\t\t\t\t\t<div id=\"elementor-tab-content-5291\" class=\"elementor-tab-content elementor-clearfix\" data-tab=\"1\" role=\"region\" aria-labelledby=\"elementor-tab-title-5291\"><p><span style=\"font-weight: 400;\">Visando \u00e0 Presta\u00e7\u00e3o de Contas Anual, que deve ser elaborada at\u00e9 o fim do 1\u00ba trimestre do ano seguinte ao exerc\u00edcio financeiro do ano base, deve-se realizar o invent\u00e1rio em per\u00edodo anterior com refer\u00eancia a 31 de dezembro.<\/span><\/p><\/div>\n\t\t\t\t<\/div>\n\t\t\t\t\t\t\t<div class=\"elementor-toggle-item\">\n\t\t\t\t\t<div id=\"elementor-tab-title-5292\" class=\"elementor-tab-title\" data-tab=\"2\" role=\"button\" aria-controls=\"elementor-tab-content-5292\" aria-expanded=\"false\">\n\t\t\t\t\t\t\t\t\t\t\t\t<span class=\"elementor-toggle-icon elementor-toggle-icon-left\" aria-hidden=\"true\">\n\t\t\t\t\t\t\t\t\t\t\t\t\t\t\t<span class=\"elementor-toggle-icon-closed\"><i class=\"fas fa-caret-right\"><\/i><\/span>\n\t\t\t\t\t\t\t\t<span class=\"elementor-toggle-icon-opened\"><i class=\"elementor-toggle-icon-opened fas fa-caret-up\"><\/i><\/span>\n\t\t\t\t\t\t\t\t\t\t\t\t\t<\/span>\n\t\t\t\t\t\t\t\t\t\t\t\t<a class=\"elementor-toggle-title\" tabindex=\"0\">2- A Comiss\u00e3o pode ser formada por servidores extraquadros (n\u00e3o efetivos)?<\/a>\n\t\t\t\t\t<\/div>\n\n\t\t\t\t\t<div id=\"elementor-tab-content-5292\" class=\"elementor-tab-content elementor-clearfix\" data-tab=\"2\" role=\"region\" aria-labelledby=\"elementor-tab-title-5292\"><p style=\"text-align: justify;\"><span style=\"font-weight: 400;\">A Comiss\u00e3o pode ser composta por at\u00e9 2 (dois) servidores n\u00e3o concursados (comissionados). \u00c9 preciso haver pelo menos 1 (um) servidor efetivo. A vig\u00eancia da Comiss\u00e3o pode ser tempor\u00e1ria ou permanente conforme conveni\u00eancia do \u00f3rg\u00e3o\/entidade.<\/span><\/p><\/div>\n\t\t\t\t<\/div>\n\t\t\t\t\t\t\t<div class=\"elementor-toggle-item\">\n\t\t\t\t\t<div id=\"elementor-tab-title-5293\" class=\"elementor-tab-title\" data-tab=\"3\" role=\"button\" aria-controls=\"elementor-tab-content-5293\" aria-expanded=\"false\">\n\t\t\t\t\t\t\t\t\t\t\t\t<span class=\"elementor-toggle-icon elementor-toggle-icon-left\" aria-hidden=\"true\">\n\t\t\t\t\t\t\t\t\t\t\t\t\t\t\t<span class=\"elementor-toggle-icon-closed\"><i class=\"fas fa-caret-right\"><\/i><\/span>\n\t\t\t\t\t\t\t\t<span class=\"elementor-toggle-icon-opened\"><i class=\"elementor-toggle-icon-opened fas fa-caret-up\"><\/i><\/span>\n\t\t\t\t\t\t\t\t\t\t\t\t\t<\/span>\n\t\t\t\t\t\t\t\t\t\t\t\t<a class=\"elementor-toggle-title\" tabindex=\"0\">3 - Pode-se constituir uma \u00fanica Comiss\u00e3o com as 3 finalidades previstas para a gest\u00e3o de bens (Invent\u00e1rio, Avalia\u00e7\u00e3o, Vistoria e Baixa)?<\/a>\n\t\t\t\t\t<\/div>\n\n\t\t\t\t\t<div id=\"elementor-tab-content-5293\" class=\"elementor-tab-content elementor-clearfix\" data-tab=\"3\" role=\"region\" aria-labelledby=\"elementor-tab-title-5293\"><p><b>Sim<\/b><span style=\"font-weight: 400;\">, desde que as finalidades estejam <\/span><b>estabelecidas e definidas <\/b><span style=\"font-weight: 400;\">no <\/span><b>Ato de nomea\u00e7\u00e3o<\/b><span style=\"font-weight: 400;\"> da Comiss\u00e3o, a qual <\/span><b>pode ser<\/b><span style=\"font-weight: 400;\"> de <\/span><b>car\u00e1ter permanente ou tempor\u00e1rio<\/b><span style=\"font-weight: 400;\">.<\/span><\/p><p><span style=\"font-weight: 400;\">A <\/span><b>compet\u00eancia <\/b><span style=\"font-weight: 400;\">das comiss\u00f5es estar\u00e1 sempre <\/span><b>atrelada \u00e0 finalidade<\/b><span style=\"font-weight: 400;\"> definida no <\/span><b>ato de nomea\u00e7\u00e3o<\/b><span style=\"font-weight: 400;\">.<\/span><\/p><\/div>\n\t\t\t\t<\/div>\n\t\t\t\t\t\t\t<div class=\"elementor-toggle-item\">\n\t\t\t\t\t<div id=\"elementor-tab-title-5294\" class=\"elementor-tab-title\" data-tab=\"4\" role=\"button\" aria-controls=\"elementor-tab-content-5294\" aria-expanded=\"false\">\n\t\t\t\t\t\t\t\t\t\t\t\t<span class=\"elementor-toggle-icon elementor-toggle-icon-left\" aria-hidden=\"true\">\n\t\t\t\t\t\t\t\t\t\t\t\t\t\t\t<span class=\"elementor-toggle-icon-closed\"><i class=\"fas fa-caret-right\"><\/i><\/span>\n\t\t\t\t\t\t\t\t<span class=\"elementor-toggle-icon-opened\"><i class=\"elementor-toggle-icon-opened fas fa-caret-up\"><\/i><\/span>\n\t\t\t\t\t\t\t\t\t\t\t\t\t<\/span>\n\t\t\t\t\t\t\t\t\t\t\t\t<a class=\"elementor-toggle-title\" tabindex=\"0\">4- O servidor escolhido para integrar uma das Comiss\u00f5es, pode se negar a participar desta?<\/a>\n\t\t\t\t\t<\/div>\n\n\t\t\t\t\t<div id=\"elementor-tab-content-5294\" class=\"elementor-tab-content elementor-clearfix\" data-tab=\"4\" role=\"region\" aria-labelledby=\"elementor-tab-title-5294\"><p><span style=\"font-weight: 400;\">Servidores efetivos, ou n\u00e3o, est\u00e3o sujeitos a convoca\u00e7\u00f5es administrativas para presta\u00e7\u00e3o de servi\u00e7o p\u00fablico relevante e n\u00e3o remunerado.\u00a0<\/span><\/p><p><span style=\"font-weight: 400;\">\u00c9 recomend\u00e1vel entrar em contato pr\u00e9vio com o servidor para avisar da publica\u00e7\u00e3o de sua nomea\u00e7\u00e3o como integrante da Comiss\u00e3o.\u00a0<\/span><\/p><p><span style=\"font-weight: 400;\">Caso o servidor se negue a participar, declarando justificativas consideradas relevantes para a autoridade que o indicou e havendo outras op\u00e7\u00f5es dispon\u00edveis para nomea\u00e7\u00e3o, o \u00f3rg\u00e3o\/entidade <\/span><b>pode optar<\/b><span style=\"font-weight: 400;\"> por indicar outro nome.\u00a0<\/span><\/p><p><span style=\"font-weight: 400;\">Mas em termos formais da legalidade, o servidor s\u00f3 pode expressar a\u00a0negativa de sua participa\u00e7\u00e3o <\/span><b>se<\/b><span style=\"font-weight: 400;\"> alegar <\/span><b>motivos<\/b><span style=\"font-weight: 400;\"> que o enquadrem em<\/span><b> impedimento<\/b><span style=\"font-weight: 400;\"> para participar de processo<\/span> <span style=\"font-weight: 400;\">administrativo<\/span><b> conforme Lei estadual de Processo Administrativo<\/b><span style=\"font-weight: 400;\"> (Art. 17 da <a href=\"https:\/\/leisestaduais.com.br\/rj\/lei-ordinaria-n-5427-2009-rio-de-janeiro-estabelece-normas-sobre-atos-e-processos-administrativos-no-ambito-do-estado-do-rio-de-janeiro-e-da-outras-providencias?q=5.427&amp;origin=instituicao#\">Lei n\u00ba 5.427\/2009<\/a>).<\/span><\/p><\/div>\n\t\t\t\t<\/div>\n\t\t\t\t\t\t\t<div class=\"elementor-toggle-item\">\n\t\t\t\t\t<div id=\"elementor-tab-title-5295\" class=\"elementor-tab-title\" data-tab=\"5\" role=\"button\" aria-controls=\"elementor-tab-content-5295\" aria-expanded=\"false\">\n\t\t\t\t\t\t\t\t\t\t\t\t<span class=\"elementor-toggle-icon elementor-toggle-icon-left\" aria-hidden=\"true\">\n\t\t\t\t\t\t\t\t\t\t\t\t\t\t\t<span class=\"elementor-toggle-icon-closed\"><i class=\"fas fa-caret-right\"><\/i><\/span>\n\t\t\t\t\t\t\t\t<span class=\"elementor-toggle-icon-opened\"><i class=\"elementor-toggle-icon-opened fas fa-caret-up\"><\/i><\/span>\n\t\t\t\t\t\t\t\t\t\t\t\t\t<\/span>\n\t\t\t\t\t\t\t\t\t\t\t\t<a class=\"elementor-toggle-title\" tabindex=\"0\">5- O gestor de bens m\u00f3veis deve participar das Comiss\u00f5es?<\/a>\n\t\t\t\t\t<\/div>\n\n\t\t\t\t\t<div id=\"elementor-tab-content-5295\" class=\"elementor-tab-content elementor-clearfix\" data-tab=\"5\" role=\"region\" aria-labelledby=\"elementor-tab-title-5295\"><p><span style=\"font-weight: 400;\">N\u00e3o h\u00e1 essa obrigatoriedade. \u00c9 recomend\u00e1vel que o gestor n\u00e3o participe, se poss\u00edvel for, especialmente da Comiss\u00e3o de Invent\u00e1rio. Dessa forma, proporcionar\u00e1 maior segrega\u00e7\u00e3o de fun\u00e7\u00f5es e possibilidade de participa\u00e7\u00e3o de servidores externos \u00e0 \u00e1rea de patrim\u00f4nio, evitando sobrecarga de trabalho para os mesmos servidores e respeitando a segrega\u00e7\u00e3o de fun\u00e7\u00f5es.<\/span><\/p><\/div>\n\t\t\t\t<\/div>\n\t\t\t\t\t\t\t\t<\/div>\n\t\t\t\t\t\t<\/div>\n\t\t\t\t<\/div>\n\t\t\t\t<div class=\"elementor-element elementor-element-2148e0f elementor-widget-divider--view-line elementor-widget elementor-widget-divider\" data-id=\"2148e0f\" data-element_type=\"widget\" data-widget_type=\"divider.default\">\n\t\t\t\t<div class=\"elementor-widget-container\">\n\t\t\t\t\t\t\t<div class=\"elementor-divider\">\n\t\t\t<span class=\"elementor-divider-separator\">\n\t\t\t\t\t\t<\/span>\n\t\t<\/div>\n\t\t\t\t\t\t<\/div>\n\t\t\t\t<\/div>\n\t\t\t\t<div class=\"elementor-element elementor-element-ca281e1 elementor-widget-divider--view-line elementor-widget elementor-widget-divider\" data-id=\"ca281e1\" data-element_type=\"widget\" data-widget_type=\"divider.default\">\n\t\t\t\t<div class=\"elementor-widget-container\">\n\t\t\t\t\t\t\t<div class=\"elementor-divider\">\n\t\t\t<span class=\"elementor-divider-separator\">\n\t\t\t\t\t\t<\/span>\n\t\t<\/div>\n\t\t\t\t\t\t<\/div>\n\t\t\t\t<\/div>\n\t\t\t\t\t<\/div>\n\t\t<\/div>\n\t\t\t\t\t<\/div>\n\t\t<\/section>\n\t\t\t\t<section class=\"elementor-section elementor-top-section elementor-element elementor-element-40e0fce elementor-section-boxed elementor-section-height-default elementor-section-height-default\" data-id=\"40e0fce\" data-element_type=\"section\">\n\t\t\t\t\t\t<div class=\"elementor-container elementor-column-gap-default\">\n\t\t\t\t\t<div class=\"elementor-column elementor-col-100 elementor-top-column elementor-element elementor-element-08359c5\" data-id=\"08359c5\" data-element_type=\"column\">\n\t\t\t<div class=\"elementor-widget-wrap elementor-element-populated\">\n\t\t\t\t\t\t<section class=\"elementor-section elementor-inner-section elementor-element elementor-element-54482a3 elementor-section-boxed elementor-section-height-default elementor-section-height-default\" data-id=\"54482a3\" data-element_type=\"section\">\n\t\t\t\t\t\t<div class=\"elementor-container elementor-column-gap-default\">\n\t\t\t\t\t<div class=\"elementor-column elementor-col-50 elementor-inner-column elementor-element elementor-element-fb10ad4\" data-id=\"fb10ad4\" data-element_type=\"column\">\n\t\t\t<div class=\"elementor-widget-wrap elementor-element-populated\">\n\t\t\t\t\t\t<div class=\"elementor-element elementor-element-53ab27f elementor-widget elementor-widget-text-editor\" data-id=\"53ab27f\" data-element_type=\"widget\" data-widget_type=\"text-editor.default\">\n\t\t\t\t<div class=\"elementor-widget-container\">\n\t\t\t\t\t\t\t\t\t<p style=\"text-align: left;\"><a href=\"https:\/\/redelog.rj.gov.br\/redebens\/saida-temporaria-de-bens\/\">\u2190 CESS\u00c3O E PERMISS\u00c3O<\/a><\/p>\t\t\t\t\t\t\t\t<\/div>\n\t\t\t\t<\/div>\n\t\t\t\t\t<\/div>\n\t\t<\/div>\n\t\t\t\t<div class=\"elementor-column elementor-col-50 elementor-inner-column elementor-element elementor-element-64c8879\" data-id=\"64c8879\" data-element_type=\"column\">\n\t\t\t<div class=\"elementor-widget-wrap elementor-element-populated\">\n\t\t\t\t\t\t<div class=\"elementor-element elementor-element-0cbc3a5 elementor-widget elementor-widget-text-editor\" data-id=\"0cbc3a5\" data-element_type=\"widget\" data-widget_type=\"text-editor.default\">\n\t\t\t\t<div class=\"elementor-widget-container\">\n\t\t\t\t\t\t\t\t\t<p style=\"text-align: right;\"><a href=\"https:\/\/redelog.rj.gov.br\/redebens\/depreciacao\/\">DEPRECIA\u00c7\u00c3O \u2192<\/a><\/p>\t\t\t\t\t\t\t\t<\/div>\n\t\t\t\t<\/div>\n\t\t\t\t\t<\/div>\n\t\t<\/div>\n\t\t\t\t\t<\/div>\n\t\t<\/section>\n\t\t\t\t\t<\/div>\n\t\t<\/div>\n\t\t\t\t\t<\/div>\n\t\t<\/section>\n\t\t\t\t<\/div>\n\t\t","protected":false},"excerpt":{"rendered":"<p>O invent\u00e1rio de bens m\u00f3veis \u00e9 o instrumento peri\u00f3dico de controle que permite confirmar a exist\u00eancia f\u00edsica e verificar os bens m\u00f3veis em uso no \u00f3rg\u00e3o ou entidade. O invent\u00e1rio de bens m\u00f3veis \u00e9 o\u00a0instrumento peri\u00f3dico de controle que permite confirmar a exist\u00eancia f\u00edsica e verificar o estado de conserva\u00e7\u00e3o e a condi\u00e7\u00e3o funcional dos [&hellip;]<\/p>\n","protected":false},"author":6,"featured_media":0,"comment_status":"closed","ping_status":"open","sticky":false,"template":"","format":"standard","meta":{"footnotes":""},"categories":[8],"tags":[],"class_list":["post-7069","post","type-post","status-publish","format-standard","hentry","category-base-conhecimento"],"publishpress_future_action":{"enabled":false,"date":"2026-05-09 09:39:54","action":"change-status","newStatus":"draft","terms":[],"taxonomy":"category","extraData":[]},"publishpress_future_workflow_manual_trigger":{"enabledWorkflows":[]},"_links":{"self":[{"href":"https:\/\/redelog.rj.gov.br\/redebens\/wp-json\/wp\/v2\/posts\/7069","targetHints":{"allow":["GET"]}}],"collection":[{"href":"https:\/\/redelog.rj.gov.br\/redebens\/wp-json\/wp\/v2\/posts"}],"about":[{"href":"https:\/\/redelog.rj.gov.br\/redebens\/wp-json\/wp\/v2\/types\/post"}],"author":[{"embeddable":true,"href":"https:\/\/redelog.rj.gov.br\/redebens\/wp-json\/wp\/v2\/users\/6"}],"replies":[{"embeddable":true,"href":"https:\/\/redelog.rj.gov.br\/redebens\/wp-json\/wp\/v2\/comments?post=7069"}],"version-history":[{"count":85,"href":"https:\/\/redelog.rj.gov.br\/redebens\/wp-json\/wp\/v2\/posts\/7069\/revisions"}],"predecessor-version":[{"id":7714,"href":"https:\/\/redelog.rj.gov.br\/redebens\/wp-json\/wp\/v2\/posts\/7069\/revisions\/7714"}],"wp:attachment":[{"href":"https:\/\/redelog.rj.gov.br\/redebens\/wp-json\/wp\/v2\/media?parent=7069"}],"wp:term":[{"taxonomy":"category","embeddable":true,"href":"https:\/\/redelog.rj.gov.br\/redebens\/wp-json\/wp\/v2\/categories?post=7069"},{"taxonomy":"post_tag","embeddable":true,"href":"https:\/\/redelog.rj.gov.br\/redebens\/wp-json\/wp\/v2\/tags?post=7069"}],"curies":[{"name":"wp","href":"https:\/\/api.w.org\/{rel}","templated":true}]}}