{"id":7068,"date":"2024-09-18T10:08:47","date_gmt":"2024-09-18T13:08:47","guid":{"rendered":"https:\/\/redelog.rj.gov.br\/redebens\/?p=7068"},"modified":"2024-11-12T11:06:31","modified_gmt":"2024-11-12T14:06:31","slug":"movimentacao","status":"publish","type":"post","link":"https:\/\/redelog.rj.gov.br\/redebens\/movimentacao\/","title":{"rendered":"MOVIMENTA\u00c7\u00c3O"},"content":{"rendered":"\t\t<div data-elementor-type=\"wp-post\" data-elementor-id=\"7068\" class=\"elementor elementor-7068\" data-elementor-post-type=\"post\">\n\t\t\t\t\t\t<section class=\"elementor-section elementor-top-section elementor-element elementor-element-c886f8b elementor-section-boxed elementor-section-height-default elementor-section-height-default\" data-id=\"c886f8b\" data-element_type=\"section\">\n\t\t\t\t\t\t<div class=\"elementor-container elementor-column-gap-default\">\n\t\t\t\t\t<div class=\"elementor-column elementor-col-100 elementor-top-column elementor-element elementor-element-163cae7\" data-id=\"163cae7\" data-element_type=\"column\">\n\t\t\t<div class=\"elementor-widget-wrap elementor-element-populated\">\n\t\t\t\t\t\t<div class=\"elementor-element elementor-element-c3da5e8 elementor-widget-divider--view-line elementor-widget elementor-widget-divider\" data-id=\"c3da5e8\" data-element_type=\"widget\" data-widget_type=\"divider.default\">\n\t\t\t\t<div class=\"elementor-widget-container\">\n\t\t\t\t\t\t\t<div class=\"elementor-divider\">\n\t\t\t<span class=\"elementor-divider-separator\">\n\t\t\t\t\t\t<\/span>\n\t\t<\/div>\n\t\t\t\t\t\t<\/div>\n\t\t\t\t<\/div>\n\t\t\t\t<div class=\"elementor-element elementor-element-12e2bd9 elementor-position-left elementor-vertical-align-middle elementor-widget elementor-widget-image-box\" data-id=\"12e2bd9\" data-element_type=\"widget\" data-widget_type=\"image-box.default\">\n\t\t\t\t<div class=\"elementor-widget-container\">\n\t\t\t\t\t<div class=\"elementor-image-box-wrapper\"><figure class=\"elementor-image-box-img\"><img fetchpriority=\"high\" decoding=\"async\" width=\"512\" height=\"512\" src=\"https:\/\/redelog.rj.gov.br\/redebens\/wp-content\/uploads\/2022\/05\/Movimentacao-1.png\" class=\"attachment-full size-full wp-image-1050\" alt=\"\" srcset=\"https:\/\/redelog.rj.gov.br\/redebens\/wp-content\/uploads\/2022\/05\/Movimentacao-1.png 512w, https:\/\/redelog.rj.gov.br\/redebens\/wp-content\/uploads\/2022\/05\/Movimentacao-1-300x300.png 300w, https:\/\/redelog.rj.gov.br\/redebens\/wp-content\/uploads\/2022\/05\/Movimentacao-1-150x150.png 150w, https:\/\/redelog.rj.gov.br\/redebens\/wp-content\/uploads\/2022\/05\/Movimentacao-1-230x230.png 230w, https:\/\/redelog.rj.gov.br\/redebens\/wp-content\/uploads\/2022\/05\/Movimentacao-1-400x400.png 400w\" sizes=\"(max-width: 512px) 100vw, 512px\" \/><\/figure><div class=\"elementor-image-box-content\"><p class=\"elementor-image-box-description\">Entende-se por movimenta\u00e7\u00e3o de bens m\u00f3veis o <b>ato de deslocar os bens m\u00f3veis internamente nos \u00f3rg\u00e3os\/entidades<\/b>. <\/p><\/div><\/div>\t\t\t\t<\/div>\n\t\t\t\t<\/div>\n\t\t\t\t<div class=\"elementor-element elementor-element-0c97d61 elementor-widget elementor-widget-image\" data-id=\"0c97d61\" data-element_type=\"widget\" data-widget_type=\"image.default\">\n\t\t\t\t<div class=\"elementor-widget-container\">\n\t\t\t\t\t\t\t\t\t\t\t\t\t\t\t<img decoding=\"async\" width=\"1024\" height=\"683\" src=\"https:\/\/redelog.rj.gov.br\/redebens\/wp-content\/uploads\/2022\/05\/highway-393492_1920-1024x683.jpg\" class=\"attachment-large size-large wp-image-1987\" alt=\"\" srcset=\"https:\/\/redelog.rj.gov.br\/redebens\/wp-content\/uploads\/2022\/05\/highway-393492_1920-1024x683.jpg 1024w, https:\/\/redelog.rj.gov.br\/redebens\/wp-content\/uploads\/2022\/05\/highway-393492_1920-300x200.jpg 300w, https:\/\/redelog.rj.gov.br\/redebens\/wp-content\/uploads\/2022\/05\/highway-393492_1920-768x512.jpg 768w, https:\/\/redelog.rj.gov.br\/redebens\/wp-content\/uploads\/2022\/05\/highway-393492_1920-1536x1024.jpg 1536w, https:\/\/redelog.rj.gov.br\/redebens\/wp-content\/uploads\/2022\/05\/highway-393492_1920-600x400.jpg 600w, https:\/\/redelog.rj.gov.br\/redebens\/wp-content\/uploads\/2022\/05\/highway-393492_1920.jpg 1920w\" sizes=\"(max-width: 1024px) 100vw, 1024px\" \/>\t\t\t\t\t\t\t\t\t\t\t\t\t\t\t<\/div>\n\t\t\t\t<\/div>\n\t\t\t\t<div class=\"elementor-element elementor-element-dd10f18 elementor-widget elementor-widget-text-editor\" data-id=\"dd10f18\" data-element_type=\"widget\" data-widget_type=\"text-editor.default\">\n\t\t\t\t<div class=\"elementor-widget-container\">\n\t\t\t\t\t\t\t\t\t<p>Ou seja, trata-se da <b>movimenta\u00e7\u00e3o interna<\/b> de bens m\u00f3veis na Unidade Gestora.<\/p>\n<p><span style=\"font-weight: 400;\">Vale distinguir que o termo <\/span><i><b>Transfer\u00eancia<\/b> <\/i><span style=\"font-weight: 400;\">\u00e9 utilizado no <a href=\"https:\/\/leisestaduais.com.br\/rj\/decreto-n-49289-2024-rio-de-janeiro-regulamenta-a-gestao-dos-bens-moveis-no-ambito-do-poder-executivo-do-estado-o-rio-de-janeiro?q=49289&amp;origin=instituicao#\" target=\"_blank\" rel=\"noopener\"><strong>Decreto n\u00ba 49.289 de 17 de setembro de 2024&nbsp;<\/strong><\/a>&nbsp;para se referir \u00e0 <\/span><b>movimenta\u00e7\u00e3o externa<\/b><span style=\"font-weight: 400;\">, quando h\u00e1 sa\u00edda definitiva de um bem de um \u00f3rg\u00e3o para incorpora\u00e7\u00e3o patrimonial em outro.<\/span><\/p>\n<p><span style=\"font-weight: 400;\">A <\/span><b>movimenta\u00e7\u00e3o interna<\/b><span style=\"font-weight: 400;\"> de bens pode ser classificada em:&nbsp;<\/span><\/p>\n<p><strong>I &#8211; Distribui\u00e7\u00e3o inicial;&nbsp;<\/strong><\/p>\n<p><strong>II &#8211; Remanejamento.&nbsp;<\/strong><\/p>\t\t\t\t\t\t\t\t<\/div>\n\t\t\t\t<\/div>\n\t\t\t\t<div class=\"elementor-element elementor-element-82b1bde elementor-widget elementor-widget-heading\" data-id=\"82b1bde\" data-element_type=\"widget\" data-widget_type=\"heading.default\">\n\t\t\t\t<div class=\"elementor-widget-container\">\n\t\t\t\t\t<h2 class=\"elementor-heading-title elementor-size-large\">Distribui\u00e7\u00e3o Inicial<\/h2>\t\t\t\t<\/div>\n\t\t\t\t<\/div>\n\t\t\t\t<div class=\"elementor-element elementor-element-82a1df1 elementor-widget elementor-widget-text-editor\" data-id=\"82a1df1\" data-element_type=\"widget\" data-widget_type=\"text-editor.default\">\n\t\t\t\t<div class=\"elementor-widget-container\">\n\t\t\t\t\t\t\t\t\t<p><span style=\"font-weight: 400;\">\u00c9 a\u00a0<\/span><b>primeira movimenta\u00e7\u00e3o inicial do bem\u00a0<\/b><span style=\"font-weight: 400;\">para o local de utiliza\u00e7\u00e3o, na forma pretendida pela administra\u00e7\u00e3o <\/span><span style=\"font-weight: 400;\">.\u00a0<\/span><\/p><p><b>At\u00e9 ser distribu\u00eddo inicialmente, <\/b><span style=\"font-weight: 400;\">a responsabilidade pelo bem adquirido permanece<\/span><b> com o gestor de bens m\u00f3veis da unidade ou<\/b><span style=\"font-weight: 400;\"> respons\u00e1vel patrimonial da unidade adquirente (agente ou encarregado)<\/span><span style=\"font-weight: 400;\">.<\/span><span style=\"font-weight: 400;\"> E dever\u00e1 ser emitida a\u00a0<\/span><b>Guia de Distribui\u00e7\u00e3o Inicial<\/b><span style=\"font-weight: 400;\"> no momento da entrega do bem ao local de destino,\u00a0 a qual dever\u00e1 conter a assinatura no documento f\u00edsico ou o aceite, por meio eletr\u00f4nico, de ambos os respons\u00e1veis pelo bem movimentado.<\/span><\/p><p><span style=\"font-weight: 400;\">Vale ressaltar que ao adquirir um bem m\u00f3vel, seja a t\u00edtulo oneroso ou gratuito, a finalidade deste bem<b>\u00a0\u00e9 ser utilizado para os fins a que se destina<\/b>. Sendo assim,\u00a0<b>o bem deve ser incorporado e movimentado para a localiza\u00e7\u00e3o em que ser\u00e1 utilizado, <\/b>evitando-se a perman\u00eancia deste em almoxarifado ou outro local adequado.\u00a0<\/span><\/p>\t\t\t\t\t\t\t\t<\/div>\n\t\t\t\t<\/div>\n\t\t\t\t<div class=\"elementor-element elementor-element-4bd5509 elementor-widget elementor-widget-heading\" data-id=\"4bd5509\" data-element_type=\"widget\" data-widget_type=\"heading.default\">\n\t\t\t\t<div class=\"elementor-widget-container\">\n\t\t\t\t\t<h2 class=\"elementor-heading-title elementor-size-large\">Remanejamento<\/h2>\t\t\t\t<\/div>\n\t\t\t\t<\/div>\n\t\t\t\t<div class=\"elementor-element elementor-element-cb47680 elementor-widget elementor-widget-text-editor\" data-id=\"cb47680\" data-element_type=\"widget\" data-widget_type=\"text-editor.default\">\n\t\t\t\t<div class=\"elementor-widget-container\">\n\t\t\t\t\t\t\t\t\t<p><span style=\"font-weight: 400;\">\u00c9\u00a0a movimenta\u00e7\u00e3o f\u00edsica interna do\u00a0\u00f3rg\u00e3o\/entidade, que ocorre\u00a0<\/span><b>entre as unidades administrativas, subunidades<\/b><span style=\"font-weight: 400;\"><strong> e Unidade Gestora<\/strong>. S\u00e3o exemplos dessas movimenta\u00e7\u00f5es: iniciar o\u00a0processo de desfazimento\u00a0de bens inserv\u00edveis, ou quando o bem for\u00a0retirado de utiliza\u00e7\u00e3o\u00a0para consertos relativos ao per\u00edodo de garantia, ou por necessidade de reparos e manuten\u00e7\u00e3o, dentre in\u00fameras outras raz\u00f5es.<\/span><\/p><p><span style=\"font-weight: 400;\">Ao se movimentar os bens m\u00f3veis, dever\u00e3o ser emitidas <\/span><b>guias de remanejamento<\/b><span style=\"font-weight: 400;\">, as quais dever\u00e3o conter a <\/span><b>assinatura <\/b><span style=\"font-weight: 400;\">no documento f\u00edsico ou o aceite, por meio eletr\u00f4nico, de <\/span><b>ambos os respons\u00e1veis pelo bem movimentado<\/b><span style=\"font-weight: 400;\">.<\/span><\/p><p><span style=\"font-weight: 400;\">Quando a movimenta\u00e7\u00e3o ocorrer entre as subdivis\u00f5es da Unidade Gestora, ap\u00f3s assinaturas dos respons\u00e1veis, a guia de remanejamento dever\u00e1 ser<b> enviada ao gestor<\/b> de bens m\u00f3veis para ci\u00eancia, no <b>prazo m\u00e1ximo de 30 dias<\/b>, a contar da data de sua assinatura.<\/span><\/p>\t\t\t\t\t\t\t\t<\/div>\n\t\t\t\t<\/div>\n\t\t\t\t<div class=\"elementor-element elementor-element-19df486 elementor-widget elementor-widget-heading\" data-id=\"19df486\" data-element_type=\"widget\" data-widget_type=\"heading.default\">\n\t\t\t\t<div class=\"elementor-widget-container\">\n\t\t\t\t\t<h2 class=\"elementor-heading-title elementor-size-medium\"><a href=\"https:\/\/redelog.rj.gov.br\/redebens\/wp-content\/uploads\/2024\/09\/Modelo%20Guia%20de%20distribui\u00e7\u00e3o%20inicial%20EDITADO.docx\" target=\"_blank\">Modelo de Guia de Distribui\u00e7\u00e3o Inicial<\/a><\/h2>\t\t\t\t<\/div>\n\t\t\t\t<\/div>\n\t\t\t\t<div class=\"elementor-element elementor-element-4dac3ec elementor-widget elementor-widget-image\" data-id=\"4dac3ec\" data-element_type=\"widget\" data-widget_type=\"image.default\">\n\t\t\t\t<div class=\"elementor-widget-container\">\n\t\t\t\t\t\t\t\t\t\t\t\t\t\t\t\t<a href=\"https:\/\/redelog.rj.gov.br\/redebens\/wp-content\/uploads\/2024\/09\/Modelo%20Guia%20de%20distribui\u00e7\u00e3o%20inicial%20EDITADO.docx\" target=\"_blank\">\n\t\t\t\t\t\t\t<img decoding=\"async\" width=\"150\" height=\"150\" src=\"https:\/\/redelog.rj.gov.br\/redebens\/wp-content\/uploads\/2022\/05\/word-150x150.png\" class=\"attachment-thumbnail size-thumbnail wp-image-979\" alt=\"\" \/>\t\t\t\t\t\t\t\t<\/a>\n\t\t\t\t\t\t\t\t\t\t\t\t\t\t\t<\/div>\n\t\t\t\t<\/div>\n\t\t\t\t<div class=\"elementor-element elementor-element-84f851d elementor-widget elementor-widget-heading\" data-id=\"84f851d\" data-element_type=\"widget\" data-widget_type=\"heading.default\">\n\t\t\t\t<div class=\"elementor-widget-container\">\n\t\t\t\t\t<h2 class=\"elementor-heading-title elementor-size-default\"><a href=\"http:\/\/redelog.rj.gov.br\/redebens\/wp-content\/uploads\/2024\/09\/Modelo%20Guia%20de%20remanejamento%20EDITADO.docx\">Modelo de Guia de Remanejamento<\/a><\/h2>\t\t\t\t<\/div>\n\t\t\t\t<\/div>\n\t\t\t\t<div class=\"elementor-element elementor-element-a048980 elementor-widget elementor-widget-image\" data-id=\"a048980\" data-element_type=\"widget\" data-widget_type=\"image.default\">\n\t\t\t\t<div class=\"elementor-widget-container\">\n\t\t\t\t\t\t\t\t\t\t\t\t\t\t\t\t<a href=\"https:\/\/redelog.rj.gov.br\/redebens\/wp-content\/uploads\/2024\/09\/Modelo%20Guia%20de%20remanejamento%20EDITADO.docx\" target=\"_blank\">\n\t\t\t\t\t\t\t<img decoding=\"async\" width=\"150\" height=\"150\" src=\"https:\/\/redelog.rj.gov.br\/redebens\/wp-content\/uploads\/2022\/05\/word-150x150.png\" class=\"attachment-thumbnail size-thumbnail wp-image-979\" alt=\"\" \/>\t\t\t\t\t\t\t\t<\/a>\n\t\t\t\t\t\t\t\t\t\t\t\t\t\t\t<\/div>\n\t\t\t\t<\/div>\n\t\t\t\t<div class=\"elementor-element elementor-element-9a27785 elementor-widget elementor-widget-heading\" data-id=\"9a27785\" data-element_type=\"widget\" data-widget_type=\"heading.default\">\n\t\t\t\t<div class=\"elementor-widget-container\">\n\t\t\t\t\t<h2 class=\"elementor-heading-title elementor-size-default\"><a href=\"http:\/\/redelog.rj.gov.br\/redebens\/wp-content\/uploads\/2024\/09\/Modelo-Termo-de-Cautela-EDITADO.docx\">Modelo de Termo de Cautela<\/a><\/h2>\t\t\t\t<\/div>\n\t\t\t\t<\/div>\n\t\t\t\t<div class=\"elementor-element elementor-element-060d241 elementor-widget elementor-widget-image\" data-id=\"060d241\" data-element_type=\"widget\" data-widget_type=\"image.default\">\n\t\t\t\t<div class=\"elementor-widget-container\">\n\t\t\t\t\t\t\t\t\t\t\t\t\t\t\t\t<a href=\"https:\/\/redelog.rj.gov.br\/redebens\/wp-content\/uploads\/2024\/09\/Modelo-Termo-de-Cautela-EDITADO.docx\" target=\"_blank\">\n\t\t\t\t\t\t\t<img decoding=\"async\" width=\"150\" height=\"150\" src=\"https:\/\/redelog.rj.gov.br\/redebens\/wp-content\/uploads\/2022\/05\/word-150x150.png\" class=\"attachment-thumbnail size-thumbnail wp-image-979\" alt=\"\" \/>\t\t\t\t\t\t\t\t<\/a>\n\t\t\t\t\t\t\t\t\t\t\t\t\t\t\t<\/div>\n\t\t\t\t<\/div>\n\t\t\t\t<div class=\"elementor-element elementor-element-9da6623 elementor-widget-divider--view-line elementor-widget elementor-widget-divider\" data-id=\"9da6623\" data-element_type=\"widget\" data-widget_type=\"divider.default\">\n\t\t\t\t<div class=\"elementor-widget-container\">\n\t\t\t\t\t\t\t<div class=\"elementor-divider\">\n\t\t\t<span class=\"elementor-divider-separator\">\n\t\t\t\t\t\t<\/span>\n\t\t<\/div>\n\t\t\t\t\t\t<\/div>\n\t\t\t\t<\/div>\n\t\t\t\t<div class=\"elementor-element elementor-element-a8d5a34 elementor-widget elementor-widget-heading\" data-id=\"a8d5a34\" data-element_type=\"widget\" data-widget_type=\"heading.default\">\n\t\t\t\t<div class=\"elementor-widget-container\">\n\t\t\t\t\t<h2 class=\"elementor-heading-title elementor-size-default\">PERGUNTAS FREQUENTES<\/h2>\t\t\t\t<\/div>\n\t\t\t\t<\/div>\n\t\t\t\t<div class=\"elementor-element elementor-element-f9a4112 elementor-widget elementor-widget-toggle\" data-id=\"f9a4112\" data-element_type=\"widget\" data-widget_type=\"toggle.default\">\n\t\t\t\t<div class=\"elementor-widget-container\">\n\t\t\t\t\t\t\t<div class=\"elementor-toggle\">\n\t\t\t\t\t\t\t<div class=\"elementor-toggle-item\">\n\t\t\t\t\t<div id=\"elementor-tab-title-2611\" class=\"elementor-tab-title\" data-tab=\"1\" role=\"button\" aria-controls=\"elementor-tab-content-2611\" aria-expanded=\"false\">\n\t\t\t\t\t\t\t\t\t\t\t\t<span class=\"elementor-toggle-icon elementor-toggle-icon-left\" aria-hidden=\"true\">\n\t\t\t\t\t\t\t\t\t\t\t\t\t\t\t<span class=\"elementor-toggle-icon-closed\"><i class=\"fas fa-caret-right\"><\/i><\/span>\n\t\t\t\t\t\t\t\t<span class=\"elementor-toggle-icon-opened\"><i class=\"elementor-toggle-icon-opened fas fa-caret-up\"><\/i><\/span>\n\t\t\t\t\t\t\t\t\t\t\t\t\t<\/span>\n\t\t\t\t\t\t\t\t\t\t\t\t<a class=\"elementor-toggle-title\" tabindex=\"0\">1- A distribui\u00e7\u00e3o inicial \u00e9 o  ingresso do bem no \u00f3rg\u00e3o?<\/a>\n\t\t\t\t\t<\/div>\n\n\t\t\t\t\t<div id=\"elementor-tab-content-2611\" class=\"elementor-tab-content elementor-clearfix\" data-tab=\"1\" role=\"region\" aria-labelledby=\"elementor-tab-title-2611\"><p style=\"text-align: justify;\"><span style=\"font-weight: 400;\">N\u00e3o. O ingresso do bem no \u00f3rg\u00e3o\/entidade \u00e9 o recebimento do bem por meio do aceite comprobat\u00f3rio pelo gestor, levando ao cadastro inicial do bem na contabilidade patrimonial. Esse cadastro inicial \u00e9 a contabiliza\u00e7\u00e3o do bem numa conta provis\u00f3ria (<i>Bens m\u00f3veis a incorporar<\/i>) at\u00e9 o momento em que ocorrer sua incorpora\u00e7\u00e3o, momento a partir do qual o bem dever\u00e1 ser colocado em utiliza\u00e7\u00e3o. J\u00e1 a distribui\u00e7\u00e3o inicial \u00e9 a 1\u00aa movimenta\u00e7\u00e3o do bem para a localidade de destino na Unidade Gestora (subunidade ou UA) onde o bem estar\u00e1 em utiliza\u00e7\u00e3o. <\/span><\/p><\/div>\n\t\t\t\t<\/div>\n\t\t\t\t\t\t\t<div class=\"elementor-toggle-item\">\n\t\t\t\t\t<div id=\"elementor-tab-title-2612\" class=\"elementor-tab-title\" data-tab=\"2\" role=\"button\" aria-controls=\"elementor-tab-content-2612\" aria-expanded=\"false\">\n\t\t\t\t\t\t\t\t\t\t\t\t<span class=\"elementor-toggle-icon elementor-toggle-icon-left\" aria-hidden=\"true\">\n\t\t\t\t\t\t\t\t\t\t\t\t\t\t\t<span class=\"elementor-toggle-icon-closed\"><i class=\"fas fa-caret-right\"><\/i><\/span>\n\t\t\t\t\t\t\t\t<span class=\"elementor-toggle-icon-opened\"><i class=\"elementor-toggle-icon-opened fas fa-caret-up\"><\/i><\/span>\n\t\t\t\t\t\t\t\t\t\t\t\t\t<\/span>\n\t\t\t\t\t\t\t\t\t\t\t\t<a class=\"elementor-toggle-title\" tabindex=\"0\">2- De quem \u00e9 a responsabilidade pela guarda e conserva\u00e7\u00e3o dos bens no remanejamento para manuten\u00e7\u00e3o, conserto ou desfazimento?<\/a>\n\t\t\t\t\t<\/div>\n\n\t\t\t\t\t<div id=\"elementor-tab-content-2612\" class=\"elementor-tab-content elementor-clearfix\" data-tab=\"2\" role=\"region\" aria-labelledby=\"elementor-tab-title-2612\"><p><span style=\"font-weight: 400;\">Enquanto o bem estiver recolhido, a responsabilidade da guarda do bem ser\u00e1 do respons\u00e1vel patrimonial da unidade para onde o mesmo \u00e9 recolhido, podendo ser do gestor de bens m\u00f3veis da Unidade gestora ou do Agente de bens m\u00f3veis da Unidade Administrativa ou encarregado de subunidade.<\/span><\/p><p>\u00a0<\/p><\/div>\n\t\t\t\t<\/div>\n\t\t\t\t\t\t\t<div class=\"elementor-toggle-item\">\n\t\t\t\t\t<div id=\"elementor-tab-title-2613\" class=\"elementor-tab-title\" data-tab=\"3\" role=\"button\" aria-controls=\"elementor-tab-content-2613\" aria-expanded=\"false\">\n\t\t\t\t\t\t\t\t\t\t\t\t<span class=\"elementor-toggle-icon elementor-toggle-icon-left\" aria-hidden=\"true\">\n\t\t\t\t\t\t\t\t\t\t\t\t\t\t\t<span class=\"elementor-toggle-icon-closed\"><i class=\"fas fa-caret-right\"><\/i><\/span>\n\t\t\t\t\t\t\t\t<span class=\"elementor-toggle-icon-opened\"><i class=\"elementor-toggle-icon-opened fas fa-caret-up\"><\/i><\/span>\n\t\t\t\t\t\t\t\t\t\t\t\t\t<\/span>\n\t\t\t\t\t\t\t\t\t\t\t\t<a class=\"elementor-toggle-title\" tabindex=\"0\">3- Por que o bem dever\u00e1 ser retirado do uso para iniciar o desfazimento de bens inserv\u00edveis?<\/a>\n\t\t\t\t\t<\/div>\n\n\t\t\t\t\t<div id=\"elementor-tab-content-2613\" class=\"elementor-tab-content elementor-clearfix\" data-tab=\"3\" role=\"region\" aria-labelledby=\"elementor-tab-title-2613\"><p><span style=\"font-weight: 400;\">O bem deve ser recolhido para interromper sua utiliza\u00e7\u00e3o na localidade de uso. Al\u00e9m disso, ap\u00f3s autoriza\u00e7\u00e3o para o desfazimento, o valor do bem deve ser contabilizado em conta transit\u00f3ria de baixa (<\/span><i><span style=\"font-weight: 400;\">Bens M\u00f3veis obsoletos ou imprest\u00e1veis\/Bens m\u00f3veis a alienar<\/span><\/i><span style=\"font-weight: 400;\">), visando a cessar a contabiliza\u00e7\u00e3o da deprecia\u00e7\u00e3o at\u00e9 a baixa patrimonial definitiva.<\/span><\/p><\/div>\n\t\t\t\t<\/div>\n\t\t\t\t\t\t\t\t<\/div>\n\t\t\t\t\t\t<\/div>\n\t\t\t\t<\/div>\n\t\t\t\t<div class=\"elementor-element elementor-element-c251128 elementor-widget-divider--view-line elementor-widget elementor-widget-divider\" data-id=\"c251128\" data-element_type=\"widget\" data-widget_type=\"divider.default\">\n\t\t\t\t<div class=\"elementor-widget-container\">\n\t\t\t\t\t\t\t<div class=\"elementor-divider\">\n\t\t\t<span class=\"elementor-divider-separator\">\n\t\t\t\t\t\t<\/span>\n\t\t<\/div>\n\t\t\t\t\t\t<\/div>\n\t\t\t\t<\/div>\n\t\t\t\t\t<\/div>\n\t\t<\/div>\n\t\t\t\t\t<\/div>\n\t\t<\/section>\n\t\t\t\t<section class=\"elementor-section elementor-top-section elementor-element elementor-element-829036d elementor-section-boxed elementor-section-height-default elementor-section-height-default\" data-id=\"829036d\" data-element_type=\"section\">\n\t\t\t\t\t\t<div class=\"elementor-container elementor-column-gap-default\">\n\t\t\t\t\t<div class=\"elementor-column elementor-col-100 elementor-top-column elementor-element elementor-element-c5ddee7\" data-id=\"c5ddee7\" data-element_type=\"column\">\n\t\t\t<div class=\"elementor-widget-wrap elementor-element-populated\">\n\t\t\t\t\t\t<section class=\"elementor-section elementor-inner-section elementor-element elementor-element-2644d0c elementor-section-boxed elementor-section-height-default elementor-section-height-default\" data-id=\"2644d0c\" data-element_type=\"section\">\n\t\t\t\t\t\t<div class=\"elementor-container elementor-column-gap-default\">\n\t\t\t\t\t<div class=\"elementor-column elementor-col-50 elementor-inner-column elementor-element elementor-element-df6f027\" data-id=\"df6f027\" data-element_type=\"column\">\n\t\t\t<div class=\"elementor-widget-wrap elementor-element-populated\">\n\t\t\t\t\t\t<div class=\"elementor-element elementor-element-96de6ed elementor-widget elementor-widget-text-editor\" data-id=\"96de6ed\" data-element_type=\"widget\" data-widget_type=\"text-editor.default\">\n\t\t\t\t<div class=\"elementor-widget-container\">\n\t\t\t\t\t\t\t\t\t<p style=\"text-align: left;\"><a href=\"https:\/\/redelog.rj.gov.br\/redebens\/incorporacao\/\">\u2190 INCORPORA\u00c7\u00c3O<\/a><\/p>\t\t\t\t\t\t\t\t<\/div>\n\t\t\t\t<\/div>\n\t\t\t\t\t<\/div>\n\t\t<\/div>\n\t\t\t\t<div class=\"elementor-column elementor-col-50 elementor-inner-column elementor-element elementor-element-0eba5e8\" data-id=\"0eba5e8\" data-element_type=\"column\">\n\t\t\t<div class=\"elementor-widget-wrap elementor-element-populated\">\n\t\t\t\t\t\t<div class=\"elementor-element elementor-element-449f79b elementor-widget elementor-widget-text-editor\" data-id=\"449f79b\" data-element_type=\"widget\" data-widget_type=\"text-editor.default\">\n\t\t\t\t<div class=\"elementor-widget-container\">\n\t\t\t\t\t\t\t\t\t<p style=\"text-align: right;\"><a href=\"https:\/\/redelog.rj.gov.br\/redebens\/saida-temporaria-de-bens\/\">CESS\u00c3O E PERMISS\u00c3O \u2192<\/a><\/p>\t\t\t\t\t\t\t\t<\/div>\n\t\t\t\t<\/div>\n\t\t\t\t\t<\/div>\n\t\t<\/div>\n\t\t\t\t\t<\/div>\n\t\t<\/section>\n\t\t\t\t\t<\/div>\n\t\t<\/div>\n\t\t\t\t\t<\/div>\n\t\t<\/section>\n\t\t\t\t<\/div>\n\t\t","protected":false},"excerpt":{"rendered":"<p>Entende-se por movimenta\u00e7\u00e3o de bens m\u00f3veis o ato de deslocar os bens m\u00f3veis internamente nos \u00f3rg\u00e3os\/entidades. Ou seja, trata-se da movimenta\u00e7\u00e3o interna de bens m\u00f3veis na Unidade Gestora. Vale distinguir que o termo Transfer\u00eancia \u00e9 utilizado no Decreto n\u00ba 49.289 de 17 de setembro de 2024&nbsp;&nbsp;para se referir \u00e0 movimenta\u00e7\u00e3o externa, quando h\u00e1 sa\u00edda definitiva [&hellip;]<\/p>\n","protected":false},"author":6,"featured_media":0,"comment_status":"closed","ping_status":"open","sticky":false,"template":"","format":"standard","meta":{"footnotes":""},"categories":[8],"tags":[],"class_list":["post-7068","post","type-post","status-publish","format-standard","hentry","category-base-conhecimento"],"publishpress_future_action":{"enabled":false,"date":"2026-05-09 09:39:47","action":"change-status","newStatus":"draft","terms":[],"taxonomy":"category","extraData":[]},"publishpress_future_workflow_manual_trigger":{"enabledWorkflows":[]},"_links":{"self":[{"href":"https:\/\/redelog.rj.gov.br\/redebens\/wp-json\/wp\/v2\/posts\/7068","targetHints":{"allow":["GET"]}}],"collection":[{"href":"https:\/\/redelog.rj.gov.br\/redebens\/wp-json\/wp\/v2\/posts"}],"about":[{"href":"https:\/\/redelog.rj.gov.br\/redebens\/wp-json\/wp\/v2\/types\/post"}],"author":[{"embeddable":true,"href":"https:\/\/redelog.rj.gov.br\/redebens\/wp-json\/wp\/v2\/users\/6"}],"replies":[{"embeddable":true,"href":"https:\/\/redelog.rj.gov.br\/redebens\/wp-json\/wp\/v2\/comments?post=7068"}],"version-history":[{"count":116,"href":"https:\/\/redelog.rj.gov.br\/redebens\/wp-json\/wp\/v2\/posts\/7068\/revisions"}],"predecessor-version":[{"id":7948,"href":"https:\/\/redelog.rj.gov.br\/redebens\/wp-json\/wp\/v2\/posts\/7068\/revisions\/7948"}],"wp:attachment":[{"href":"https:\/\/redelog.rj.gov.br\/redebens\/wp-json\/wp\/v2\/media?parent=7068"}],"wp:term":[{"taxonomy":"category","embeddable":true,"href":"https:\/\/redelog.rj.gov.br\/redebens\/wp-json\/wp\/v2\/categories?post=7068"},{"taxonomy":"post_tag","embeddable":true,"href":"https:\/\/redelog.rj.gov.br\/redebens\/wp-json\/wp\/v2\/tags?post=7068"}],"curies":[{"name":"wp","href":"https:\/\/api.w.org\/{rel}","templated":true}]}}