{"id":7066,"date":"2024-09-20T16:12:25","date_gmt":"2024-09-20T19:12:25","guid":{"rendered":"https:\/\/redelog.rj.gov.br\/redebens\/?p=7066"},"modified":"2025-10-03T10:07:00","modified_gmt":"2025-10-03T13:07:00","slug":"incorporacao","status":"publish","type":"post","link":"https:\/\/redelog.rj.gov.br\/redebens\/incorporacao\/","title":{"rendered":"INCORPORA\u00c7\u00c3O"},"content":{"rendered":"\t\t<div data-elementor-type=\"wp-post\" data-elementor-id=\"7066\" class=\"elementor elementor-7066\" data-elementor-post-type=\"post\">\n\t\t\t\t\t\t<section class=\"elementor-section elementor-top-section elementor-element elementor-element-b3e23f6 elementor-section-boxed elementor-section-height-default elementor-section-height-default\" data-id=\"b3e23f6\" data-element_type=\"section\">\n\t\t\t\t\t\t<div class=\"elementor-container elementor-column-gap-default\">\n\t\t\t\t\t<div class=\"elementor-column elementor-col-100 elementor-top-column elementor-element elementor-element-c9bae0d\" data-id=\"c9bae0d\" data-element_type=\"column\">\n\t\t\t<div class=\"elementor-widget-wrap elementor-element-populated\">\n\t\t\t\t\t\t<div class=\"elementor-element elementor-element-7a7b199 elementor-widget-divider--view-line elementor-widget elementor-widget-divider\" data-id=\"7a7b199\" data-element_type=\"widget\" data-widget_type=\"divider.default\">\n\t\t\t\t<div class=\"elementor-widget-container\">\n\t\t\t\t\t\t\t<div class=\"elementor-divider\">\n\t\t\t<span class=\"elementor-divider-separator\">\n\t\t\t\t\t\t<\/span>\n\t\t<\/div>\n\t\t\t\t\t\t<\/div>\n\t\t\t\t<\/div>\n\t\t\t\t<div class=\"elementor-element elementor-element-fd13f10 elementor-position-left elementor-vertical-align-middle elementor-widget elementor-widget-image-box\" data-id=\"fd13f10\" data-element_type=\"widget\" data-widget_type=\"image-box.default\">\n\t\t\t\t<div class=\"elementor-widget-container\">\n\t\t\t\t\t<div class=\"elementor-image-box-wrapper\"><figure class=\"elementor-image-box-img\"><a href=\"https:\/\/leisestaduais.com.br\/rj\/decreto-n-49289-2024-rio-de-janeiro-regulamenta-a-gestao-dos-bens-moveis-no-ambito-do-poder-executivo-do-estado-o-rio-de-janeiro?q=49289&#038;origin=instituicao#\" tabindex=\"-1\"><img fetchpriority=\"high\" decoding=\"async\" width=\"512\" height=\"512\" src=\"https:\/\/redelog.rj.gov.br\/redebens\/wp-content\/uploads\/2022\/05\/Incorporacao-1.png\" class=\"attachment-large size-large wp-image-1048\" alt=\"\" srcset=\"https:\/\/redelog.rj.gov.br\/redebens\/wp-content\/uploads\/2022\/05\/Incorporacao-1.png 512w, https:\/\/redelog.rj.gov.br\/redebens\/wp-content\/uploads\/2022\/05\/Incorporacao-1-300x300.png 300w, https:\/\/redelog.rj.gov.br\/redebens\/wp-content\/uploads\/2022\/05\/Incorporacao-1-150x150.png 150w, https:\/\/redelog.rj.gov.br\/redebens\/wp-content\/uploads\/2022\/05\/Incorporacao-1-230x230.png 230w, https:\/\/redelog.rj.gov.br\/redebens\/wp-content\/uploads\/2022\/05\/Incorporacao-1-400x400.png 400w\" sizes=\"(max-width: 512px) 100vw, 512px\" \/><\/a><\/figure><div class=\"elementor-image-box-content\"><p class=\"elementor-image-box-description\">De acordo com o <b>art. 39 do Decreto n\u00ba 49.289 de 17 de setembro de 2024<b>, incorpora\u00e7\u00e3o \u00e9 um <b>processo pelo qual o bem de natureza permanente passa a compor os registros patrimoniais da entidade<\/b> e inclui o cadastro do bem m\u00f3vel no acervo patrimonial do \u00f3rg\u00e3o\/entidade e a sua devida identifica\u00e7\u00e3o.<\/p><\/div><\/div>\t\t\t\t<\/div>\n\t\t\t\t<\/div>\n\t\t\t\t<div class=\"elementor-element elementor-element-a8efc73 elementor-widget elementor-widget-image\" data-id=\"a8efc73\" data-element_type=\"widget\" data-widget_type=\"image.default\">\n\t\t\t\t<div class=\"elementor-widget-container\">\n\t\t\t\t\t\t\t\t\t\t\t\t\t\t\t<img decoding=\"async\" width=\"1024\" height=\"711\" src=\"https:\/\/redelog.rj.gov.br\/redebens\/wp-content\/uploads\/2022\/05\/bar-code-24157_1280-1024x711.png\" class=\"attachment-large size-large wp-image-1888\" alt=\"\" srcset=\"https:\/\/redelog.rj.gov.br\/redebens\/wp-content\/uploads\/2022\/05\/bar-code-24157_1280-1024x711.png 1024w, https:\/\/redelog.rj.gov.br\/redebens\/wp-content\/uploads\/2022\/05\/bar-code-24157_1280-300x208.png 300w, https:\/\/redelog.rj.gov.br\/redebens\/wp-content\/uploads\/2022\/05\/bar-code-24157_1280-768x533.png 768w, https:\/\/redelog.rj.gov.br\/redebens\/wp-content\/uploads\/2022\/05\/bar-code-24157_1280-600x417.png 600w, https:\/\/redelog.rj.gov.br\/redebens\/wp-content\/uploads\/2022\/05\/bar-code-24157_1280.png 1280w\" sizes=\"(max-width: 1024px) 100vw, 1024px\" \/>\t\t\t\t\t\t\t\t\t\t\t\t\t\t\t<\/div>\n\t\t\t\t<\/div>\n\t\t\t\t<div class=\"elementor-element elementor-element-84b603a elementor-widget elementor-widget-text-editor\" data-id=\"84b603a\" data-element_type=\"widget\" data-widget_type=\"text-editor.default\">\n\t\t\t\t<div class=\"elementor-widget-container\">\n\t\t\t\t\t\t\t\t\t<p><span style=\"font-weight: 400;\">Sendo assim, <\/span><b>a incorpora\u00e7\u00e3o ocorre ap\u00f3s o recebimento do bem e impacta no registro cont\u00e1bil<\/b><span style=\"font-weight: 400;\">, uma vez que, a partir do momento que o bem \u00e9 incorporado no \u00f3rg\u00e3o\/entidade, deve ser <\/span><b>contabilizado em conta definitiva de material permanente<\/b><span style=\"font-weight: 400;\">.\u00a0<\/span><\/p><p><span style=\"font-weight: 400;\">A partir do momento que o <\/span><b>bem torna-se dispon\u00edvel para uso<\/b><span style=\"font-weight: 400;\">, ele est\u00e1 sujeito a desgaste e essa \u201cperda\u201d deve ser contabilizada por meio da <\/span><b>deprecia\u00e7\u00e3o<\/b><span style=\"font-weight: 400;\"> mensal.<\/span><\/p><p><span style=\"font-weight: 400;\">Para cada grupo de bens existe uma <\/span><b>classifica\u00e7\u00e3o or\u00e7ament\u00e1ria da Natureza de despesa de material permanente<\/b><span style=\"font-weight: 400;\">, a qual corresponde sua <\/span><b>respectiva conta cont\u00e1bil patrimonial<\/b><span style=\"font-weight: 400;\">. \u00c9 poss\u00edvel verificar a classifica\u00e7\u00e3o da natureza no <\/span><a href=\"https:\/\/drive.google.com\/file\/d\/1gmrWGIBfCQEmS5sXhYGts6pSKyQfXqtP\/view?usp=sharing\" target=\"_blank\" rel=\"noopener\"><b>Classificador de planejamento e or\u00e7amento do Estado.<\/b><\/a><span style=\"font-weight: 400;\"><br \/><\/span><\/p>\t\t\t\t\t\t\t\t<\/div>\n\t\t\t\t<\/div>\n\t\t\t\t<div class=\"elementor-element elementor-element-4174e4d elementor-widget elementor-widget-heading\" data-id=\"4174e4d\" data-element_type=\"widget\" data-widget_type=\"heading.default\">\n\t\t\t\t<div class=\"elementor-widget-container\">\n\t\t\t\t\t<h2 class=\"elementor-heading-title elementor-size-large\">Etapas da Incorpora\u00e7\u00e3o<\/h2>\t\t\t\t<\/div>\n\t\t\t\t<\/div>\n\t\t\t\t<div class=\"elementor-element elementor-element-f024926 elementor-widget elementor-widget-text-editor\" data-id=\"f024926\" data-element_type=\"widget\" data-widget_type=\"text-editor.default\">\n\t\t\t\t<div class=\"elementor-widget-container\">\n\t\t\t\t\t\t\t\t\t<ol><li><b> Registro anal\u00edtico<\/b><span style=\"font-weight: 400;\"> no sistema informatizado de controle patrimonial (<\/span><span style=\"font-weight: 400;\">caracter\u00edsticas f\u00edsicas, especifica\u00e7\u00f5es t\u00e9cnicas, valor de aquisi\u00e7\u00e3o, dentre outros)<\/span><span style=\"font-weight: 400;\">;<\/span><\/li><li><b> Gera\u00e7\u00e3o do n\u00famero patrimonial<\/b><span style=\"font-weight: 400;\">;<\/span><\/li><li><b> Identifica\u00e7\u00e3o visual<\/b><span style=\"font-weight: 400;\"> dos bens com o n\u00famero de registro;<\/span><\/li><li><span style=\"font-weight: 400;\"> Comunica\u00e7\u00e3o com o setor de contabilidade para que proceda ao <\/span><b>registro cont\u00e1bil.\u00a0\u00a0<\/b><\/li><\/ol><div><span style=\"color: var( --e-global-color-text ); letter-spacing: 0px;\">Quando o bem m\u00f3vel for adquirido pelas unidades administrativas ou subunidades, o\u00a0<\/span><span style=\"color: var( --e-global-color-text ); letter-spacing: 0px; font-weight: bold;\">gestor de bens m\u00f3veis<\/span><span style=\"color: var( --e-global-color-text ); letter-spacing: 0px;\">\u00a0do \u00f3rg\u00e3o\/entidade\u00a0<\/span><span style=\"color: var( --e-global-color-text ); letter-spacing: 0px; font-weight: bold;\">dever\u00e1 ser formalmente notificado<\/span><span style=\"color: var( --e-global-color-text ); letter-spacing: 0px;\">\u00a0da incorpora\u00e7\u00e3o, no\u00a0<\/span><span style=\"color: var( --e-global-color-text ); letter-spacing: 0px; font-weight: bold;\">prazo m\u00e1ximo<\/span><span style=\"color: var( --e-global-color-text ); letter-spacing: 0px;\">\u00a0de\u00a0<\/span><span style=\"color: var( --e-global-color-text ); letter-spacing: 0px; font-weight: bold;\">30 dias<\/span><span style=\"color: var( --e-global-color-text ); letter-spacing: 0px;\">.<\/span><span style=\"color: var( --e-global-color-text ); letter-spacing: 0px; font-weight: bold;\">\u00a0\u00a0<\/span><\/div><div><span style=\"color: var( --e-global-color-text ); letter-spacing: 0px; font-weight: bold;\">\u00a0<\/span><\/div>\t\t\t\t\t\t\t\t<\/div>\n\t\t\t\t<\/div>\n\t\t\t\t<div class=\"elementor-element elementor-element-e3eb14a elementor-widget elementor-widget-heading\" data-id=\"e3eb14a\" data-element_type=\"widget\" data-widget_type=\"heading.default\">\n\t\t\t\t<div class=\"elementor-widget-container\">\n\t\t\t\t\t<h2 class=\"elementor-heading-title elementor-size-large\">Incorpora\u00e7\u00e3o de bens m\u00f3veis de baixo valor monet\u00e1rio<\/h2>\t\t\t\t<\/div>\n\t\t\t\t<\/div>\n\t\t\t\t<div class=\"elementor-element elementor-element-50c8448 elementor-widget elementor-widget-text-editor\" data-id=\"50c8448\" data-element_type=\"widget\" data-widget_type=\"text-editor.default\">\n\t\t\t\t<div class=\"elementor-widget-container\">\n\t\t\t\t\t\t\t\t\t<p><span style=\"font-weight: 400;\">A Constitui\u00e7\u00e3o Federal prev\u00ea o princ\u00edpio da economicidade (art. 70), que se traduz na rela\u00e7\u00e3o&nbsp; <\/span><b>custo-benef\u00edcio<\/b><span style=\"font-weight: 400;\">. Assim, os <\/span><b>controles devem ser simplificados<\/b><span style=\"font-weight: 400;\"> quando se apresentam como meramente formais ou cujo custo seja evidentemente superior ao risco.<\/span><\/p>\n<p><span style=\"font-weight: 400;\">Dessa forma, se um material for adquirido como permanente e ficar <\/span><b>comprovado que possui custo de controle superior<\/b><span style=\"font-weight: 400;\"> ao seu benef\u00edcio, deve ser controlado de forma simplificada, por meio de rela\u00e7\u00e3o-carga, que mede apenas aspectos qualitativos e quantitativos<\/span><b>, n\u00e3o havendo necessidade de controle por meio de n\u00famero patrimonial<\/b><span style=\"font-weight: 400;\">. No entanto, esses bens <\/span><b>dever\u00e3o estar registrados contabilmente no patrim\u00f4nio da entidade<\/b><span style=\"font-weight: 400;\">.<\/span><\/p>\n<p><span style=\"font-weight: 400;\">O <\/span><b>controle<\/b><span style=\"font-weight: 400;\"> dos Bens M\u00f3veis com <\/span><b>baixo valor monet\u00e1rio<\/b><span style=\"font-weight: 400;\"> pode ser realizado na forma prevista para materiais de consumo, <\/span><b>p<\/b><strong>odendo<\/strong><strong style=\"font-weight: 400;\"> ser <\/strong><b>dispensados da incorpora\u00e7\u00e3o<\/b><b> ao patrim\u00f4nio os bens m\u00f3veis<\/b><span style=\"font-weight: 400;\"> cujo<strong> val<\/strong><\/span><b>or de aquisi\u00e7\u00e3o<\/b> for<b> inferior a R$ 1.200,00<\/b><span style=\"font-weight: 400;\"> (mil e duzentos reais), de acordo com o estabelecido n<\/span><span style=\"font-weight: 400;\">o caput do art. 15 do <\/span><a href=\"https:\/\/www.planalto.gov.br\/ccivil_03\/decreto-lei\/del1598.htm\" target=\"_blank\" rel=\"noopener\"><b>Decreto-Lei n.\u00ba 1.598, de 26 de dezembro de 1977<\/b><\/a><span style=\"font-weight: 400;\">, com reda\u00e7\u00e3o dada pela <\/span>Lei n\u00ba 12.973, de 13 de maio de 2014<span style=\"font-weight: 400;\">, e altera\u00e7\u00f5es posteriores. Tal prerrogativa aplica-se apenas \u00e0s <b>novas aquisi\u00e7\u00f5es<\/b>, sendo <b>vedada<\/b> sua ado\u00e7\u00e3o aos <b>bens j\u00e1 incorporados<\/b>.<\/span><\/p>\n<p><b>ATEN\u00c7\u00c3O<\/b><span style=\"font-weight: 400;\">: O <\/span><b>valor<\/b><span style=\"font-weight: 400;\"> de aquisi\u00e7\u00e3o do bem <\/span><b>n\u00e3o deve ser o \u00fanico crit\u00e9rio<\/b><span style=\"font-weight: 400;\"> para a <b>dispensa de incorpora\u00e7\u00e3o<\/b>, pois s\u00e3o necess\u00e1rios&nbsp;<b>outros crit\u00e9rios de relev\u00e2ncia<\/b> para a UG, quando cab\u00edvel.<\/span><\/p>\n<p><span style=\"font-weight: 400;\"> Os bens m\u00f3veis, <\/span><b>durante o processo de incorpora\u00e7\u00e3o<\/b><span style=\"font-weight: 400;\"> at\u00e9 a sua distribui\u00e7\u00e3o inicial, <\/span><b>podem ser guardados no almoxarifado<\/b><span style=\"font-weight: 400;\">,ou em qualquer outro <strong>local que garanta a seguran\u00e7a<\/strong> e o <strong>acondicionamento<\/strong> adequados, assim como os bens m\u00f3veis em manuten\u00e7\u00e3o e em processo de desfazimento.<\/span><\/p>\t\t\t\t\t\t\t\t<\/div>\n\t\t\t\t<\/div>\n\t\t\t\t<div class=\"elementor-element elementor-element-6d23ec2 elementor-widget elementor-widget-heading\" data-id=\"6d23ec2\" data-element_type=\"widget\" data-widget_type=\"heading.default\">\n\t\t\t\t<div class=\"elementor-widget-container\">\n\t\t\t\t\t<h2 class=\"elementor-heading-title elementor-size-large\">Identifica\u00e7\u00e3o Visual dos Bens M\u00f3veis<\/h2>\t\t\t\t<\/div>\n\t\t\t\t<\/div>\n\t\t\t\t<div class=\"elementor-element elementor-element-ecc4597 elementor-widget elementor-widget-text-editor\" data-id=\"ecc4597\" data-element_type=\"widget\" data-widget_type=\"text-editor.default\">\n\t\t\t\t<div class=\"elementor-widget-container\">\n\t\t\t\t\t\t\t\t\t<p><span style=\"font-weight: 400;\">Todo bem m\u00f3vel dever\u00e1 ser identificado com o <\/span><b>n\u00famero de registro patrimonial, sequencial e n\u00e3o reutiliz\u00e1vel <\/b><span style=\"font-weight: 400;\">e gravado em etiquetas, plaquetas, grava\u00e7\u00e3o mec\u00e2nica ou pirogr\u00e1fica, adesiva, carimbo, pintura e afins.<\/span><\/p><p><span style=\"font-weight: 400;\">O n\u00famero de registro dever\u00e1 ser <\/span><b>fixado em local de f\u00e1cil visualiza\u00e7\u00e3o e com boa ader\u00eancia<\/b><span style=\"font-weight: 400;\">, evitando-se \u00e1reas que possam curvar, dobrar ou acarretar a deteriora\u00e7\u00e3o da plaqueta, que n\u00e3o deve ser colada sobre \u00e1rea com informa\u00e7\u00e3o do fabricante.<\/span><\/p><p><span style=\"font-weight: 400;\">A identifica\u00e7\u00e3o \u00e9 <\/span><b>facultativa <\/b><span style=\"font-weight: 400;\">para bens m\u00f3veis de pequeno porte, obras de arte, livros, entre outros cuja identifica\u00e7\u00e3o possa danificar ou limitar o uso do bem m\u00f3vel.<\/span><\/p>\t\t\t\t\t\t\t\t<\/div>\n\t\t\t\t<\/div>\n\t\t\t\t<div class=\"elementor-element elementor-element-2899fc1 elementor-widget elementor-widget-heading\" data-id=\"2899fc1\" data-element_type=\"widget\" data-widget_type=\"heading.default\">\n\t\t\t\t<div class=\"elementor-widget-container\">\n\t\t\t\t\t<h2 class=\"elementor-heading-title elementor-size-large\">Incorpora\u00e7\u00e3o a im\u00f3veis<\/h2>\t\t\t\t<\/div>\n\t\t\t\t<\/div>\n\t\t\t\t<div class=\"elementor-element elementor-element-43beeb1 elementor-widget elementor-widget-text-editor\" data-id=\"43beeb1\" data-element_type=\"widget\" data-widget_type=\"text-editor.default\">\n\t\t\t\t<div class=\"elementor-widget-container\">\n\t\t\t\t\t\t\t\t\t<p><span style=\"font-weight: 400;\">\u00c9 <\/span><b>facultativa<\/b><span style=\"font-weight: 400;\">\u00a0a <\/span><b>incorpora\u00e7\u00e3o de bens m\u00f3veis<\/b><span style=\"font-weight: 400;\">\u00a0<\/span><span style=\"color: var( --e-global-color-text ); letter-spacing: 0px; font-weight: bold;\">aos bens im\u00f3veis<\/span><span style=\"color: var( --e-global-color-text ); letter-spacing: 0px;\">, tais como cortinas, biombos, divis\u00f3rias, entre outros que <\/span><b style=\"color: var( --e-global-color-text ); letter-spacing: 0px;\">possam ser removidos ou recuperados, <\/b><span style=\"color: var( --e-global-color-text ); letter-spacing: 0px;\">cabendo a <\/span><b style=\"color: var( --e-global-color-text ); letter-spacing: 0px;\">decis\u00e3o<\/b><span style=\"color: var( --e-global-color-text ); letter-spacing: 0px;\"> pela incorpora\u00e7\u00e3o ao <\/span><b style=\"color: var( --e-global-color-text ); letter-spacing: 0px;\">gestor<\/b><span style=\"color: var( --e-global-color-text ); letter-spacing: 0px;\"> de bens m\u00f3veis, com a <\/span><b style=\"color: var( --e-global-color-text ); letter-spacing: 0px;\">devida justificativa<\/b><span style=\"color: var( --e-global-color-text ); letter-spacing: 0px;\">. Quando o<\/span><span style=\"color: var( --e-global-color-text ); letter-spacing: 0px;\"> custo de controle desses bens for superior ao seu benef\u00edcio ou comprovada a dificuldade de control\u00e1-los por meio de n\u00famero patrimonial, devem ser<\/span><b style=\"color: var( --e-global-color-text ); letter-spacing: 0px;\"> controlados de modo simplificado<\/b><span style=\"color: var( --e-global-color-text ); letter-spacing: 0px;\"> por meio de rela\u00e7\u00e3o-carga, medindo apenas aspectos qualitativos e quantitativos.<\/span><\/p><p><span style=\"font-weight: 400;\">Entretanto, quando esses <b>bens m\u00f3veis<\/b> foram adquiridos para uso em <b>im\u00f3veis alugados<\/b>, dever\u00e3o ser <b>incorporados<\/b>, devendo ser retirados quando da entrega do im\u00f3vel. E, se deteriorados e sem condi\u00e7\u00f5es de uso, dever\u00e3o ser baixados.<\/span><\/p><p><span style=\"font-weight: 400;\">Os bens m\u00f3veis que sejam <\/span><b>incorpor\u00e1veis<\/b><span style=\"font-weight: 400;\"> ou inerentes a um <\/span><b>im\u00f3vel<\/b><span style=\"font-weight: 400;\"> que <\/span><b>n\u00e3o incorram na sua amplia\u00e7\u00e3o f\u00edsica<\/b><span style=\"font-weight: 400;\">, tais como <\/span><b>elevadores, sistema de ar condicionado central, sistema hidrante, sistema de ilumina\u00e7\u00e3o<\/b><span style=\"font-weight: 400;\">, dentre outros, mas que comprovadamente ocasionem <\/span><b>amplia\u00e7\u00e3o relevante do potencial de gera\u00e7\u00e3o de benef\u00edcios econ\u00f4micos<\/b><span style=\"font-weight: 400;\"> futuros ou de servi\u00e7os, <\/span><b>poder\u00e3o ser incorporados aos im\u00f3veis<\/b><span style=\"font-weight: 400;\">, inclusive seus respectivos valores, sendo tais <\/span><b>despesas<\/b><span style=\"font-weight: 400;\"> consideradas como <\/span><b>obras<\/b><span style=\"font-weight: 400;\"> e <\/span><b>instala\u00e7\u00f5es<\/b><span style=\"font-weight: 400;\">. <\/span><\/p>\t\t\t\t\t\t\t\t<\/div>\n\t\t\t\t<\/div>\n\t\t\t\t<div class=\"elementor-element elementor-element-84aea9c elementor-widget elementor-widget-heading\" data-id=\"84aea9c\" data-element_type=\"widget\" data-widget_type=\"heading.default\">\n\t\t\t\t<div class=\"elementor-widget-container\">\n\t\t\t\t\t<h2 class=\"elementor-heading-title elementor-size-large\">Incorpora\u00e7\u00e3o por conv\u00eanio<\/h2>\t\t\t\t<\/div>\n\t\t\t\t<\/div>\n\t\t\t\t<div class=\"elementor-element elementor-element-357d66b elementor-widget elementor-widget-text-editor\" data-id=\"357d66b\" data-element_type=\"widget\" data-widget_type=\"text-editor.default\">\n\t\t\t\t<div class=\"elementor-widget-container\">\n\t\t\t\t\t\t\t\t\t<p><span style=\"font-weight: 400;\">O ingresso de <\/span><b>bens m\u00f3veis adquiridos com recursos de conv\u00eanios ou contratos<\/b><span style=\"font-weight: 400;\"> que, por disposi\u00e7\u00e3o desses tenham per\u00edodo de car\u00eancia, encerrando-se o prazo, esses bens dever\u00e3o ser incorporados, como se adquiridos nesta data.<\/span><\/p><p><span style=\"font-weight: 400;\">A incorpora\u00e7\u00e3o de bens m\u00f3veis, decorrentes de conv\u00eanios ou contratos com prazo de car\u00eancia superior a 1 (um) ano dever\u00e1 ser precedida de <\/span><a href=\"https:\/\/redelog.rj.gov.br\/redebens\/avaliacao-reavaliacao\/\" target=\"_blank\" rel=\"noopener\"><b>reavalia\u00e7\u00e3o <\/b><\/a><span style=\"font-weight: 400;\">e ter estabelecida nova vida \u00fatil.<\/span><\/p>\t\t\t\t\t\t\t\t<\/div>\n\t\t\t\t<\/div>\n\t\t\t\t<div class=\"elementor-element elementor-element-34f6f3f elementor-widget elementor-widget-heading\" data-id=\"34f6f3f\" data-element_type=\"widget\" data-widget_type=\"heading.default\">\n\t\t\t\t<div class=\"elementor-widget-container\">\n\t\t\t\t\t<h2 class=\"elementor-heading-title elementor-size-large\">Incorpora\u00e7\u00e3o de bem achado<\/h2>\t\t\t\t<\/div>\n\t\t\t\t<\/div>\n\t\t\t\t<div class=\"elementor-element elementor-element-b500626 elementor-widget elementor-widget-text-editor\" data-id=\"b500626\" data-element_type=\"widget\" data-widget_type=\"text-editor.default\">\n\t\t\t\t<div class=\"elementor-widget-container\">\n\t\t\t\t\t\t\t\t\t<p><b>Achados<\/b><span style=\"font-weight: 400;\"> s\u00e3o <\/span><b>os bens m\u00f3veis localizados e ainda n\u00e3o incorporados<\/b><span style=\"font-weight: 400;\">, resultantes de levantamento f\u00edsico (invent\u00e1rio). Ap\u00f3s o encerramento do invent\u00e1rio, os <\/span><b>bens m\u00f3veis achados<\/b><span style=\"font-weight: 400;\"> dever\u00e3o ser <\/span><b><a href=\"https:\/\/redelog.rj.gov.br\/redebens\/reavaliacao-de-bens\/\">avaliados<\/a> e incorporados<\/b><span style=\"font-weight: 400;\">.<\/span><\/p><p><span style=\"font-weight: 400;\">Para atribuir um valor monet\u00e1rio a um bem achado visando a incorpor\u00e1-lo ao patrim\u00f4nio, deve-se adotar os procedimentos estabelecidos pelo m\u00e9todo do Tratamento Inicial estabelecido na <a href=\"https:\/\/redelog.rj.gov.br\/redelog\/portaria-cge-179\/\" target=\"_blank\" rel=\"noopener\"><strong>Portaria CGE n\u00ba 179\/2014<\/strong><\/a> para a avalia\u00e7\u00e3o inicial.<\/span><\/p><p><span style=\"font-weight: 400;\">Analise as caracter\u00edsticas do <\/span><b>bem achado<\/b><span style=\"font-weight: 400;\">, pesquise<\/span><b> pelo menos 3 pre\u00e7os<\/b><span style=\"font-weight: 400;\"> na internet ou em outros meios de pesquisa para calcular a m\u00e9dia de pre\u00e7o (<\/span><b>Valor de Mercado<\/b><span style=\"font-weight: 400;\">).\u00a0<\/span><\/p><p><span style=\"font-weight: 400;\">Em seguida, atribui-se um valor ao bem usando o <\/span><b>fator de avalia\u00e7\u00e3o<\/b><span style=\"font-weight: 400;\"> da Portaria n\u00ba 179\/2014 <\/span><span style=\"font-weight: 400;\">(art. 9\u00ba, \u00a7\u00a7 1\u00ba e 2\u00ba) <\/span><span style=\"font-weight: 400;\">para estipular um pre\u00e7o aproximado do referido material, conforme abaixo:\u00a0<\/span><\/p>\t\t\t\t\t\t\t\t<\/div>\n\t\t\t\t<\/div>\n\t\t\t\t<div class=\"elementor-element elementor-element-905542e elementor-widget elementor-widget-image\" data-id=\"905542e\" data-element_type=\"widget\" data-widget_type=\"image.default\">\n\t\t\t\t<div class=\"elementor-widget-container\">\n\t\t\t\t\t\t\t\t\t\t\t\t\t\t\t\t<a href=\"https:\/\/drive.google.com\/file\/d\/1yow6GJ5r36bTRUradnTIbGDiWNXt7cKc\/view?usp=drive_link\" target=\"_blank\">\n\t\t\t\t\t\t\t<img decoding=\"async\" width=\"1024\" height=\"534\" src=\"https:\/\/redelog.rj.gov.br\/redebens\/wp-content\/uploads\/2022\/05\/Avaliacao-formula-5-1024x534.png\" class=\"attachment-large size-large wp-image-2582\" alt=\"\" srcset=\"https:\/\/redelog.rj.gov.br\/redebens\/wp-content\/uploads\/2022\/05\/Avaliacao-formula-5-1024x534.png 1024w, https:\/\/redelog.rj.gov.br\/redebens\/wp-content\/uploads\/2022\/05\/Avaliacao-formula-5-300x156.png 300w, https:\/\/redelog.rj.gov.br\/redebens\/wp-content\/uploads\/2022\/05\/Avaliacao-formula-5-768x401.png 768w, https:\/\/redelog.rj.gov.br\/redebens\/wp-content\/uploads\/2022\/05\/Avaliacao-formula-5-600x313.png 600w, https:\/\/redelog.rj.gov.br\/redebens\/wp-content\/uploads\/2022\/05\/Avaliacao-formula-5.png 1131w\" sizes=\"(max-width: 1024px) 100vw, 1024px\" \/>\t\t\t\t\t\t\t\t<\/a>\n\t\t\t\t\t\t\t\t\t\t\t\t\t\t\t<\/div>\n\t\t\t\t<\/div>\n\t\t\t\t<div class=\"elementor-element elementor-element-17be689 elementor-widget elementor-widget-heading\" data-id=\"17be689\" data-element_type=\"widget\" data-widget_type=\"heading.default\">\n\t\t\t\t<div class=\"elementor-widget-container\">\n\t\t\t\t\t<h2 class=\"elementor-heading-title elementor-size-medium\">Fatores de influ\u00eancia para efeito de reavalia\u00e7\u00e3o<\/h2>\t\t\t\t<\/div>\n\t\t\t\t<\/div>\n\t\t\t\t<div class=\"elementor-element elementor-element-99b4944 elementor-widget elementor-widget-image\" data-id=\"99b4944\" data-element_type=\"widget\" data-widget_type=\"image.default\">\n\t\t\t\t<div class=\"elementor-widget-container\">\n\t\t\t\t\t\t\t\t\t\t\t\t<figure class=\"wp-caption\">\n\t\t\t\t\t\t\t\t\t\t\t<a href=\"https:\/\/redelog.rj.gov.br\/redebens\/wp-content\/uploads\/2022\/06\/Screen-Shot-2022-06-22-at-17.11.10-1.png\" data-elementor-open-lightbox=\"yes\" data-elementor-lightbox-title=\"Tabela fatores influ\u00eancia reavalia\u00e7\u00e3o\" data-e-action-hash=\"#elementor-action%3Aaction%3Dlightbox%26settings%3DeyJpZCI6MzM0OCwidXJsIjoiaHR0cHM6XC9cL3JlZGVsb2cucmouZ292LmJyXC9yZWRlYmVuc1wvd3AtY29udGVudFwvdXBsb2Fkc1wvMjAyMlwvMDZcL1NjcmVlbi1TaG90LTIwMjItMDYtMjItYXQtMTcuMTEuMTAtMS5wbmcifQ%3D%3D\">\n\t\t\t\t\t\t\t<img loading=\"lazy\" decoding=\"async\" width=\"812\" height=\"485\" src=\"https:\/\/redelog.rj.gov.br\/redebens\/wp-content\/uploads\/2022\/06\/Screen-Shot-2022-06-22-at-17.11.10-1.png\" class=\"attachment-large size-large wp-image-3348\" alt=\"\" srcset=\"https:\/\/redelog.rj.gov.br\/redebens\/wp-content\/uploads\/2022\/06\/Screen-Shot-2022-06-22-at-17.11.10-1.png 812w, https:\/\/redelog.rj.gov.br\/redebens\/wp-content\/uploads\/2022\/06\/Screen-Shot-2022-06-22-at-17.11.10-1-300x179.png 300w, https:\/\/redelog.rj.gov.br\/redebens\/wp-content\/uploads\/2022\/06\/Screen-Shot-2022-06-22-at-17.11.10-1-768x459.png 768w, https:\/\/redelog.rj.gov.br\/redebens\/wp-content\/uploads\/2022\/06\/Screen-Shot-2022-06-22-at-17.11.10-1-600x358.png 600w\" sizes=\"(max-width: 812px) 100vw, 812px\" \/>\t\t\t\t\t\t\t\t<\/a>\n\t\t\t\t\t\t\t\t\t\t\t<figcaption class=\"widget-image-caption wp-caption-text\">Anexo III da Portaria CGE n\u00ba 179\/2014<\/figcaption>\n\t\t\t\t\t\t\t\t\t\t<\/figure>\n\t\t\t\t\t\t\t\t\t<\/div>\n\t\t\t\t<\/div>\n\t\t\t\t<div class=\"elementor-element elementor-element-596d87c elementor-widget elementor-widget-text-editor\" data-id=\"596d87c\" data-element_type=\"widget\" data-widget_type=\"text-editor.default\">\n\t\t\t\t<div class=\"elementor-widget-container\">\n\t\t\t\t\t\t\t\t\t<h4 style=\"text-align: center;\"><span style=\"letter-spacing: 0px;\">O Resultado do Fator de Reavalia\u00e7\u00e3o \u00e9 obtido em percentual (%)<\/span><span style=\"letter-spacing: 0px; font-weight: 400;\">.<\/span><\/h4>\t\t\t\t\t\t\t\t<\/div>\n\t\t\t\t<\/div>\n\t\t\t\t<div class=\"elementor-element elementor-element-81a208b elementor-widget elementor-widget-text-editor\" data-id=\"81a208b\" data-element_type=\"widget\" data-widget_type=\"text-editor.default\">\n\t\t\t\t<div class=\"elementor-widget-container\">\n\t\t\t\t\t\t\t\t\t<h4 style=\"text-align: justify;\"><span style=\"font-weight: 400; color: var( --e-global-color-text ); text-align: justify; letter-spacing: 0px;\">Crie um <strong>processo no sistema SEI-RJ<\/strong>, anexando a <\/span><span style=\"color: var( --e-global-color-text ); text-align: justify; letter-spacing: 0px;\">pesquisa de mercado<\/span><span style=\"font-weight: 400; color: var( --e-global-color-text ); text-align: justify; letter-spacing: 0px;\"> realizada, bem como o <\/span><span style=\"color: var( --e-global-color-text ); text-align: justify; letter-spacing: 0px;\">m\u00e9todo de c\u00e1lculo da m\u00e9dia de pre\u00e7o<\/span><span style=\"font-weight: 400; color: var( --e-global-color-text ); text-align: justify; letter-spacing: 0px;\"> para <\/span><span style=\"color: var( --e-global-color-text ); text-align: justify; letter-spacing: 0px;\">enviar ao setor de contabilidade<\/span><span style=\"font-weight: 400; color: var( --e-global-color-text ); text-align: justify; letter-spacing: 0px;\">, solicitando <strong>incorpora\u00e7\u00e3o cont\u00e1bil<\/strong>.<\/span><\/h4><div><span style=\"font-weight: 400; color: var( --e-global-color-text ); text-align: justify; letter-spacing: 0px;\">Clicando no \u00edcone abaixo, \u00e9 poss\u00edvel baixar o <\/span><span style=\"color: var( --e-global-color-text ); text-align: justify; letter-spacing: 0px;\"><b>modelo de relat\u00f3rio<\/b><\/span><span style=\"font-weight: 400; color: var( --e-global-color-text ); text-align: justify; letter-spacing: 0px;\"> que pode ser utilizado pela <\/span><span style=\"color: var( --e-global-color-text ); text-align: justify; letter-spacing: 0px;\"><b>Comiss\u00e3o de Avalia\u00e7\u00e3o de bens achados<\/b><\/span><span style=\"font-weight: 400; color: var( --e-global-color-text ); text-align: justify; letter-spacing: 0px;\">.<\/span><br \/><span style=\"font-weight: 400; color: var( --e-global-color-text ); text-align: justify; letter-spacing: 0px;\"><br \/><\/span><\/div><div><b>ATEN\u00c7\u00c3O:<\/b><span style=\"font-weight: 400;\"> Para <\/span><b>agilizar<\/b><span style=\"font-weight: 400;\"> a incorpora\u00e7\u00e3o de bens achados, <\/span><b>no ato de designa\u00e7\u00e3o da Comiss\u00e3o de invent\u00e1rio<\/b><span style=\"font-weight: 400;\">, <\/span><b>pode-se<\/b><span style=\"font-weight: 400;\"> incluir a <\/span><b>atividade de avalia\u00e7\u00e3o<\/b><span style=\"font-weight: 400;\"> no escopo da comiss\u00e3o, em conformidade com o disposto no <\/span><b>art. 5\u00ba do <a href=\"https:\/\/leisestaduais.com.br\/rj\/decreto-n-44489-2013-rio-de-janeiro-institui-a-obrigatoriedade-de-realizar-os-procedimentos-de-reavaliacao-reducao-ao-valor-recuperavel-de-ativos-depreciacao-amortizacao-e-exaustao-dos-bens-do-estado-nos-casos-que-especifica?q=44.489&amp;origin=instituicao#\" target=\"_blank\" rel=\"noopener\">decreto n\u00ba 44.489\/2013 <\/a><\/b><span style=\"font-weight: 400;\">e <\/span><b>art. 5\u00ba da <a href=\"https:\/\/redelog.rj.gov.br\/redelog\/portaria-cge-179\/\" target=\"_blank\" rel=\"noopener\">Portaria CGE n\u00ba 179\/2014<\/a><\/b><span style=\"font-weight: 400;\">.<\/span><\/div><div><span style=\"font-weight: 400;\">\u00a0<\/span><\/div>\t\t\t\t\t\t\t\t<\/div>\n\t\t\t\t<\/div>\n\t\t\t\t<div class=\"elementor-element elementor-element-5bc538b elementor-widget elementor-widget-heading\" data-id=\"5bc538b\" data-element_type=\"widget\" data-widget_type=\"heading.default\">\n\t\t\t\t<div class=\"elementor-widget-container\">\n\t\t\t\t\t<h2 class=\"elementor-heading-title elementor-size-default\"><a href=\"https:\/\/redelog.rj.gov.br\/redebens\/wp-content\/uploads\/2024\/09\/Modelo-de-Relatorio-de-avaliacao-de-bem-achado.docx\"> Modelo de relat\u00f3rio de avalia\u00e7\u00e3o de bens achados<\/a><\/h2>\t\t\t\t<\/div>\n\t\t\t\t<\/div>\n\t\t\t\t<div class=\"elementor-element elementor-element-aff8134 elementor-widget elementor-widget-image\" data-id=\"aff8134\" data-element_type=\"widget\" data-widget_type=\"image.default\">\n\t\t\t\t<div class=\"elementor-widget-container\">\n\t\t\t\t\t\t\t\t\t\t\t\t\t\t\t\t<a href=\"https:\/\/redelog.rj.gov.br\/redebens\/wp-content\/uploads\/2024\/09\/Modelo-de-Relatorio-de-avaliacao-de-bem-achado.docx\" target=\"_blank\">\n\t\t\t\t\t\t\t<img loading=\"lazy\" decoding=\"async\" width=\"150\" height=\"150\" src=\"https:\/\/redelog.rj.gov.br\/redebens\/wp-content\/uploads\/2022\/05\/word-150x150.png\" class=\"attachment-thumbnail size-thumbnail wp-image-979\" alt=\"\" \/>\t\t\t\t\t\t\t\t<\/a>\n\t\t\t\t\t\t\t\t\t\t\t\t\t\t\t<\/div>\n\t\t\t\t<\/div>\n\t\t\t\t<div class=\"elementor-element elementor-element-87131f2 elementor-widget elementor-widget-heading\" data-id=\"87131f2\" data-element_type=\"widget\" data-widget_type=\"heading.default\">\n\t\t\t\t<div class=\"elementor-widget-container\">\n\t\t\t\t\t<h2 class=\"elementor-heading-title elementor-size-default\"><a href=\"https:\/\/redelog.rj.gov.br\/redebens\/wp-content\/uploads\/2024\/09\/calculo_fator_reavaliacao-modificada-em-24.11.23.xlsx\">Planilha Avalia\u00e7\u00e3o\/Reavalia\u00e7\u00e3o<\/a><\/h2>\t\t\t\t<\/div>\n\t\t\t\t<\/div>\n\t\t\t\t<div class=\"elementor-element elementor-element-20cc143 elementor-widget elementor-widget-image\" data-id=\"20cc143\" data-element_type=\"widget\" data-widget_type=\"image.default\">\n\t\t\t\t<div class=\"elementor-widget-container\">\n\t\t\t\t\t\t\t\t\t\t\t\t\t\t\t\t<a href=\"https:\/\/redelog.rj.gov.br\/redebens\/wp-content\/uploads\/2024\/09\/calculo_fator_reavaliacao-modificada-em-24.11.23.xlsx\">\n\t\t\t\t\t\t\t<img decoding=\"async\" src=\"https:\/\/redelog.rj.gov.br\/redebens\/wp-content\/uploads\/2022\/05\/excelicon.png\" title=\"excelicon\" alt=\"excelicon\" loading=\"lazy\" \/>\t\t\t\t\t\t\t\t<\/a>\n\t\t\t\t\t\t\t\t\t\t\t\t\t\t\t<\/div>\n\t\t\t\t<\/div>\n\t\t\t\t<div class=\"elementor-element elementor-element-3714b08 elementor-widget-divider--view-line elementor-widget elementor-widget-divider\" data-id=\"3714b08\" data-element_type=\"widget\" data-widget_type=\"divider.default\">\n\t\t\t\t<div class=\"elementor-widget-container\">\n\t\t\t\t\t\t\t<div class=\"elementor-divider\">\n\t\t\t<span class=\"elementor-divider-separator\">\n\t\t\t\t\t\t<\/span>\n\t\t<\/div>\n\t\t\t\t\t\t<\/div>\n\t\t\t\t<\/div>\n\t\t\t\t<div class=\"elementor-element elementor-element-3b0a242 elementor-widget elementor-widget-heading\" data-id=\"3b0a242\" data-element_type=\"widget\" data-widget_type=\"heading.default\">\n\t\t\t\t<div class=\"elementor-widget-container\">\n\t\t\t\t\t<h2 class=\"elementor-heading-title elementor-size-default\">PERGUNTAS FREQUENTES<\/h2>\t\t\t\t<\/div>\n\t\t\t\t<\/div>\n\t\t\t\t<div class=\"elementor-element elementor-element-531b642 elementor-widget elementor-widget-toggle\" data-id=\"531b642\" data-element_type=\"widget\" data-widget_type=\"toggle.default\">\n\t\t\t\t<div class=\"elementor-widget-container\">\n\t\t\t\t\t\t\t<div class=\"elementor-toggle\">\n\t\t\t\t\t\t\t<div class=\"elementor-toggle-item\">\n\t\t\t\t\t<div id=\"elementor-tab-title-8711\" class=\"elementor-tab-title\" data-tab=\"1\" role=\"button\" aria-controls=\"elementor-tab-content-8711\" aria-expanded=\"false\">\n\t\t\t\t\t\t\t\t\t\t\t\t<span class=\"elementor-toggle-icon elementor-toggle-icon-left\" aria-hidden=\"true\">\n\t\t\t\t\t\t\t\t\t\t\t\t\t\t\t<span class=\"elementor-toggle-icon-closed\"><i class=\"fas fa-caret-right\"><\/i><\/span>\n\t\t\t\t\t\t\t\t<span class=\"elementor-toggle-icon-opened\"><i class=\"elementor-toggle-icon-opened fas fa-caret-up\"><\/i><\/span>\n\t\t\t\t\t\t\t\t\t\t\t\t\t<\/span>\n\t\t\t\t\t\t\t\t\t\t\t\t<a class=\"elementor-toggle-title\" tabindex=\"0\">1- O bem permanente deve ser utilizado somente ap\u00f3s sua incorpora\u00e7\u00e3o?<\/a>\n\t\t\t\t\t<\/div>\n\n\t\t\t\t\t<div id=\"elementor-tab-content-8711\" class=\"elementor-tab-content elementor-clearfix\" data-tab=\"1\" role=\"region\" aria-labelledby=\"elementor-tab-title-8711\"><p><span style=\"font-weight: 400;\">Sim. Conforme Art. 48,<\/span><span style=\"font-weight: 400;\">\u00a7 3\u00ba do Decreto n\u00ba 49.289\/2024, os bens m\u00f3veis s\u00f3 devem ser colocados em utiliza\u00e7\u00e3o, <\/span><b>ap\u00f3s <\/b><span style=\"font-weight: 400;\">os procedimentos de incorpora\u00e7\u00e3o e de\u00a0 identifica\u00e7\u00e3o patrimonial.<\/span><\/p><\/div>\n\t\t\t\t<\/div>\n\t\t\t\t\t\t\t<div class=\"elementor-toggle-item\">\n\t\t\t\t\t<div id=\"elementor-tab-title-8712\" class=\"elementor-tab-title\" data-tab=\"2\" role=\"button\" aria-controls=\"elementor-tab-content-8712\" aria-expanded=\"false\">\n\t\t\t\t\t\t\t\t\t\t\t\t<span class=\"elementor-toggle-icon elementor-toggle-icon-left\" aria-hidden=\"true\">\n\t\t\t\t\t\t\t\t\t\t\t\t\t\t\t<span class=\"elementor-toggle-icon-closed\"><i class=\"fas fa-caret-right\"><\/i><\/span>\n\t\t\t\t\t\t\t\t<span class=\"elementor-toggle-icon-opened\"><i class=\"elementor-toggle-icon-opened fas fa-caret-up\"><\/i><\/span>\n\t\t\t\t\t\t\t\t\t\t\t\t\t<\/span>\n\t\t\t\t\t\t\t\t\t\t\t\t<a class=\"elementor-toggle-title\" tabindex=\"0\">2- Como descrever adequadamente o bem?<\/a>\n\t\t\t\t\t<\/div>\n\n\t\t\t\t\t<div id=\"elementor-tab-content-8712\" class=\"elementor-tab-content elementor-clearfix\" data-tab=\"2\" role=\"region\" aria-labelledby=\"elementor-tab-title-8712\"><p style=\"text-align: justify;\"><span style=\"font-weight: 400;\">Uma boa descri\u00e7\u00e3o possui caracter\u00edsticas f\u00edsicas como tamanho, capacidade, pot\u00eancia, tens\u00e3o do equipamento, especifica\u00e7\u00e3o dos acess\u00f3rios de forma clara e precisa, informa\u00e7\u00e3o da exist\u00eancia de garantia, principalmente com rela\u00e7\u00e3o \u00e0 data de finaliza\u00e7\u00e3o, n\u00famero de s\u00e9rie (quando possuir),dentre outras caracter\u00edsticas a serem detalhadas .<\/span><\/p><\/div>\n\t\t\t\t<\/div>\n\t\t\t\t\t\t\t<div class=\"elementor-toggle-item\">\n\t\t\t\t\t<div id=\"elementor-tab-title-8713\" class=\"elementor-tab-title\" data-tab=\"3\" role=\"button\" aria-controls=\"elementor-tab-content-8713\" aria-expanded=\"false\">\n\t\t\t\t\t\t\t\t\t\t\t\t<span class=\"elementor-toggle-icon elementor-toggle-icon-left\" aria-hidden=\"true\">\n\t\t\t\t\t\t\t\t\t\t\t\t\t\t\t<span class=\"elementor-toggle-icon-closed\"><i class=\"fas fa-caret-right\"><\/i><\/span>\n\t\t\t\t\t\t\t\t<span class=\"elementor-toggle-icon-opened\"><i class=\"elementor-toggle-icon-opened fas fa-caret-up\"><\/i><\/span>\n\t\t\t\t\t\t\t\t\t\t\t\t\t<\/span>\n\t\t\t\t\t\t\t\t\t\t\t\t<a class=\"elementor-toggle-title\" tabindex=\"0\">3- Como diferenciar MATERIAL PERMANENTE de MATERIAL DE CONSUMO?<\/a>\n\t\t\t\t\t<\/div>\n\n\t\t\t\t\t<div id=\"elementor-tab-content-8713\" class=\"elementor-tab-content elementor-clearfix\" data-tab=\"3\" role=\"region\" aria-labelledby=\"elementor-tab-title-8713\"><p style=\"text-align: justify;\"><span style=\"font-weight: 400;\">Material de Consumo \u00e9 aquele que, em raz\u00e3o de seu uso corrente e da defini\u00e7\u00e3o da <a href=\"http:\/\/www.planalto.gov.br\/ccivil_03\/leis\/l4320.htm\" target=\"_blank\" rel=\"noopener\"><strong>Lei n\u00ba 4.320\/64<\/strong><\/a>, perde normalmente sua identidade f\u00edsica e\/ou tem sua utiliza\u00e7\u00e3o limitada a dois anos. J\u00e1 o material permanente \u00e9 aquele que, em raz\u00e3o de seu uso corrente, n\u00e3o perde a sua identidade f\u00edsica, e\/ou tem uma durabilidade superior a dois anos.<\/span><\/p><p style=\"text-align: justify;\"><span style=\"font-weight: 400;\">Al\u00e9m disso, na classifica\u00e7\u00e3o da despesa com aquisi\u00e7\u00e3o de material devem ser adotados alguns par\u00e2metros que distinguem o material permanente do material de consumo.<\/span><\/p><p style=\"text-align: justify;\"><span style=\"font-weight: 400;\">Um material \u00e9 considerado de consumo caso atenda pelo menos um dos crit\u00e9rios a seguir:<\/span><\/p><ol><li style=\"font-weight: 400; text-align: justify;\" aria-level=\"1\"><b>Crit\u00e9rio da Durabilidade<\/b><span style=\"font-weight: 400;\"> \u2013 Se em uso normal perde ou tem reduzidas as suas condi\u00e7\u00f5es de funcionamento, no prazo m\u00e1ximo de dois anos;<\/span><\/li><li style=\"font-weight: 400; text-align: justify;\" aria-level=\"1\"><b>Crit\u00e9rio da Fragilidade<\/b><span style=\"font-weight: 400;\"> \u2013 Se sua estrutura for quebradi\u00e7a, deform\u00e1vel ou danific\u00e1vel, caracterizando sua irrecuperabilidade e perda de sua identidade ou funcionalidade;<\/span><\/li><li style=\"font-weight: 400; text-align: justify;\" aria-level=\"1\"><b>Crit\u00e9rio da Perecibilidade<\/b><span style=\"font-weight: 400;\"> \u2013 Se est\u00e1 sujeito a modifica\u00e7\u00f5es (qu\u00edmicas ou f\u00edsicas) ou se deteriora ou perde sua caracter\u00edstica pelo uso normal;<\/span><\/li><li style=\"font-weight: 400; text-align: justify;\" aria-level=\"1\"><b>Crit\u00e9rio da Incorporabilidade<\/b><span style=\"font-weight: 400;\"> \u2013 Se est\u00e1 destinado \u00e0 incorpora\u00e7\u00e3o a outro bem, e n\u00e3o pode ser retirado sem preju\u00edzo das caracter\u00edsticas f\u00edsicas e funcionais do principal;<\/span><\/li><li style=\"font-weight: 400; text-align: justify;\" aria-level=\"1\"><b>Crit\u00e9rio da Transformabilidade<\/b><span style=\"font-weight: 400;\"> \u2013 Se foi adquirido para fim de transforma\u00e7\u00e3o.<\/span><\/li><\/ol><\/div>\n\t\t\t\t<\/div>\n\t\t\t\t\t\t\t\t<\/div>\n\t\t\t\t\t\t<\/div>\n\t\t\t\t<\/div>\n\t\t\t\t<div class=\"elementor-element elementor-element-66bc116 elementor-widget-divider--view-line elementor-widget elementor-widget-divider\" data-id=\"66bc116\" data-element_type=\"widget\" data-widget_type=\"divider.default\">\n\t\t\t\t<div class=\"elementor-widget-container\">\n\t\t\t\t\t\t\t<div class=\"elementor-divider\">\n\t\t\t<span class=\"elementor-divider-separator\">\n\t\t\t\t\t\t<\/span>\n\t\t<\/div>\n\t\t\t\t\t\t<\/div>\n\t\t\t\t<\/div>\n\t\t\t\t\t<\/div>\n\t\t<\/div>\n\t\t\t\t\t<\/div>\n\t\t<\/section>\n\t\t\t\t<section class=\"elementor-section elementor-top-section elementor-element elementor-element-593356b elementor-section-boxed elementor-section-height-default elementor-section-height-default\" data-id=\"593356b\" data-element_type=\"section\">\n\t\t\t\t\t\t<div class=\"elementor-container elementor-column-gap-default\">\n\t\t\t\t\t<div class=\"elementor-column elementor-col-100 elementor-top-column elementor-element elementor-element-3619bde\" data-id=\"3619bde\" data-element_type=\"column\">\n\t\t\t<div class=\"elementor-widget-wrap elementor-element-populated\">\n\t\t\t\t\t\t<section class=\"elementor-section elementor-inner-section elementor-element elementor-element-3d8658a elementor-section-boxed elementor-section-height-default elementor-section-height-default\" data-id=\"3d8658a\" data-element_type=\"section\">\n\t\t\t\t\t\t<div class=\"elementor-container elementor-column-gap-default\">\n\t\t\t\t\t<div class=\"elementor-column elementor-col-50 elementor-inner-column elementor-element elementor-element-40f75c9\" data-id=\"40f75c9\" data-element_type=\"column\">\n\t\t\t<div class=\"elementor-widget-wrap elementor-element-populated\">\n\t\t\t\t\t\t<div class=\"elementor-element elementor-element-a4a40fb elementor-widget elementor-widget-text-editor\" data-id=\"a4a40fb\" data-element_type=\"widget\" data-widget_type=\"text-editor.default\">\n\t\t\t\t<div class=\"elementor-widget-container\">\n\t\t\t\t\t\t\t\t\t<p style=\"text-align: left;\"><a href=\"https:\/\/redelog.rj.gov.br\/redebens\/ingresso\/\">\u2190 INGRESSO<\/a><\/p>\t\t\t\t\t\t\t\t<\/div>\n\t\t\t\t<\/div>\n\t\t\t\t\t<\/div>\n\t\t<\/div>\n\t\t\t\t<div class=\"elementor-column elementor-col-50 elementor-inner-column elementor-element elementor-element-a819609\" data-id=\"a819609\" data-element_type=\"column\">\n\t\t\t<div class=\"elementor-widget-wrap elementor-element-populated\">\n\t\t\t\t\t\t<div class=\"elementor-element elementor-element-119ba63 elementor-widget elementor-widget-text-editor\" data-id=\"119ba63\" data-element_type=\"widget\" data-widget_type=\"text-editor.default\">\n\t\t\t\t<div class=\"elementor-widget-container\">\n\t\t\t\t\t\t\t\t\t<p style=\"text-align: right;\"><a href=\"https:\/\/redelog.rj.gov.br\/redebens\/movimentacao\/\">MOVIMENTA\u00c7\u00c3O \u2192<\/a><\/p>\t\t\t\t\t\t\t\t<\/div>\n\t\t\t\t<\/div>\n\t\t\t\t\t<\/div>\n\t\t<\/div>\n\t\t\t\t\t<\/div>\n\t\t<\/section>\n\t\t\t\t\t<\/div>\n\t\t<\/div>\n\t\t\t\t\t<\/div>\n\t\t<\/section>\n\t\t\t\t<\/div>\n\t\t","protected":false},"excerpt":{"rendered":"<p>De acordo com o art. 39 do Decreto n\u00ba 49.289 de 17 de setembro de 2024, incorpora\u00e7\u00e3o \u00e9 um processo pelo qual o bem de natureza permanente passa a compor os registros patrimoniais da entidade e inclui o cadastro do bem m\u00f3vel no acervo patrimonial do \u00f3rg\u00e3o\/entidade e a sua devida identifica\u00e7\u00e3o. Sendo assim, a [&hellip;]<\/p>\n","protected":false},"author":6,"featured_media":0,"comment_status":"closed","ping_status":"closed","sticky":false,"template":"","format":"standard","meta":{"footnotes":""},"categories":[8],"tags":[],"class_list":["post-7066","post","type-post","status-publish","format-standard","hentry","category-base-conhecimento"],"publishpress_future_action":{"enabled":false,"date":"2026-05-09 09:39:48","action":"change-status","newStatus":"draft","terms":[],"taxonomy":"category","extraData":[]},"publishpress_future_workflow_manual_trigger":{"enabledWorkflows":[]},"_links":{"self":[{"href":"https:\/\/redelog.rj.gov.br\/redebens\/wp-json\/wp\/v2\/posts\/7066","targetHints":{"allow":["GET"]}}],"collection":[{"href":"https:\/\/redelog.rj.gov.br\/redebens\/wp-json\/wp\/v2\/posts"}],"about":[{"href":"https:\/\/redelog.rj.gov.br\/redebens\/wp-json\/wp\/v2\/types\/post"}],"author":[{"embeddable":true,"href":"https:\/\/redelog.rj.gov.br\/redebens\/wp-json\/wp\/v2\/users\/6"}],"replies":[{"embeddable":true,"href":"https:\/\/redelog.rj.gov.br\/redebens\/wp-json\/wp\/v2\/comments?post=7066"}],"version-history":[{"count":58,"href":"https:\/\/redelog.rj.gov.br\/redebens\/wp-json\/wp\/v2\/posts\/7066\/revisions"}],"predecessor-version":[{"id":8505,"href":"https:\/\/redelog.rj.gov.br\/redebens\/wp-json\/wp\/v2\/posts\/7066\/revisions\/8505"}],"wp:attachment":[{"href":"https:\/\/redelog.rj.gov.br\/redebens\/wp-json\/wp\/v2\/media?parent=7066"}],"wp:term":[{"taxonomy":"category","embeddable":true,"href":"https:\/\/redelog.rj.gov.br\/redebens\/wp-json\/wp\/v2\/categories?post=7066"},{"taxonomy":"post_tag","embeddable":true,"href":"https:\/\/redelog.rj.gov.br\/redebens\/wp-json\/wp\/v2\/tags?post=7066"}],"curies":[{"name":"wp","href":"https:\/\/api.w.org\/{rel}","templated":true}]}}