{"id":7065,"date":"2024-09-19T10:08:22","date_gmt":"2024-09-19T13:08:22","guid":{"rendered":"https:\/\/redelog.rj.gov.br\/redebens\/?p=7065"},"modified":"2024-09-24T11:47:18","modified_gmt":"2024-09-24T14:47:18","slug":"estrutura-patrimonial","status":"publish","type":"post","link":"https:\/\/redelog.rj.gov.br\/redebens\/estrutura-patrimonial\/","title":{"rendered":"ESTRUTURA PATRIMONIAL"},"content":{"rendered":"\t\t<div data-elementor-type=\"wp-post\" data-elementor-id=\"7065\" class=\"elementor elementor-7065\" data-elementor-post-type=\"post\">\n\t\t\t\t\t\t<section class=\"elementor-section elementor-top-section elementor-element elementor-element-be31543 elementor-section-boxed elementor-section-height-default elementor-section-height-default\" data-id=\"be31543\" data-element_type=\"section\">\n\t\t\t\t\t\t<div class=\"elementor-container elementor-column-gap-default\">\n\t\t\t\t\t<div class=\"elementor-column elementor-col-100 elementor-top-column elementor-element elementor-element-cc93f50\" data-id=\"cc93f50\" data-element_type=\"column\">\n\t\t\t<div class=\"elementor-widget-wrap elementor-element-populated\">\n\t\t\t\t\t\t<div class=\"elementor-element elementor-element-6b44d14 elementor-widget-divider--view-line elementor-widget elementor-widget-divider\" data-id=\"6b44d14\" data-element_type=\"widget\" data-widget_type=\"divider.default\">\n\t\t\t\t<div class=\"elementor-widget-container\">\n\t\t\t\t\t\t\t<div class=\"elementor-divider\">\n\t\t\t<span class=\"elementor-divider-separator\">\n\t\t\t\t\t\t<\/span>\n\t\t<\/div>\n\t\t\t\t\t\t<\/div>\n\t\t\t\t<\/div>\n\t\t\t\t<div class=\"elementor-element elementor-element-daf8f95 elementor-position-left elementor-vertical-align-middle elementor-widget elementor-widget-image-box\" data-id=\"daf8f95\" data-element_type=\"widget\" data-widget_type=\"image-box.default\">\n\t\t\t\t<div class=\"elementor-widget-container\">\n\t\t\t\t\t<div class=\"elementor-image-box-wrapper\"><figure class=\"elementor-image-box-img\"><img fetchpriority=\"high\" decoding=\"async\" width=\"512\" height=\"512\" src=\"https:\/\/redelog.rj.gov.br\/redebens\/wp-content\/uploads\/2022\/05\/Estrutura-Patrimonial.png\" class=\"attachment-full size-full wp-image-1047\" alt=\"\" srcset=\"https:\/\/redelog.rj.gov.br\/redebens\/wp-content\/uploads\/2022\/05\/Estrutura-Patrimonial.png 512w, https:\/\/redelog.rj.gov.br\/redebens\/wp-content\/uploads\/2022\/05\/Estrutura-Patrimonial-300x300.png 300w, https:\/\/redelog.rj.gov.br\/redebens\/wp-content\/uploads\/2022\/05\/Estrutura-Patrimonial-150x150.png 150w, https:\/\/redelog.rj.gov.br\/redebens\/wp-content\/uploads\/2022\/05\/Estrutura-Patrimonial-230x230.png 230w, https:\/\/redelog.rj.gov.br\/redebens\/wp-content\/uploads\/2022\/05\/Estrutura-Patrimonial-400x400.png 400w\" sizes=\"(max-width: 512px) 100vw, 512px\" \/><\/figure><div class=\"elementor-image-box-content\"><p class=\"elementor-image-box-description\">Consiste na <b>divis\u00e3o da unidade gestora em subdivis\u00f5es patrimoniais<\/b>, denominadas unidades administrativas e\/ou subunidades.<\/p><\/div><\/div>\t\t\t\t<\/div>\n\t\t\t\t<\/div>\n\t\t\t\t<div class=\"elementor-element elementor-element-a0d56b6 elementor-widget elementor-widget-image\" data-id=\"a0d56b6\" data-element_type=\"widget\" data-widget_type=\"image.default\">\n\t\t\t\t<div class=\"elementor-widget-container\">\n\t\t\t\t\t\t\t\t\t\t\t\t\t\t\t<img decoding=\"async\" width=\"1024\" height=\"480\" src=\"https:\/\/redelog.rj.gov.br\/redebens\/wp-content\/uploads\/2022\/05\/Sem-titulo-1024x480.png\" class=\"attachment-large size-large wp-image-1538\" alt=\"\" srcset=\"https:\/\/redelog.rj.gov.br\/redebens\/wp-content\/uploads\/2022\/05\/Sem-titulo-1024x480.png 1024w, https:\/\/redelog.rj.gov.br\/redebens\/wp-content\/uploads\/2022\/05\/Sem-titulo-300x141.png 300w, https:\/\/redelog.rj.gov.br\/redebens\/wp-content\/uploads\/2022\/05\/Sem-titulo-768x360.png 768w, https:\/\/redelog.rj.gov.br\/redebens\/wp-content\/uploads\/2022\/05\/Sem-titulo-600x281.png 600w, https:\/\/redelog.rj.gov.br\/redebens\/wp-content\/uploads\/2022\/05\/Sem-titulo.png 1146w\" sizes=\"(max-width: 1024px) 100vw, 1024px\" \/>\t\t\t\t\t\t\t\t\t\t\t\t\t\t\t<\/div>\n\t\t\t\t<\/div>\n\t\t\t\t<div class=\"elementor-element elementor-element-c4ab030 elementor-widget elementor-widget-text-editor\" data-id=\"c4ab030\" data-element_type=\"widget\" data-widget_type=\"text-editor.default\">\n\t\t\t\t<div class=\"elementor-widget-container\">\n\t\t\t\t\t\t\t\t\t<p><span style=\"font-weight: 400;\">Na ilustra\u00e7\u00e3o acima, \u00e9 poss\u00edvel observar <\/span><b>todas as possibilidades<\/b><span style=\"font-weight: 400;\"> de divis\u00f5es da Unidade Gestora (UG) para criar uma estrutura de gest\u00e3o patrimonial:<\/span><\/p><p style=\"text-align: center;\"><span style=\"font-weight: 400;\">\u00a0<\/span><b>UG + UAs<\/b><span style=\"font-weight: 400;\">, ou\u00a0<\/span><b>UG + UAs + subunidades\u00a0<\/b><span style=\"font-weight: 400;\">ou\u00a0<\/span><b>UG + subunidades<\/b><\/p><p><strong>\u00a0<\/strong>A estrutura patrimonial tem como finalidade <b>facilitar e otimizar a gest\u00e3o e o controle<\/b> dos bens m\u00f3veis da unidade gestora, pois a divis\u00e3o desta em subdivis\u00f5es menores permite que o servidor designado como respons\u00e1vel execute a gest\u00e3o de um quantitativo menor dos bens, sendo essa responsabilidade compartilhada com o gestor de bens m\u00f3veis.<\/p><p><b>Depender\u00e1 da organiza\u00e7\u00e3o f\u00edsica e disponibilidade de servidores a serem responsabilizados<\/b>, n\u00e3o precisando ser necessariamente igual ao organograma do \u00f3rg\u00e3o. Deve ser criada com base nas <b>peculiaridades f\u00edsicas<\/b> em quest\u00e3o, na <b>organiza\u00e7\u00e3o<\/b> dos bens m\u00f3veis e no <b>n\u00famero de servidores<\/b> dispon\u00edveis para atuar na gest\u00e3o dos mesmos.\u00a0<\/p><p>Al\u00e9m do\u00a0<strong>gestor de bens m\u00f3veis,<\/strong>\u00a0respons\u00e1vel pela unidade gestora, dever\u00e1 ser designado um respons\u00e1vel patrimonial para cada subdivis\u00e3o. Os respons\u00e1veis pelas unidades administrativas (UA) s\u00e3o intitulados<strong>\u00a0agentes administrativos<\/strong>\u00a0e os das subunidades,\u00a0<strong>encarregados<\/strong>.<\/p><p>O gestor de bens m\u00f3veis n\u00e3o poder\u00e1 ser nomeado como encarregado de subunidade ou agente de UA. \u00c9 necess\u00e1rio que <strong>um servidor seja nomeado para cada subdivis\u00e3o patrimonial<\/strong>, n\u00e3o podendo nomear o mesmo servidor para mais de uma subdivis\u00e3o. Ou seja, pelas pr\u00e1ticas da boa gest\u00e3o, \u00e9 necess\u00e1rio nomear um servidor distinto (CPF diferente) para cada subdivis\u00e3o patrimonial.<\/p><p>\u00c9 preciso publicar no DOERJ a estrutura patrimonial e os respons\u00e1veis, por meio de <strong>ato assinado pelo Titular<\/strong> da unidade gestora, para fins de formaliza\u00e7\u00e3o e transpar\u00eancia.<\/p>\t\t\t\t\t\t\t\t<\/div>\n\t\t\t\t<\/div>\n\t\t\t\t<div class=\"elementor-element elementor-element-dd6e957 elementor-widget elementor-widget-heading\" data-id=\"dd6e957\" data-element_type=\"widget\" data-widget_type=\"heading.default\">\n\t\t\t\t<div class=\"elementor-widget-container\">\n\t\t\t\t\t<h2 class=\"elementor-heading-title elementor-size-medium\">Conceitos aplic\u00e1veis \u00e0 Estrutura Patrimonial<\/h2>\t\t\t\t<\/div>\n\t\t\t\t<\/div>\n\t\t\t\t<div class=\"elementor-element elementor-element-a833a1d elementor-widget elementor-widget-text-editor\" data-id=\"a833a1d\" data-element_type=\"widget\" data-widget_type=\"text-editor.default\">\n\t\t\t\t<div class=\"elementor-widget-container\">\n\t\t\t\t\t\t\t\t\t<p><span style=\"color: var( --e-global-color-text ); letter-spacing: 0px;\">O <strong><a href=\"https:\/\/leisestaduais.com.br\/rj\/decreto-n-49289-2024-rio-de-janeiro-regulamenta-a-gestao-dos-bens-moveis-no-ambito-do-poder-executivo-do-estado-o-rio-de-janeiro?q=49289&amp;origin=instituicao#\" target=\"_blank\" rel=\"noopener\">decreto n\u00ba 49.289 de 17 de setembro de 2024<\/a><\/strong>\u00a0<span style=\"font-weight: 400;\">traz as seguintes defini\u00e7\u00f5es para as divis\u00f5es da estrutura patrimonial:<\/span><\/span><\/p><p><b><u>Unidade gestora<\/u> (UG)<\/b> &#8211; \u00e9 a unidade or\u00e7ament\u00e1ria ou administrativa que realiza atos de gest\u00e3o or\u00e7ament\u00e1ria, financeira e\/ou patrimonial. Ou seja, os \u00f3rg\u00e3os da Administra\u00e7\u00e3o Direta e as entidades da Indireta.\u00a0<\/p><p><b><u>Unidade administrativa<\/u> (UA)<\/b> &#8211; \u00e9 <span style=\"font-weight: 400;\">\u00a0a subdivis\u00e3o da unidade gestora que n\u00e3o disp\u00f5e de recursos pr\u00f3prios para gerir suas atividades e n\u00e3o possui autonomia para realizar o registro cont\u00e1bil de seu patrim\u00f4nio, <\/span><span style=\"font-weight: 400;\">podendo ser dividida em subunidades e agregar uma ou mais localidades f\u00edsicas. Tais como: escolas, batalh\u00f5es de Pol\u00edcia Militar e do Corpo de Bombeiros Militar, hospitais e Delegacias de Pol\u00edcia.<\/span><\/p><p><b><u>Subunidade<\/u> <\/b>&#8211; <span style=\"font-weight: 400;\">\u00e9 a subdivis\u00e3o da unidade administrativa ou da unidade gestora, que pode agregar uma ou mais localiza\u00e7\u00f5es f\u00edsicas.<\/span><\/p><p><b><u>Localiza\u00e7\u00e3o f\u00edsica<\/u> (LF)<\/b> &#8211; \u00e9 a menor subdivis\u00e3o patrimonial da Subunidade ou Unidade Administrativa <b>sem responsabiliza\u00e7\u00e3o imediata<\/b>, na qual a responsabilidade \u00e9 do servidor respons\u00e1vel pela subunidade ou pela UA a qual est\u00e1 atrelada. A LF \u00e9 uma subdivis\u00e3o f\u00edsica pormenorizada para precisar a localiza\u00e7\u00e3o do bem.<\/p><p>As UAs podem ser subdivididas em subunidades, podendo ser tamb\u00e9m diretamente divididas em Localiza\u00e7\u00f5es F\u00edsicas (LF). No caso da subunidade, s\u00f3 \u00e9 poss\u00edvel dividi-la em LF. Entretanto, \u00e9 importante destacar que <b>N\u00c3O<\/b> <b>\u00e9 obrigat\u00f3ria<\/b> a divis\u00e3o de cada subdivis\u00e3o patrimonial.\u00a0<\/p>\t\t\t\t\t\t\t\t<\/div>\n\t\t\t\t<\/div>\n\t\t\t\t<div class=\"elementor-element elementor-element-c292e13 elementor-widget elementor-widget-heading\" data-id=\"c292e13\" data-element_type=\"widget\" data-widget_type=\"heading.default\">\n\t\t\t\t<div class=\"elementor-widget-container\">\n\t\t\t\t\t<h2 class=\"elementor-heading-title elementor-size-medium\">Respons\u00e1veis patrimoniais<\/h2>\t\t\t\t<\/div>\n\t\t\t\t<\/div>\n\t\t\t\t<div class=\"elementor-element elementor-element-31fc4dc elementor-widget elementor-widget-text-editor\" data-id=\"31fc4dc\" data-element_type=\"widget\" data-widget_type=\"text-editor.default\">\n\t\t\t\t<div class=\"elementor-widget-container\">\n\t\t\t\t\t\t\t\t\t<p><span style=\"font-weight: 400;\">S\u00e3o os servidores respons\u00e1veis pela gest\u00e3o dos bens m\u00f3veis das localidades pelas quais possuem responsabilidade patrimonial. S\u00e3o eles:<\/span><\/p><p><span style=\"font-weight: 400;\"><span style=\"text-decoration: underline;\"><strong>Titular da unidade gestora<\/strong><\/span><strong>:<\/strong> servidor ocupante do cargo m\u00e1ximo do \u00f3rg\u00e3o ou entidade, a quem cabe a responsabilidade pelos bens m\u00f3veis da unidade gestora. Ou seja, Secret\u00e1rio, Presidente, Diretor, etc.<\/span><\/p><p><u><b>Gestor de bens m\u00f3veis<\/b><\/u><b>:<\/b><b>\u00a0<\/b><span style=\"font-weight: 400;\">servidor designado pelo titular da unidade gestora, na condi\u00e7\u00e3o de correspons\u00e1vel, a quem cabe realizar a gest\u00e3o dos bens m\u00f3veis;<\/span><\/p><p><u><b>Agente de bens m\u00f3veis das unidades administrativas<\/b><\/u><b>:\u00a0<\/b><span style=\"font-weight: 400;\">\u00e9 um servidor<\/span><span style=\"font-weight: 400;\"> designado pelo titular da unidade gestora, respons\u00e1vel por realizar a gest\u00e3o dos bens m\u00f3veis sob sua responsabilidade na respectiva UA;<\/span><\/p><p><u><b>Encarregados de bens m\u00f3veis das subunidades<\/b><\/u>: <span style=\"font-weight: 400;\">servidor designado pelo titular da unidade gestora, respons\u00e1vel por realizar a gest\u00e3o dos bens m\u00f3veis sob sua responsabilidade na respectiva subunidade.<\/span><\/p><p><span style=\"font-weight: 400;\">Al\u00e9m dos servidores nomeados para assumir a atribui\u00e7\u00e3o de agente patrimonial, \u00e9 importante ressaltar que <b>qualquer pessoa<\/b> que <b>utilize o bem p\u00fablico<\/b> possui <b>responsabilidade<\/b> pela guarda e utiliza\u00e7\u00e3o do bem, uma vez que est\u00e1 na condi\u00e7\u00e3o de <\/span><b>usu\u00e1rio<\/b><span style=\"font-weight: 400;\">. Portanto, o usu\u00e1rio <b>poder\u00e1 responder pelo desapareciment<\/b>o do bem m\u00f3vel que lhe for confiado para guarda e uso, bem como pelo dano que, <b>dolosa ou culposamente <\/b>causar a <b>qualquer bem m\u00f3vel que esteja, ou n\u00e3o, sob sua guarda<\/b>.<\/span><\/p>\t\t\t\t\t\t\t\t<\/div>\n\t\t\t\t<\/div>\n\t\t\t\t<div class=\"elementor-element elementor-element-cf64f9e elementor-widget elementor-widget-heading\" data-id=\"cf64f9e\" data-element_type=\"widget\" data-widget_type=\"heading.default\">\n\t\t\t\t<div class=\"elementor-widget-container\">\n\t\t\t\t\t<h2 class=\"elementor-heading-title elementor-size-medium\">Substitui\u00e7\u00e3o de responsabilidade<\/h2>\t\t\t\t<\/div>\n\t\t\t\t<\/div>\n\t\t\t\t<div class=\"elementor-element elementor-element-a7d1ca8 elementor-widget elementor-widget-text-editor\" data-id=\"a7d1ca8\" data-element_type=\"widget\" data-widget_type=\"text-editor.default\">\n\t\t\t\t<div class=\"elementor-widget-container\">\n\t\t\t\t\t\t\t\t\t<p><span style=\"font-weight: 400;\">Quando houver <\/span><b>designa\u00e7\u00e3o ou substitui\u00e7\u00e3o do gestor, agente\u00a0 ou do encarregado <\/b><span style=\"font-weight: 400;\">de bens m\u00f3veis dever\u00e1 ser emitido o <\/span><b>Termo de Transfer\u00eancia de Responsabilidade <\/b><span style=\"font-weight: 400;\">de Bens M\u00f3veis e formalizado por meio de processo eletr\u00f4nico. No caso de substitui\u00e7\u00e3o <\/span><b>tempor\u00e1ria<\/b><span style=\"font-weight: 400;\">, a emiss\u00e3o do termo ser\u00e1 <\/span><b>facultativa<\/b><span style=\"font-weight: 400;\">.<\/span><\/p><p><span style=\"font-weight: 400;\">Na ocorr\u00eancia do <\/span><b>desligamento do agente ou do encarregado<\/b><span style=\"font-weight: 400;\"> de bens m\u00f3veis, o gestor dever\u00e1 providenciar, al\u00e9m da <\/span><b>transfer\u00eancia de responsabilidade<\/b><span style=\"font-weight: 400;\"> de bens sob a guarda destes, a lavratura da <\/span><b>Certid\u00e3o de Nada Consta <\/b><span style=\"font-weight: 400;\">quanto \u00e0 responsabilidade patrimonial, no <\/span><b>prazo de at\u00e9 30 dias<\/b><span style=\"font-weight: 400;\">, que ser\u00e1 apresentada ao <\/span><b>setor de Recursos Humanos<\/b><span style=\"font-weight: 400;\">, a fim de ser juntado ao processo de <\/span><b>desligamento<\/b><span style=\"font-weight: 400;\">.<\/span><\/p><p><span style=\"font-weight: 400;\">No caso da <\/span><b>exonera\u00e7\u00e3o do gestor de bens m\u00f3veis<\/b><span style=\"font-weight: 400;\">, o <\/span><b>titular da unidade gestora<\/b><span style=\"font-weight: 400;\"> dever\u00e1 designar seu sucessor no <\/span><b>prazo de at\u00e9 30 dias<\/b><span style=\"font-weight: 400;\">. O <\/span><b>novo gestor<\/b><span style=\"font-weight: 400;\"> dever\u00e1 adotar as <\/span><b>provid\u00eancias <\/b>para a<b> realiza\u00e7\u00e3o do invent\u00e1rio<\/b><span style=\"font-weight: 400;\"> (previsto no inciso III do art. 56 do <a href=\"https:\/\/leisestaduais.com.br\/rj\/decreto-n-49289-2024-rio-de-janeiro-regulamenta-a-gestao-dos-bens-moveis-no-ambito-do-poder-executivo-do-estado-o-rio-de-janeiro?q=49289&amp;origin=instituicao#\" target=\"_blank\" rel=\"noopener\"><strong>Decreto 49.289\/2024<\/strong><\/a>), assim como a <\/span><b>transfer\u00eancia de responsabilidade de bens<\/b><span style=\"font-weight: 400;\"> sob a guarda do servidor exonerado e a lavratura da <\/span><b>Certid\u00e3o de Nada Consta<\/b><span style=\"font-weight: 400;\">.<\/span><\/p><p><span style=\"font-weight: 400;\">Caso seja invi\u00e1vel o cumprimento dos prazos mencionados acima,\u00a0 a responsabilidade poder\u00e1 ser <\/span><b>transferida a um substituto eventual<\/b><span style=\"font-weight: 400;\"> at\u00e9 a <\/span><b>designa\u00e7\u00e3o do novo gestor, agente ou encarregado<\/b><span style=\"font-weight: 400;\">.<\/span><\/p><p><span style=\"font-weight: 400;\">O <\/span><b>servidor substituto<\/b><span style=\"font-weight: 400;\"> \u00e9 aquele <\/span><b>designado para assumir, por um determinado per\u00edodo de tempo, a responsabilidade<\/b><span style=\"font-weight: 400;\"> pela unidade gestora, unidade administrativa ou subunidade, no caso de aus\u00eancia eventual, como f\u00e9rias, licen\u00e7as e afins do gestor, agente ou encarregado.<\/span><\/p>\t\t\t\t\t\t\t\t<\/div>\n\t\t\t\t<\/div>\n\t\t\t\t<div class=\"elementor-element elementor-element-5d46e52 elementor-widget elementor-widget-heading\" data-id=\"5d46e52\" data-element_type=\"widget\" data-widget_type=\"heading.default\">\n\t\t\t\t<div class=\"elementor-widget-container\">\n\t\t\t\t\t<h2 class=\"elementor-heading-title elementor-size-medium\">Compet\u00eancias dos respons\u00e1veis patrimoniais<\/h2>\t\t\t\t<\/div>\n\t\t\t\t<\/div>\n\t\t\t\t<div class=\"elementor-element elementor-element-61dedf9 elementor-widget elementor-widget-text-editor\" data-id=\"61dedf9\" data-element_type=\"widget\" data-widget_type=\"text-editor.default\">\n\t\t\t\t<div class=\"elementor-widget-container\">\n\t\t\t\t\t\t\t\t\t<p><span style=\"font-weight: 400;\">Na tabela abaixo, seguem listadas as compet\u00eancias dos servidores que atuam como respons\u00e1veis patrimoniais em seus \u00f3rg\u00e3os\/entidades:<\/span><\/p>\n<p><\/p>\t\t\t\t\t\t\t\t<\/div>\n\t\t\t\t<\/div>\n\t\t\t\t<div class=\"elementor-element elementor-element-875a371 elementor-widget elementor-widget-text-editor\" data-id=\"875a371\" data-element_type=\"widget\" data-widget_type=\"text-editor.default\">\n\t\t\t\t<div class=\"elementor-widget-container\">\n\t\t\t\t\t\t\t\t\t<table dir=\"ltr\" border=\"1\" cellspacing=\"0\" cellpadding=\"0\" data-sheets-root=\"1\" data-sheets-baot=\"1\" data-sheets-original-selection=\"C5:E13\" data-sheets-named-table-range=\"C5:E13\" data-sheets-named-table=\"{&quot;1&quot;:{&quot;1&quot;:{&quot;1&quot;:{&quot;4&quot;:{&quot;1&quot;:2,&quot;2&quot;:3500116}},&quot;2&quot;:{&quot;4&quot;:{&quot;1&quot;:2,&quot;2&quot;:16777215}},&quot;3&quot;:1,&quot;4&quot;:{&quot;4&quot;:{&quot;1&quot;:2,&quot;2&quot;:16185593}},&quot;5&quot;:1}},&quot;2&quot;:&quot;Tabela_1&quot;,&quot;3&quot;:[{&quot;1&quot;:0,&quot;2&quot;:1,&quot;3&quot;:{&quot;2&quot;:2},&quot;4&quot;:3}]}\"><colgroup> <col width=\"337\" \/> <col width=\"330\" \/> <col width=\"300\" \/><\/colgroup><tbody><tr><td style=\"text-align: center;\"><strong>TITULAR DA UNIDADE GESTORA<\/strong><\/td><td style=\"text-align: center;\"><strong>GESTOR DE BENS M\u00d3VEIS<\/strong><\/td><td style=\"text-align: center;\"><strong>AGENTES E ENCARREGADOS<\/strong><\/td><\/tr><tr><td style=\"text-align: center;\">Regulamentar e estabelecer as normas internas para a gest\u00e3o dos bens m\u00f3veis da unidades<\/td><td style=\"text-align: center;\">Assessorar o titular da unidade gestora nos assuntos relativos \u00e0 gest\u00e3o de bens m\u00f3veis<\/td><td style=\"text-align: center;\">Realizar a gest\u00e3o dos bens m\u00f3veis sob sua responsabilidade e fornecer informa\u00e7\u00f5es sobre os mesmos ao gestor de bens m\u00f3veis ou ao agente de bens m\u00f3veis, conforme estrutura patrimonial<\/td><\/tr><tr><td style=\"text-align: center;\">Designar o gestor de bens m\u00f3veis, os agentes de bens m\u00f3veis e os encarregados de bens m\u00f3veis, assim como seus substitutos eventuais, em ato devidamente publicado no Di\u00e1rio Oficial do Estado do Rio de Janeiro<\/td><td style=\"text-align: center;\">Responder pelo registro patrimonial dos bens m\u00f3veis<\/td><td style=\"text-align: center;\">Organizar os invent\u00e1rios relativos aos bens m\u00f3veis existentes na unidade administrativa ou na subunidade<\/td><\/tr><tr><td style=\"text-align: center;\">Adotar as medidas cab\u00edveis para o ressarcimento dos preju\u00edzos causados ao Estado, quando identificadas irregularidades na gest\u00e3o, uso e guarda dos bens m\u00f3veis do \u00f3rg\u00e3o ou entidade, na forma prevista nas normas em vigor<\/td><td style=\"text-align: center;\">Organizar os invent\u00e1rios relativos aos bens m\u00f3veis existentes<\/td><td style=\"text-align: center;\">Organizar e instruir os processos de presta\u00e7\u00f5es de contas dos bens m\u00f3veis sob sua responsabilidade e enviar para o gestor de bens m\u00f3veis ou ao agente de bens m\u00f3veis, conforme estrutura patrimonial<\/td><\/tr><tr><td style=\"text-align: center;\">Responder pelo cumprimento dos prazos e formalidades para presta\u00e7\u00e3o de contas dos bens m\u00f3veis da unidade gestora<\/td><td style=\"text-align: center;\">Elaborar os processos de desfazimento dos bens m\u00f3veis<\/td><td style=\"text-align: center;\">Informar mensalmente os saldos e a movimenta\u00e7\u00e3o ao gestor de bens m\u00f3veis ou ao agente de bens m\u00f3veis, conforme estrutura patrimonial<\/td><\/tr><tr><td style=\"text-align: center;\">Prestar esclarecimentos, quando requerido pelos \u00d3rg\u00e3os de Controle Interno e Externo do Estado do Rio de Janeiro<\/td><td style=\"text-align: center;\">Instruir os processos de presta\u00e7\u00f5es de contas dos bens m\u00f3veis, na forma da legisla\u00e7\u00e3o vigente<\/td><td style=\"text-align: center;\">Zelar pela conserva\u00e7\u00e3o e correto manuseio dos bens m\u00f3veis da unidade administrativa ou da subunidade<\/td><\/tr><tr><td>\u00a0<\/td><td style=\"text-align: center;\">Informar mensalmente a movimenta\u00e7\u00e3o, inclusive a deprecia\u00e7\u00e3o, e promover as consist\u00eancias dos saldos entre os registros efetuados e a exist\u00eancia f\u00edsica dos bens m\u00f3veis \u00e0 Coordenadoria Setorial de Contabilidade ou equivalente<\/td><td style=\"text-align: center;\">Adotar e propor provid\u00eancias que preservem a seguran\u00e7a e conserva\u00e7\u00e3o dos bens m\u00f3veis existentes na unidade administrativa ou subunidade<\/td><\/tr><tr><td>\u00a0<\/td><td style=\"text-align: center;\">Orientar tecnicamente os agentes de bens m\u00f3veis, os encarregados de bens m\u00f3veis e os usu\u00e1rios<\/td><td style=\"text-align: center;\">Comunicar, imediatamente, qualquer irregularidade ocorrida com o bem m\u00f3vel sob a sua responsabilidade ao gestor de bens m\u00f3veis ou ao agente de bens m\u00f3veis, conforme estrutura patrimonial<\/td><\/tr><tr><td>\u00a0<\/td><td style=\"text-align: center;\">Manter organizado em arquivo f\u00edsico ou eletr\u00f4nico, todos os documentos relativos \u00e0 gest\u00e3o dos bens m\u00f3veis, \u00e0 disposi\u00e7\u00e3o dos \u00f3rg\u00e3os de controle interno e externo\u00a0<\/td><td>\u00a0<\/td><\/tr><\/tbody><\/table>\t\t\t\t\t\t\t\t<\/div>\n\t\t\t\t<\/div>\n\t\t\t\t<div class=\"elementor-element elementor-element-2752c95 elementor-widget elementor-widget-text-editor\" data-id=\"2752c95\" data-element_type=\"widget\" data-widget_type=\"text-editor.default\">\n\t\t\t\t<div class=\"elementor-widget-container\">\n\t\t\t\t\t\t\t\t\t<p><span style=\"font-weight: 400;\">Em rela\u00e7\u00e3o aos <\/span><b>usu\u00e1rios<\/b><span style=\"font-weight: 400;\"> (servidor ou pessoa que utilize o bem p\u00fablico), compete:<\/span><\/p><p><span style=\"font-weight: 400;\">1 &#8211; zelar pelo uso adequado, guarda e conserva\u00e7\u00e3o dos bens m\u00f3veis disponibilizados para o desempenho de suas atribui\u00e7\u00f5es; e\u00a0<\/span><\/p><p><span style=\"font-weight: 400;\">2 &#8211; informar ao encarregado de bens m\u00f3veis, agente de bens m\u00f3veis ou ao gestor de bens m\u00f3veis qualquer ocorr\u00eancia relativa aos bens.\u00a0<\/span><\/p>\t\t\t\t\t\t\t\t<\/div>\n\t\t\t\t<\/div>\n\t\t\t\t<div class=\"elementor-element elementor-element-7046c6e elementor-widget elementor-widget-heading\" data-id=\"7046c6e\" data-element_type=\"widget\" data-widget_type=\"heading.default\">\n\t\t\t\t<div class=\"elementor-widget-container\">\n\t\t\t\t\t<h2 class=\"elementor-heading-title elementor-size-medium\">Uso exclusivo<\/h2>\t\t\t\t<\/div>\n\t\t\t\t<\/div>\n\t\t\t\t<div class=\"elementor-element elementor-element-0f0b43e elementor-widget elementor-widget-text-editor\" data-id=\"0f0b43e\" data-element_type=\"widget\" data-widget_type=\"text-editor.default\">\n\t\t\t\t<div class=\"elementor-widget-container\">\n\t\t\t\t\t\t\t\t\t<p><span style=\"font-weight: 400;\">Bem m\u00f3vel de uso exclusivo c<\/span><span style=\"font-weight: 400;\">aracteriza-se por ser um <\/span><b>bem disponibilizado<\/b><span style=\"font-weight: 400;\"> para <\/span><b>uso individual do servidor<\/b><span style=\"font-weight: 400;\">, em raz\u00e3o da\u00a0<\/span><b>necessidade de servi\u00e7o<\/b><span style=\"font-weight: 400;\">, podendo ser utilizado<\/span><b> fora das instala\u00e7\u00f5es de trabalho,<\/b><span style=\"font-weight: 400;\"> a exemplo de computadores port\u00e1teis, aparelhos de telefonia celular, unidades port\u00e1teis de armazenamento de dados, armamentos, animais, dentre outros.\u00a0<\/span><\/p><p><span style=\"font-weight: 400;\">O bem ficar\u00e1 sob <\/span><span style=\"font-weight: 400;\">responsabilidade direta do servidor, mediante<\/span><b> Termo de Cautela,<\/b><span style=\"font-weight: 400;\"> que deve conter o n\u00famero patrimonial, a descri\u00e7\u00e3o detalhada e o valor de todos os bens elencados, devidamente assinado no sistema informatizado de gest\u00e3o de bens e\/ou em processo eletr\u00f4nico.<\/span><\/p><p><span style=\"font-weight: 400;\">Por ocasi\u00e3o da <\/span><b>devolu\u00e7\u00e3o do bem <\/b><span style=\"font-weight: 400;\">dever\u00e1 ser registrada a <\/span><b>baixa do Termo de Cautela<\/b><span style=\"font-weight: 400;\">.<\/span><\/p><p><span style=\"font-weight: 400;\"><b>ATEN\u00c7\u00c3O<\/b>: Os bens m\u00f3veis utilizados por <b>contratados que det\u00eam v\u00ednculo prec\u00e1rio <\/b>com a Administra\u00e7\u00e3o P\u00fablica (estagi\u00e1rios, terceirizados e contratados tempor\u00e1rios) ser\u00e3o de<b> responsabilidade da chefia imediata<\/b> a que estiverem subordinados. Salvo por motivo de for\u00e7a maior devidamente justificado e apresentado ao gestor de bens m\u00f3veis, a <b>chefia imediata<\/b> que dever\u00e1 assinar o <b>Termo de Cautela<\/b>. <\/span><\/p>\t\t\t\t\t\t\t\t<\/div>\n\t\t\t\t<\/div>\n\t\t\t\t<div class=\"elementor-element elementor-element-e999b1d elementor-widget elementor-widget-heading\" data-id=\"e999b1d\" data-element_type=\"widget\" data-widget_type=\"heading.default\">\n\t\t\t\t<div class=\"elementor-widget-container\">\n\t\t\t\t\t<h2 class=\"elementor-heading-title elementor-size-default\"><a href=\"https:\/\/redelog.rj.gov.br\/redebens\/wp-content\/uploads\/2024\/09\/Modelo-Minuta-Resolucao-Estrutura-Patrimonial-Com-Anexos-REVISADA-COON.docx\">Minuta de Resolu\u00e7\u00e3o Estrutura Patrimonial <\/a><\/h2>\t\t\t\t<\/div>\n\t\t\t\t<\/div>\n\t\t\t\t<div class=\"elementor-element elementor-element-c44eec9 elementor-widget elementor-widget-image\" data-id=\"c44eec9\" data-element_type=\"widget\" data-widget_type=\"image.default\">\n\t\t\t\t<div class=\"elementor-widget-container\">\n\t\t\t\t\t\t\t\t\t\t\t\t\t\t\t\t<a href=\"https:\/\/redelog.rj.gov.br\/redebens\/wp-content\/uploads\/2024\/09\/Modelo-Minuta-Resolucao-Estrutura-Patrimonial-Com-Anexos-REVISADA-COON.docx\" target=\"_blank\">\n\t\t\t\t\t\t\t<img decoding=\"async\" width=\"150\" height=\"150\" src=\"https:\/\/redelog.rj.gov.br\/redebens\/wp-content\/uploads\/2022\/05\/word.png\" class=\"attachment-large size-large wp-image-979\" alt=\"\" \/>\t\t\t\t\t\t\t\t<\/a>\n\t\t\t\t\t\t\t\t\t\t\t\t\t\t\t<\/div>\n\t\t\t\t<\/div>\n\t\t\t\t<div class=\"elementor-element elementor-element-6c88035 elementor-widget elementor-widget-heading\" data-id=\"6c88035\" data-element_type=\"widget\" data-widget_type=\"heading.default\">\n\t\t\t\t<div class=\"elementor-widget-container\">\n\t\t\t\t\t<h2 class=\"elementor-heading-title elementor-size-default\"><a href=\"https:\/\/redelog.rj.gov.br\/redebens\/wp-content\/uploads\/2024\/09\/Modelo-Minuta-Portaria-Estrutura-Patrimonial.docx\">Minuta de Portaria Estrutura Patrimonial <\/a><\/h2>\t\t\t\t<\/div>\n\t\t\t\t<\/div>\n\t\t\t\t<div class=\"elementor-element elementor-element-f3ca9b6 elementor-widget elementor-widget-image\" data-id=\"f3ca9b6\" data-element_type=\"widget\" data-widget_type=\"image.default\">\n\t\t\t\t<div class=\"elementor-widget-container\">\n\t\t\t\t\t\t\t\t\t\t\t\t\t\t\t\t<a href=\"https:\/\/redelog.rj.gov.br\/redebens\/wp-content\/uploads\/2024\/09\/Modelo-Minuta-Portaria-Estrutura-Patrimonial.docx\" target=\"_blank\">\n\t\t\t\t\t\t\t<img decoding=\"async\" width=\"150\" height=\"150\" src=\"https:\/\/redelog.rj.gov.br\/redebens\/wp-content\/uploads\/2022\/05\/word.png\" class=\"attachment-large size-large wp-image-979\" alt=\"\" \/>\t\t\t\t\t\t\t\t<\/a>\n\t\t\t\t\t\t\t\t\t\t\t\t\t\t\t<\/div>\n\t\t\t\t<\/div>\n\t\t\t\t<div class=\"elementor-element elementor-element-6e8d126 elementor-widget elementor-widget-heading\" data-id=\"6e8d126\" data-element_type=\"widget\" data-widget_type=\"heading.default\">\n\t\t\t\t<div class=\"elementor-widget-container\">\n\t\t\t\t\t<h2 class=\"elementor-heading-title elementor-size-default\"><a href=\"https:\/\/redelog.rj.gov.br\/redebens\/wp-content\/uploads\/2024\/09\/Modelo-Minuta-Ato-Alteracao-de-Agente-Encarregado.docx\">Minuta de Ato de  Altera\u00e7\u00e3o Agente\/Encarregado<\/a><\/h2>\t\t\t\t<\/div>\n\t\t\t\t<\/div>\n\t\t\t\t<div class=\"elementor-element elementor-element-0d0b462 elementor-widget elementor-widget-image\" data-id=\"0d0b462\" data-element_type=\"widget\" data-widget_type=\"image.default\">\n\t\t\t\t<div class=\"elementor-widget-container\">\n\t\t\t\t\t\t\t\t\t\t\t\t\t\t\t\t<a href=\"https:\/\/redelog.rj.gov.br\/redebens\/wp-content\/uploads\/2024\/09\/Modelo-Minuta-Ato-Alteracao-de-Agente-Encarregado.docx\" target=\"_blank\">\n\t\t\t\t\t\t\t<img decoding=\"async\" width=\"150\" height=\"150\" src=\"https:\/\/redelog.rj.gov.br\/redebens\/wp-content\/uploads\/2022\/05\/word.png\" class=\"attachment-large size-large wp-image-979\" alt=\"\" \/>\t\t\t\t\t\t\t\t<\/a>\n\t\t\t\t\t\t\t\t\t\t\t\t\t\t\t<\/div>\n\t\t\t\t<\/div>\n\t\t\t\t<div class=\"elementor-element elementor-element-6a28353 elementor-widget-divider--view-line elementor-widget elementor-widget-divider\" data-id=\"6a28353\" data-element_type=\"widget\" data-widget_type=\"divider.default\">\n\t\t\t\t<div class=\"elementor-widget-container\">\n\t\t\t\t\t\t\t<div class=\"elementor-divider\">\n\t\t\t<span class=\"elementor-divider-separator\">\n\t\t\t\t\t\t<\/span>\n\t\t<\/div>\n\t\t\t\t\t\t<\/div>\n\t\t\t\t<\/div>\n\t\t\t\t<div class=\"elementor-element elementor-element-7ca1738 elementor-widget elementor-widget-heading\" data-id=\"7ca1738\" data-element_type=\"widget\" data-widget_type=\"heading.default\">\n\t\t\t\t<div class=\"elementor-widget-container\">\n\t\t\t\t\t<h2 class=\"elementor-heading-title elementor-size-default\">PERGUNTAS FREQUENTES<\/h2>\t\t\t\t<\/div>\n\t\t\t\t<\/div>\n\t\t\t\t<div class=\"elementor-element elementor-element-01d8702 elementor-widget elementor-widget-toggle\" data-id=\"01d8702\" data-element_type=\"widget\" data-widget_type=\"toggle.default\">\n\t\t\t\t<div class=\"elementor-widget-container\">\n\t\t\t\t\t\t\t<div class=\"elementor-toggle\">\n\t\t\t\t\t\t\t<div class=\"elementor-toggle-item\">\n\t\t\t\t\t<div id=\"elementor-tab-title-1931\" class=\"elementor-tab-title\" data-tab=\"1\" role=\"button\" aria-controls=\"elementor-tab-content-1931\" aria-expanded=\"false\">\n\t\t\t\t\t\t\t\t\t\t\t\t<span class=\"elementor-toggle-icon elementor-toggle-icon-left\" aria-hidden=\"true\">\n\t\t\t\t\t\t\t\t\t\t\t\t\t\t\t<span class=\"elementor-toggle-icon-closed\"><i class=\"fas fa-caret-right\"><\/i><\/span>\n\t\t\t\t\t\t\t\t<span class=\"elementor-toggle-icon-opened\"><i class=\"elementor-toggle-icon-opened fas fa-caret-up\"><\/i><\/span>\n\t\t\t\t\t\t\t\t\t\t\t\t\t<\/span>\n\t\t\t\t\t\t\t\t\t\t\t\t<a class=\"elementor-toggle-title\" tabindex=\"0\">1-\tTenho que ter uma estrutura patrimonial publicada no DOERJ?<\/a>\n\t\t\t\t\t<\/div>\n\n\t\t\t\t\t<div id=\"elementor-tab-content-1931\" class=\"elementor-tab-content elementor-clearfix\" data-tab=\"1\" role=\"region\" aria-labelledby=\"elementor-tab-title-1931\"><p style=\"text-align: justify;\">Sim, a publica\u00e7\u00e3o \u00e9 necess\u00e1ria, conforme art. 16, inciso II, do decreto estadual n\u00ba 49.289\/2024.<\/p><\/div>\n\t\t\t\t<\/div>\n\t\t\t\t\t\t\t<div class=\"elementor-toggle-item\">\n\t\t\t\t\t<div id=\"elementor-tab-title-1932\" class=\"elementor-tab-title\" data-tab=\"2\" role=\"button\" aria-controls=\"elementor-tab-content-1932\" aria-expanded=\"false\">\n\t\t\t\t\t\t\t\t\t\t\t\t<span class=\"elementor-toggle-icon elementor-toggle-icon-left\" aria-hidden=\"true\">\n\t\t\t\t\t\t\t\t\t\t\t\t\t\t\t<span class=\"elementor-toggle-icon-closed\"><i class=\"fas fa-caret-right\"><\/i><\/span>\n\t\t\t\t\t\t\t\t<span class=\"elementor-toggle-icon-opened\"><i class=\"elementor-toggle-icon-opened fas fa-caret-up\"><\/i><\/span>\n\t\t\t\t\t\t\t\t\t\t\t\t\t<\/span>\n\t\t\t\t\t\t\t\t\t\t\t\t<a class=\"elementor-toggle-title\" tabindex=\"0\">2-\tPosso ter um servidor respons\u00e1vel por mais de uma unidade administrativa ou subunidade?<\/a>\n\t\t\t\t\t<\/div>\n\n\t\t\t\t\t<div id=\"elementor-tab-content-1932\" class=\"elementor-tab-content elementor-clearfix\" data-tab=\"2\" role=\"region\" aria-labelledby=\"elementor-tab-title-1932\"><p style=\"text-align: justify;\">O mais recomendado \u00e9 designar um respons\u00e1vel por unidade administrativa ou subunidade, garantindo apenas um CPF diferente nomeado para cada local.\u00a0<\/p><\/div>\n\t\t\t\t<\/div>\n\t\t\t\t\t\t\t<div class=\"elementor-toggle-item\">\n\t\t\t\t\t<div id=\"elementor-tab-title-1933\" class=\"elementor-tab-title\" data-tab=\"3\" role=\"button\" aria-controls=\"elementor-tab-content-1933\" aria-expanded=\"false\">\n\t\t\t\t\t\t\t\t\t\t\t\t<span class=\"elementor-toggle-icon elementor-toggle-icon-left\" aria-hidden=\"true\">\n\t\t\t\t\t\t\t\t\t\t\t\t\t\t\t<span class=\"elementor-toggle-icon-closed\"><i class=\"fas fa-caret-right\"><\/i><\/span>\n\t\t\t\t\t\t\t\t<span class=\"elementor-toggle-icon-opened\"><i class=\"elementor-toggle-icon-opened fas fa-caret-up\"><\/i><\/span>\n\t\t\t\t\t\t\t\t\t\t\t\t\t<\/span>\n\t\t\t\t\t\t\t\t\t\t\t\t<a class=\"elementor-toggle-title\" tabindex=\"0\">3-\tO Gestor da UG pode ser respons\u00e1vel por uma unidade administrativa ou subunidade?<\/a>\n\t\t\t\t\t<\/div>\n\n\t\t\t\t\t<div id=\"elementor-tab-content-1933\" class=\"elementor-tab-content elementor-clearfix\" data-tab=\"3\" role=\"region\" aria-labelledby=\"elementor-tab-title-1933\"><p style=\"text-align: justify;\">N\u00e3o, o gestor s\u00f3 pode ser respons\u00e1vel pela UG.<\/p><\/div>\n\t\t\t\t<\/div>\n\t\t\t\t\t\t\t<div class=\"elementor-toggle-item\">\n\t\t\t\t\t<div id=\"elementor-tab-title-1934\" class=\"elementor-tab-title\" data-tab=\"4\" role=\"button\" aria-controls=\"elementor-tab-content-1934\" aria-expanded=\"false\">\n\t\t\t\t\t\t\t\t\t\t\t\t<span class=\"elementor-toggle-icon elementor-toggle-icon-left\" aria-hidden=\"true\">\n\t\t\t\t\t\t\t\t\t\t\t\t\t\t\t<span class=\"elementor-toggle-icon-closed\"><i class=\"fas fa-caret-right\"><\/i><\/span>\n\t\t\t\t\t\t\t\t<span class=\"elementor-toggle-icon-opened\"><i class=\"elementor-toggle-icon-opened fas fa-caret-up\"><\/i><\/span>\n\t\t\t\t\t\t\t\t\t\t\t\t\t<\/span>\n\t\t\t\t\t\t\t\t\t\t\t\t<a class=\"elementor-toggle-title\" tabindex=\"0\">4- A UG pode ter mais de um gestor para fazer o cadastro dos bens?<\/a>\n\t\t\t\t\t<\/div>\n\n\t\t\t\t\t<div id=\"elementor-tab-content-1934\" class=\"elementor-tab-content elementor-clearfix\" data-tab=\"4\" role=\"region\" aria-labelledby=\"elementor-tab-title-1934\"><p><span style=\"font-weight: 400;\">N\u00e3o. Para cada UG existe apenas um(a) \u00fanico(a) servidor(a) designado(a) como gestor(a).<\/span><\/p><\/div>\n\t\t\t\t<\/div>\n\t\t\t\t\t\t\t<div class=\"elementor-toggle-item\">\n\t\t\t\t\t<div id=\"elementor-tab-title-1935\" class=\"elementor-tab-title\" data-tab=\"5\" role=\"button\" aria-controls=\"elementor-tab-content-1935\" aria-expanded=\"false\">\n\t\t\t\t\t\t\t\t\t\t\t\t<span class=\"elementor-toggle-icon elementor-toggle-icon-left\" aria-hidden=\"true\">\n\t\t\t\t\t\t\t\t\t\t\t\t\t\t\t<span class=\"elementor-toggle-icon-closed\"><i class=\"fas fa-caret-right\"><\/i><\/span>\n\t\t\t\t\t\t\t\t<span class=\"elementor-toggle-icon-opened\"><i class=\"elementor-toggle-icon-opened fas fa-caret-up\"><\/i><\/span>\n\t\t\t\t\t\t\t\t\t\t\t\t\t<\/span>\n\t\t\t\t\t\t\t\t\t\t\t\t<a class=\"elementor-toggle-title\" tabindex=\"0\">5-\tPosso ter servidor de outra UG como respons\u00e1vel dentro da minha estrutura?<\/a>\n\t\t\t\t\t<\/div>\n\n\t\t\t\t\t<div id=\"elementor-tab-content-1935\" class=\"elementor-tab-content elementor-clearfix\" data-tab=\"5\" role=\"region\" aria-labelledby=\"elementor-tab-title-1935\"><p>N\u00e3o. Pode-se nomear apenas servidores lotados na pr\u00f3pria entidade ou \u00f3rg\u00e3o.<\/p><\/div>\n\t\t\t\t<\/div>\n\t\t\t\t\t\t\t<div class=\"elementor-toggle-item\">\n\t\t\t\t\t<div id=\"elementor-tab-title-1936\" class=\"elementor-tab-title\" data-tab=\"6\" role=\"button\" aria-controls=\"elementor-tab-content-1936\" aria-expanded=\"false\">\n\t\t\t\t\t\t\t\t\t\t\t\t<span class=\"elementor-toggle-icon elementor-toggle-icon-left\" aria-hidden=\"true\">\n\t\t\t\t\t\t\t\t\t\t\t\t\t\t\t<span class=\"elementor-toggle-icon-closed\"><i class=\"fas fa-caret-right\"><\/i><\/span>\n\t\t\t\t\t\t\t\t<span class=\"elementor-toggle-icon-opened\"><i class=\"elementor-toggle-icon-opened fas fa-caret-up\"><\/i><\/span>\n\t\t\t\t\t\t\t\t\t\t\t\t\t<\/span>\n\t\t\t\t\t\t\t\t\t\t\t\t<a class=\"elementor-toggle-title\" tabindex=\"0\">6-\tA estrutura patrimonial da UG precisa ser igual \u00e0 estrutura organizacional?<\/a>\n\t\t\t\t\t<\/div>\n\n\t\t\t\t\t<div id=\"elementor-tab-content-1936\" class=\"elementor-tab-content elementor-clearfix\" data-tab=\"6\" role=\"region\" aria-labelledby=\"elementor-tab-title-1936\"><p style=\"text-align: justify;\">N\u00e3o, a estrutura patrimonial deve ser elaborada para atender a necessidade percebida pelo gestor, seja pela distribui\u00e7\u00e3o f\u00edsica da UG ou pelo n\u00famero de servidores dispon\u00edvel para serem nomeados como agentes e\/ou encarregados.<\/p><\/div>\n\t\t\t\t<\/div>\n\t\t\t\t\t\t\t<div class=\"elementor-toggle-item\">\n\t\t\t\t\t<div id=\"elementor-tab-title-1937\" class=\"elementor-tab-title\" data-tab=\"7\" role=\"button\" aria-controls=\"elementor-tab-content-1937\" aria-expanded=\"false\">\n\t\t\t\t\t\t\t\t\t\t\t\t<span class=\"elementor-toggle-icon elementor-toggle-icon-left\" aria-hidden=\"true\">\n\t\t\t\t\t\t\t\t\t\t\t\t\t\t\t<span class=\"elementor-toggle-icon-closed\"><i class=\"fas fa-caret-right\"><\/i><\/span>\n\t\t\t\t\t\t\t\t<span class=\"elementor-toggle-icon-opened\"><i class=\"elementor-toggle-icon-opened fas fa-caret-up\"><\/i><\/span>\n\t\t\t\t\t\t\t\t\t\t\t\t\t<\/span>\n\t\t\t\t\t\t\t\t\t\t\t\t<a class=\"elementor-toggle-title\" tabindex=\"0\">7- A estrutura patrimonial da UG pode ser igual \u00e0 estrutura organizacional?<\/a>\n\t\t\t\t\t<\/div>\n\n\t\t\t\t\t<div id=\"elementor-tab-content-1937\" class=\"elementor-tab-content elementor-clearfix\" data-tab=\"7\" role=\"region\" aria-labelledby=\"elementor-tab-title-1937\"><p style=\"text-align: justify;\">Pode. Nesse caso, as responsabilidades <strong><u>podem<\/u><\/strong> ser atreladas aos cargos (subsecret\u00e1rio, superintendente, coordenador, gerente, etc.), de forma que, ao assumir o cargo, o servidor j\u00e1 estar\u00e1 ciente de que assume tamb\u00e9m a responsabilidade por aquela UA ou subunidade.<\/p><\/div>\n\t\t\t\t<\/div>\n\t\t\t\t\t\t\t<div class=\"elementor-toggle-item\">\n\t\t\t\t\t<div id=\"elementor-tab-title-1938\" class=\"elementor-tab-title\" data-tab=\"8\" role=\"button\" aria-controls=\"elementor-tab-content-1938\" aria-expanded=\"false\">\n\t\t\t\t\t\t\t\t\t\t\t\t<span class=\"elementor-toggle-icon elementor-toggle-icon-left\" aria-hidden=\"true\">\n\t\t\t\t\t\t\t\t\t\t\t\t\t\t\t<span class=\"elementor-toggle-icon-closed\"><i class=\"fas fa-caret-right\"><\/i><\/span>\n\t\t\t\t\t\t\t\t<span class=\"elementor-toggle-icon-opened\"><i class=\"elementor-toggle-icon-opened fas fa-caret-up\"><\/i><\/span>\n\t\t\t\t\t\t\t\t\t\t\t\t\t<\/span>\n\t\t\t\t\t\t\t\t\t\t\t\t<a class=\"elementor-toggle-title\" tabindex=\"0\">8- A estrutura patrimonial da minha UG sofreu muitas altera\u00e7\u00f5es ao longo dos \u00faltimos anos. Preciso enviar todos atos que formalizaram essas mudan\u00e7as ou preciso publicar um novo ato consolidando todas as altera\u00e7\u00f5es:<\/a>\n\t\t\t\t\t<\/div>\n\n\t\t\t\t\t<div id=\"elementor-tab-content-1938\" class=\"elementor-tab-content elementor-clearfix\" data-tab=\"8\" role=\"region\" aria-labelledby=\"elementor-tab-title-1938\"><p style=\"text-align: justify;\">\u00c9 necess\u00e1rio que a UG tenha uma estrutura desenhada pela qual seja compreens\u00edvel o formato vigente, com os respectivos respons\u00e1veis. Caso esse conjunto de publica\u00e7\u00f5es n\u00e3o retrate a situa\u00e7\u00e3o vigente, \u00e9 recomend\u00e1vel que seja publicada no DOE uma nova estrutura, revogando as anteriores. Mas essa decis\u00e3o ficar\u00e1 a cargo do gestor.<\/p><\/div>\n\t\t\t\t<\/div>\n\t\t\t\t\t\t\t<div class=\"elementor-toggle-item\">\n\t\t\t\t\t<div id=\"elementor-tab-title-1939\" class=\"elementor-tab-title\" data-tab=\"9\" role=\"button\" aria-controls=\"elementor-tab-content-1939\" aria-expanded=\"false\">\n\t\t\t\t\t\t\t\t\t\t\t\t<span class=\"elementor-toggle-icon elementor-toggle-icon-left\" aria-hidden=\"true\">\n\t\t\t\t\t\t\t\t\t\t\t\t\t\t\t<span class=\"elementor-toggle-icon-closed\"><i class=\"fas fa-caret-right\"><\/i><\/span>\n\t\t\t\t\t\t\t\t<span class=\"elementor-toggle-icon-opened\"><i class=\"elementor-toggle-icon-opened fas fa-caret-up\"><\/i><\/span>\n\t\t\t\t\t\t\t\t\t\t\t\t\t<\/span>\n\t\t\t\t\t\t\t\t\t\t\t\t<a class=\"elementor-toggle-title\" tabindex=\"0\">9-  Posso criar subunidades que ainda n\u00e3o possuem bens alocados, para posterior aloca\u00e7\u00e3o?<\/a>\n\t\t\t\t\t<\/div>\n\n\t\t\t\t\t<div id=\"elementor-tab-content-1939\" class=\"elementor-tab-content elementor-clearfix\" data-tab=\"9\" role=\"region\" aria-labelledby=\"elementor-tab-title-1939\"><p>Sim, pode.<\/p><\/div>\n\t\t\t\t<\/div>\n\t\t\t\t\t\t\t<div class=\"elementor-toggle-item\">\n\t\t\t\t\t<div id=\"elementor-tab-title-19310\" class=\"elementor-tab-title\" data-tab=\"10\" role=\"button\" aria-controls=\"elementor-tab-content-19310\" aria-expanded=\"false\">\n\t\t\t\t\t\t\t\t\t\t\t\t<span class=\"elementor-toggle-icon elementor-toggle-icon-left\" aria-hidden=\"true\">\n\t\t\t\t\t\t\t\t\t\t\t\t\t\t\t<span class=\"elementor-toggle-icon-closed\"><i class=\"fas fa-caret-right\"><\/i><\/span>\n\t\t\t\t\t\t\t\t<span class=\"elementor-toggle-icon-opened\"><i class=\"elementor-toggle-icon-opened fas fa-caret-up\"><\/i><\/span>\n\t\t\t\t\t\t\t\t\t\t\t\t\t<\/span>\n\t\t\t\t\t\t\t\t\t\t\t\t<a class=\"elementor-toggle-title\" tabindex=\"0\">10- Posso nomear funcion\u00e1rio terceirizado como respons\u00e1vel patrimonial?<\/a>\n\t\t\t\t\t<\/div>\n\n\t\t\t\t\t<div id=\"elementor-tab-content-19310\" class=\"elementor-tab-content elementor-clearfix\" data-tab=\"10\" role=\"region\" aria-labelledby=\"elementor-tab-title-19310\"><p style=\"text-align: justify;\">N\u00e3o. Apenas servidores podem assumir responsabilidade patrimonial, podendo esses serem efetivos (ingresso por concurso) ou comissionados (extraquadros). Ressalta-se que funcion\u00e1rio terceirizado (acesso via contrato com empresa privada contratada pelo \u00f3rg\u00e3o\/entidade) n\u00e3o \u00e9 servidor, <span style=\"font-weight: 400;\">pois possui v\u00ednculo prec\u00e1rio com a Administra\u00e7\u00e3o.<\/span><\/p><\/div>\n\t\t\t\t<\/div>\n\t\t\t\t\t\t\t<div class=\"elementor-toggle-item\">\n\t\t\t\t\t<div id=\"elementor-tab-title-19311\" class=\"elementor-tab-title\" data-tab=\"11\" role=\"button\" aria-controls=\"elementor-tab-content-19311\" aria-expanded=\"false\">\n\t\t\t\t\t\t\t\t\t\t\t\t<span class=\"elementor-toggle-icon elementor-toggle-icon-left\" aria-hidden=\"true\">\n\t\t\t\t\t\t\t\t\t\t\t\t\t\t\t<span class=\"elementor-toggle-icon-closed\"><i class=\"fas fa-caret-right\"><\/i><\/span>\n\t\t\t\t\t\t\t\t<span class=\"elementor-toggle-icon-opened\"><i class=\"elementor-toggle-icon-opened fas fa-caret-up\"><\/i><\/span>\n\t\t\t\t\t\t\t\t\t\t\t\t\t<\/span>\n\t\t\t\t\t\t\t\t\t\t\t\t<a class=\"elementor-toggle-title\" tabindex=\"0\">11-    Posso publicar a estrutura patrimonial como anexo da resolu\u00e7\u00e3o\/portaria?<\/a>\n\t\t\t\t\t<\/div>\n\n\t\t\t\t\t<div id=\"elementor-tab-content-19311\" class=\"elementor-tab-content elementor-clearfix\" data-tab=\"11\" role=\"region\" aria-labelledby=\"elementor-tab-title-19311\"><p style=\"text-align: justify;\">Pode. Dessa forma, quando houver mudan\u00e7a na estrutura, pode-se publicar novo ato alterando apenas o referido anexo.<\/p><\/div>\n\t\t\t\t<\/div>\n\t\t\t\t\t\t\t<div class=\"elementor-toggle-item\">\n\t\t\t\t\t<div id=\"elementor-tab-title-19312\" class=\"elementor-tab-title\" data-tab=\"12\" role=\"button\" aria-controls=\"elementor-tab-content-19312\" aria-expanded=\"false\">\n\t\t\t\t\t\t\t\t\t\t\t\t<span class=\"elementor-toggle-icon elementor-toggle-icon-left\" aria-hidden=\"true\">\n\t\t\t\t\t\t\t\t\t\t\t\t\t\t\t<span class=\"elementor-toggle-icon-closed\"><i class=\"fas fa-caret-right\"><\/i><\/span>\n\t\t\t\t\t\t\t\t<span class=\"elementor-toggle-icon-opened\"><i class=\"elementor-toggle-icon-opened fas fa-caret-up\"><\/i><\/span>\n\t\t\t\t\t\t\t\t\t\t\t\t\t<\/span>\n\t\t\t\t\t\t\t\t\t\t\t\t<a class=\"elementor-toggle-title\" tabindex=\"0\"> 12- Como podemos controlar os bens que pertencem a uma determinada unidade administrativa ou subunidade, mas est\u00e3o alocados em salas separadas?<\/a>\n\t\t\t\t\t<\/div>\n\n\t\t\t\t\t<div id=\"elementor-tab-content-19312\" class=\"elementor-tab-content elementor-clearfix\" data-tab=\"12\" role=\"region\" aria-labelledby=\"elementor-tab-title-19312\"><p style=\"text-align: justify;\">Criando localiza\u00e7\u00e3o f\u00edsica para a UA ou subunidade. Como exemplo, pense em uma mesma subunidade denominada \u201csubsecretaria X\u201d dividida em salas distintas. <u>A LF poderia ser cada sala que comp\u00f5e a subunidade \u201csubsecretaria X\u201d, cujo respons\u00e1vel \u00e9 o encarregado pela subsecretaria<\/u>. Portanto, pode-se criar localiza\u00e7\u00f5es dentro de uma subunidade ou UA, sendo que a localiza\u00e7\u00e3o f\u00edsica n\u00e3o possui um respons\u00e1vel adicional.<\/p><\/div>\n\t\t\t\t<\/div>\n\t\t\t\t\t\t\t\t<\/div>\n\t\t\t\t\t\t<\/div>\n\t\t\t\t<\/div>\n\t\t\t\t<div class=\"elementor-element elementor-element-34c7830 elementor-widget-divider--view-line elementor-widget elementor-widget-divider\" data-id=\"34c7830\" data-element_type=\"widget\" data-widget_type=\"divider.default\">\n\t\t\t\t<div class=\"elementor-widget-container\">\n\t\t\t\t\t\t\t<div class=\"elementor-divider\">\n\t\t\t<span class=\"elementor-divider-separator\">\n\t\t\t\t\t\t<\/span>\n\t\t<\/div>\n\t\t\t\t\t\t<\/div>\n\t\t\t\t<\/div>\n\t\t\t\t\t<\/div>\n\t\t<\/div>\n\t\t\t\t\t<\/div>\n\t\t<\/section>\n\t\t\t\t<section class=\"elementor-section elementor-top-section elementor-element elementor-element-8ba61c0 elementor-section-boxed elementor-section-height-default elementor-section-height-default\" data-id=\"8ba61c0\" data-element_type=\"section\">\n\t\t\t\t\t\t<div class=\"elementor-container elementor-column-gap-default\">\n\t\t\t\t\t<div class=\"elementor-column elementor-col-100 elementor-top-column elementor-element elementor-element-8d89e5f\" data-id=\"8d89e5f\" data-element_type=\"column\">\n\t\t\t<div class=\"elementor-widget-wrap elementor-element-populated\">\n\t\t\t\t\t\t<section class=\"elementor-section elementor-inner-section elementor-element elementor-element-c6e9f38 elementor-section-boxed elementor-section-height-default elementor-section-height-default\" data-id=\"c6e9f38\" data-element_type=\"section\">\n\t\t\t\t\t\t<div class=\"elementor-container elementor-column-gap-default\">\n\t\t\t\t\t<div class=\"elementor-column elementor-col-50 elementor-inner-column elementor-element elementor-element-53e2a63\" data-id=\"53e2a63\" data-element_type=\"column\">\n\t\t\t<div class=\"elementor-widget-wrap\">\n\t\t\t\t\t\t\t<\/div>\n\t\t<\/div>\n\t\t\t\t<div class=\"elementor-column elementor-col-50 elementor-inner-column elementor-element elementor-element-1cb2df1\" data-id=\"1cb2df1\" data-element_type=\"column\">\n\t\t\t<div class=\"elementor-widget-wrap elementor-element-populated\">\n\t\t\t\t\t\t<div class=\"elementor-element elementor-element-ac4573c elementor-widget elementor-widget-text-editor\" data-id=\"ac4573c\" data-element_type=\"widget\" data-widget_type=\"text-editor.default\">\n\t\t\t\t<div class=\"elementor-widget-container\">\n\t\t\t\t\t\t\t\t\t<p style=\"text-align: right;\">\u00a0<a href=\"https:\/\/redelog.rj.gov.br\/redebens\/ingresso\/\">INGRESSO\u2192<\/a><\/p>\t\t\t\t\t\t\t\t<\/div>\n\t\t\t\t<\/div>\n\t\t\t\t\t<\/div>\n\t\t<\/div>\n\t\t\t\t\t<\/div>\n\t\t<\/section>\n\t\t\t\t\t<\/div>\n\t\t<\/div>\n\t\t\t\t\t<\/div>\n\t\t<\/section>\n\t\t\t\t<\/div>\n\t\t","protected":false},"excerpt":{"rendered":"<p>Consiste na divis\u00e3o da unidade gestora em subdivis\u00f5es patrimoniais, denominadas unidades administrativas e\/ou subunidades. Na ilustra\u00e7\u00e3o acima, \u00e9 poss\u00edvel observar todas as possibilidades de divis\u00f5es da Unidade Gestora (UG) para criar uma estrutura de gest\u00e3o patrimonial: \u00a0UG + UAs, ou\u00a0UG + UAs + subunidades\u00a0ou\u00a0UG + subunidades \u00a0A estrutura patrimonial tem como finalidade facilitar e otimizar [&hellip;]<\/p>\n","protected":false},"author":6,"featured_media":0,"comment_status":"closed","ping_status":"open","sticky":false,"template":"","format":"standard","meta":{"footnotes":""},"categories":[8],"tags":[],"class_list":["post-7065","post","type-post","status-publish","format-standard","hentry","category-base-conhecimento"],"publishpress_future_action":{"enabled":false,"date":"2026-05-09 09:46:05","action":"change-status","newStatus":"draft","terms":[],"taxonomy":"category","extraData":[]},"publishpress_future_workflow_manual_trigger":{"enabledWorkflows":[]},"_links":{"self":[{"href":"https:\/\/redelog.rj.gov.br\/redebens\/wp-json\/wp\/v2\/posts\/7065","targetHints":{"allow":["GET"]}}],"collection":[{"href":"https:\/\/redelog.rj.gov.br\/redebens\/wp-json\/wp\/v2\/posts"}],"about":[{"href":"https:\/\/redelog.rj.gov.br\/redebens\/wp-json\/wp\/v2\/types\/post"}],"author":[{"embeddable":true,"href":"https:\/\/redelog.rj.gov.br\/redebens\/wp-json\/wp\/v2\/users\/6"}],"replies":[{"embeddable":true,"href":"https:\/\/redelog.rj.gov.br\/redebens\/wp-json\/wp\/v2\/comments?post=7065"}],"version-history":[{"count":43,"href":"https:\/\/redelog.rj.gov.br\/redebens\/wp-json\/wp\/v2\/posts\/7065\/revisions"}],"predecessor-version":[{"id":7619,"href":"https:\/\/redelog.rj.gov.br\/redebens\/wp-json\/wp\/v2\/posts\/7065\/revisions\/7619"}],"wp:attachment":[{"href":"https:\/\/redelog.rj.gov.br\/redebens\/wp-json\/wp\/v2\/media?parent=7065"}],"wp:term":[{"taxonomy":"category","embeddable":true,"href":"https:\/\/redelog.rj.gov.br\/redebens\/wp-json\/wp\/v2\/categories?post=7065"},{"taxonomy":"post_tag","embeddable":true,"href":"https:\/\/redelog.rj.gov.br\/redebens\/wp-json\/wp\/v2\/tags?post=7065"}],"curies":[{"name":"wp","href":"https:\/\/api.w.org\/{rel}","templated":true}]}}