{"id":7054,"date":"2024-09-19T10:31:56","date_gmt":"2024-09-19T13:31:56","guid":{"rendered":"https:\/\/redelog.rj.gov.br\/redebens\/?p=7054"},"modified":"2025-08-25T15:47:16","modified_gmt":"2025-08-25T18:47:16","slug":"ingresso","status":"publish","type":"post","link":"https:\/\/redelog.rj.gov.br\/redebens\/ingresso\/","title":{"rendered":"INGRESSO"},"content":{"rendered":"\t\t<div data-elementor-type=\"wp-post\" data-elementor-id=\"7054\" class=\"elementor elementor-7054\" data-elementor-post-type=\"post\">\n\t\t\t\t\t\t<section class=\"elementor-section elementor-top-section elementor-element elementor-element-756db47 elementor-section-boxed elementor-section-height-default elementor-section-height-default\" data-id=\"756db47\" data-element_type=\"section\">\n\t\t\t\t\t\t<div class=\"elementor-container elementor-column-gap-default\">\n\t\t\t\t\t<div class=\"elementor-column elementor-col-100 elementor-top-column elementor-element elementor-element-3c64b44\" data-id=\"3c64b44\" data-element_type=\"column\">\n\t\t\t<div class=\"elementor-widget-wrap elementor-element-populated\">\n\t\t\t\t\t\t<div class=\"elementor-element elementor-element-d58e43a elementor-widget-divider--view-line elementor-widget elementor-widget-divider\" data-id=\"d58e43a\" data-element_type=\"widget\" data-widget_type=\"divider.default\">\n\t\t\t\t<div class=\"elementor-widget-container\">\n\t\t\t\t\t\t\t<div class=\"elementor-divider\">\n\t\t\t<span class=\"elementor-divider-separator\">\n\t\t\t\t\t\t<\/span>\n\t\t<\/div>\n\t\t\t\t\t\t<\/div>\n\t\t\t\t<\/div>\n\t\t\t\t<div class=\"elementor-element elementor-element-816ee19 elementor-position-left elementor-vertical-align-middle elementor-widget elementor-widget-image-box\" data-id=\"816ee19\" data-element_type=\"widget\" data-widget_type=\"image-box.default\">\n\t\t\t\t<div class=\"elementor-widget-container\">\n\t\t\t\t\t<div class=\"elementor-image-box-wrapper\"><figure class=\"elementor-image-box-img\"><img fetchpriority=\"high\" decoding=\"async\" width=\"512\" height=\"512\" src=\"https:\/\/redelog.rj.gov.br\/redebens\/wp-content\/uploads\/2022\/05\/Ingresso-1.png\" class=\"attachment-full size-full wp-image-905\" alt=\"\" srcset=\"https:\/\/redelog.rj.gov.br\/redebens\/wp-content\/uploads\/2022\/05\/Ingresso-1.png 512w, https:\/\/redelog.rj.gov.br\/redebens\/wp-content\/uploads\/2022\/05\/Ingresso-1-300x300.png 300w, https:\/\/redelog.rj.gov.br\/redebens\/wp-content\/uploads\/2022\/05\/Ingresso-1-150x150.png 150w, https:\/\/redelog.rj.gov.br\/redebens\/wp-content\/uploads\/2022\/05\/Ingresso-1-230x230.png 230w, https:\/\/redelog.rj.gov.br\/redebens\/wp-content\/uploads\/2022\/05\/Ingresso-1-400x400.png 400w\" sizes=\"(max-width: 512px) 100vw, 512px\" \/><\/figure><div class=\"elementor-image-box-content\"><p class=\"elementor-image-box-description\">O ingresso de bens consiste <b>no recebimento dos bens m\u00f3veis no \u00f3rg\u00e3o\/entidade ap\u00f3s sua aquisi\u00e7\u00e3o<\/b>.<\/p><\/div><\/div>\t\t\t\t<\/div>\n\t\t\t\t<\/div>\n\t\t\t\t<div class=\"elementor-element elementor-element-600d81b elementor-widget elementor-widget-image\" data-id=\"600d81b\" data-element_type=\"widget\" data-widget_type=\"image.default\">\n\t\t\t\t<div class=\"elementor-widget-container\">\n\t\t\t\t\t\t\t\t\t\t\t\t\t\t\t<img decoding=\"async\" width=\"1024\" height=\"723\" src=\"https:\/\/redelog.rj.gov.br\/redebens\/wp-content\/uploads\/2022\/05\/monitor-1307227_1920-1024x723.jpg\" class=\"attachment-large size-large wp-image-1042\" alt=\"\" srcset=\"https:\/\/redelog.rj.gov.br\/redebens\/wp-content\/uploads\/2022\/05\/monitor-1307227_1920-1024x723.jpg 1024w, https:\/\/redelog.rj.gov.br\/redebens\/wp-content\/uploads\/2022\/05\/monitor-1307227_1920-300x212.jpg 300w, https:\/\/redelog.rj.gov.br\/redebens\/wp-content\/uploads\/2022\/05\/monitor-1307227_1920-768x542.jpg 768w, https:\/\/redelog.rj.gov.br\/redebens\/wp-content\/uploads\/2022\/05\/monitor-1307227_1920-1536x1084.jpg 1536w, https:\/\/redelog.rj.gov.br\/redebens\/wp-content\/uploads\/2022\/05\/monitor-1307227_1920-600x423.jpg 600w, https:\/\/redelog.rj.gov.br\/redebens\/wp-content\/uploads\/2022\/05\/monitor-1307227_1920.jpg 1920w\" sizes=\"(max-width: 1024px) 100vw, 1024px\" \/>\t\t\t\t\t\t\t\t\t\t\t\t\t\t\t<\/div>\n\t\t\t\t<\/div>\n\t\t\t\t<div class=\"elementor-element elementor-element-67cd164 elementor-widget__width-initial elementor-widget elementor-widget-text-editor\" data-id=\"67cd164\" data-element_type=\"widget\" data-widget_type=\"text-editor.default\">\n\t\t\t\t<div class=\"elementor-widget-container\">\n\t\t\t\t\t\t\t\t\t<p>Segundo o <strong><a href=\"https:\/\/cnm.org.br\/storage\/noticias\/2024\/Links\/MCASP%20-%2011%C2%AA%20Edi%C3%A7%C3%A3o.pdf\" target=\"_blank\" rel=\"noopener\">Manual de Contabilidade Aplicada ao Setor P\u00fablico &#8211; MCASP &#8211; 11\u00aa edi\u00e7\u00e3o<\/a><\/strong>, o conceito de bens m\u00f3veis compreende os bens que t\u00eam exist\u00eancia material e que podem ser transportados por movimento pr\u00f3prio ou removidos por for\u00e7a alheia sem altera\u00e7\u00e3o da subst\u00e2ncia ou da destina\u00e7\u00e3o econ\u00f4mico-social. S\u00e3o exemplos de bens m\u00f3veis as m\u00e1quinas, aparelhos, equipamentos, ferramentas, bens de inform\u00e1tica (equipamentos de processamento de dados e de tecnologia da informa\u00e7\u00e3o), m\u00f3veis e utens\u00edlios, materiais culturais, educacionais e de comunica\u00e7\u00e3o, ve\u00edculos, bens m\u00f3veis em andamento, dentre outros.<\/p><p>Realizar a gest\u00e3o de bens de forma eficiente e controlada permite melhor aproveitamento de instala\u00e7\u00f5es e equipamentos. Por isso, ela \u00e9 extremamente importante para o ambiente organizacional, devendo ter destaque na administra\u00e7\u00e3o.<\/p><p>Conforme Art. 25 do <a href=\"https:\/\/leisestaduais.com.br\/rj\/decreto-n-49289-2024-rio-de-janeiro-regulamenta-a-gestao-dos-bens-moveis-no-ambito-do-poder-executivo-do-estado-o-rio-de-janeiro?q=49289&amp;origin=instituicao#\" target=\"_blank\" rel=\"noopener\"><strong>decreto n\u00ba<\/strong><\/a><a href=\"https:\/\/leisestaduais.com.br\/rj\/decreto-n-49289-2024-rio-de-janeiro-regulamenta-a-gestao-dos-bens-moveis-no-ambito-do-poder-executivo-do-estado-o-rio-de-janeiro?q=49289&amp;origin=instituicao#\"><b> 49.289 de 17 de setembro de 2024 <\/b><\/a><span style=\"color: var( --e-global-color-text ); letter-spacing: 0px;\">o ingresso de bens m\u00f3veis decorrer\u00e1 de:<\/span><\/p><p><span style=\"font-weight: 400;\">I &#8211; compra;\u00a0<\/span><\/p><p><span style=\"font-weight: 400;\">II &#8211; conv\u00eanio;\u00a0<\/span><\/p><p><span style=\"font-weight: 400;\">III &#8211; contrato;\u00a0<\/span><\/p><p><span style=\"font-weight: 400;\">IV &#8211; transfer\u00eancia;<\/span><\/p><p><span style=\"font-weight: 400;\">V &#8211; doa\u00e7\u00e3o;\u00a0<\/span><\/p><p><span style=\"font-weight: 400;\">VI &#8211; adjudica\u00e7\u00e3o;\u00a0\u00a0<\/span><\/p><p><span style=\"font-weight: 400;\">VII &#8211; da\u00e7\u00e3o em pagamento;\u00a0<\/span><\/p><p><span style=\"font-weight: 400;\">VIII &#8211; produ\u00e7\u00e3o, fabrica\u00e7\u00e3o pr\u00f3pria e reaproveitamento;\u00a0\u00a0<\/span><\/p><p><span style=\"font-weight: 400;\">IX &#8211; apreens\u00e3o;\u00a0\u00a0<\/span><\/p><p><span style=\"font-weight: 400;\">X &#8211; procria\u00e7\u00e3o;\u00a0<\/span><\/p><p><span style=\"font-weight: 400;\">XI &#8211; permuta; e<\/span><\/p><p><span style=\"font-weight: 400;\">XII &#8211; achados.\u00a0<\/span><\/p><p style=\"text-align: justify;\">O Ingresso de bens \u00e9 <b>formalizado pelo cadastro inicial do bem<\/b> no \u00f3rg\u00e3o\/entidade, sendo o momento de contabilizar o bem adquirido em <strong>conta cont\u00e1bil transit\u00f3ria<\/strong> <em><u>bens m\u00f3veis a incorporar<\/u><\/em> at\u00e9 sua incorpora\u00e7\u00e3o patrimonial, momento que o bem dever\u00e1 ser contabilizado em conta cont\u00e1bil definitiva referente ao grupo de bens a que pertence conforme natureza de despesa. O bem adquirido poder\u00e1 permanecer no <strong>almoxarifado<\/strong> (ou setor equivalente) por, no m\u00e1ximo <strong>90 dias<\/strong>, at\u00e9 a <strong>devida incorpora\u00e7\u00e3o<\/strong>.<\/p><p style=\"text-align: justify;\"><span style=\"color: var( --e-global-color-text ); letter-spacing: 0px;\">O <\/span><b style=\"color: var( --e-global-color-text ); letter-spacing: 0px;\">valor de aquisi\u00e7\u00e3o <\/b><span style=\"color: var( --e-global-color-text ); letter-spacing: 0px;\">dos bens m\u00f3veis compreende:<\/span><\/p><p>I &#8211; Seu pre\u00e7o de aquisi\u00e7\u00e3o, acrescido de impostos de importa\u00e7\u00e3o e tributos n\u00e3o recuper\u00e1veis sobre a compra, depois de deduzidos os descontos comerciais e abatimentos;<\/p><p>II &#8211; Quaisquer custos diretamente atribu\u00edveis para colocar o bem m\u00f3vel no local e em condi\u00e7\u00e3o necess\u00e1ria para o mesmo ser capaz de funcionar da forma pretendida pela administra\u00e7\u00e3o, rateando o valor total pelo quantitativo de bens, caso seja mais de um.<\/p><p>Os <b>custos diretamente atribu\u00edveis<\/b> s\u00e3o:<\/p><p>\u2022 custos de pessoal decorrentes diretamente da constru\u00e7\u00e3o ou aquisi\u00e7\u00e3o do bem m\u00f3vel;<\/p><p>\u2022 custos de prepara\u00e7\u00e3o do local;<\/p><p>\u2022 custos de frete e manuseio (para recebimento e instala\u00e7\u00e3o);<\/p><p><span style=\"color: var( --e-global-color-text ); letter-spacing: 0px;\">\u2022 honor\u00e1rios profissionais.<\/span><\/p><p>III &#8211; <span style=\"font-weight: 400;\">\u00a0O valor das obriga\u00e7\u00f5es assumidas em virtude dos custos de desmontagem, remo\u00e7\u00e3o do item e de restaura\u00e7\u00e3o do local no qual o bem m\u00f3vel est\u00e1 localizado, <strong>quando aplic\u00e1vel<\/strong>.<\/span><\/p>\t\t\t\t\t\t\t\t<\/div>\n\t\t\t\t<\/div>\n\t\t\t\t<div class=\"elementor-element elementor-element-2f04cad elementor-widget elementor-widget-heading\" data-id=\"2f04cad\" data-element_type=\"widget\" data-widget_type=\"heading.default\">\n\t\t\t\t<div class=\"elementor-widget-container\">\n\t\t\t\t\t<h2 class=\"elementor-heading-title elementor-size-large\">Principais formas de ingresso<\/h2>\t\t\t\t<\/div>\n\t\t\t\t<\/div>\n\t\t\t\t<div class=\"elementor-element elementor-element-f460557 elementor-widget elementor-widget-text-editor\" data-id=\"f460557\" data-element_type=\"widget\" data-widget_type=\"text-editor.default\">\n\t\t\t\t<div class=\"elementor-widget-container\">\n\t\t\t\t\t\t\t\t\t<p><strong>Compra<\/strong>: refere-se a toda aquisi\u00e7\u00e3o remunerada de bens m\u00f3veis.<\/p><p><strong>Transfer\u00eancia<\/strong>: movimenta\u00e7\u00e3o de bem m\u00f3vel, com <strong>repasse gratuito da posse e troca de responsabilidade<\/strong>, de car\u00e1ter definitivo, <strong>entre \u00f3rg\u00e3os da administra\u00e7\u00e3o direta<\/strong> do Poder Executivo Estadual.<\/p><p><strong>Doa\u00e7\u00e3o<\/strong>: ocorre com a <strong>transfer\u00eancia da posse e propriedade<\/strong> de forma volunt\u00e1ria e gratuita do bem m\u00f3vel entre <strong>\u00f3rg\u00e3os e entidades ou entre terceiros e o \u00f3rg\u00e3o\/entidade<\/strong>.<\/p><p>\u00c9 permitido o recebimento de doa\u00e7\u00f5es de bens m\u00f3veis provenientes de pessoas f\u00edsicas ou jur\u00eddicas<strong>, mediante pr\u00e9via verifica\u00e7\u00e3o da viabilidade e pertin\u00eancia do bem m\u00f3vel<\/strong> a ser doado, pelo titular da unidade gestora ou a quem ele delegar, respeitadas as disposi\u00e7\u00f5es do Art. 170 da <a href=\"https:\/\/leisestaduais.com.br\/rj\/lei-ordinaria-n-287-1979-rio-de-janeiro-aprova-o-codigo-de-administracao-financeira-e-contabilidade-publica-do-estado-do-rio-de-janeiro-e-da-outras-providencias?q=287\/1979&amp;origin=instituicao#\" target=\"_blank\" rel=\"noopener\"><strong>Lei n\u00ba 287, de 9 de setembro de 1979<\/strong><\/a> e suas altera\u00e7\u00f5es.<\/p><p>O ingresso por doa\u00e7\u00e3o ou transfer\u00eancia dar-se-\u00e1 mediante a lavratura de <strong><a href=\"https:\/\/docs.google.com\/document\/d\/1cFx8b86ipxYshnphGLNEjHOaTtAsbiEr\/edit?usp=drive_web&amp;ouid=117371558658324579757&amp;rtpof=true\" target=\"_blank\" rel=\"noopener\">termo de doa\u00e7\u00e3o<\/a> ou <a href=\"https:\/\/docs.google.com\/document\/d\/1AHpNosNuT_uuqi0Z3fSNwVoMJ3bQ20ai\/edit\" target=\"_blank\" rel=\"noopener\">termo de transfer\u00eancia<\/a> emitido pelo doador<\/strong>, nos quais dever\u00e3o constar todos os elementos identificadores do bem m\u00f3vel, tais como: <strong>descri\u00e7\u00e3o detalhada<\/strong>, <b>estado de conserva\u00e7\u00e3o<\/b>, <b>data<\/b> e\u00a0<strong>valor da aquisi\u00e7\u00e3o e\/ou<\/strong> <strong>valor cont\u00e1bil l\u00edquido<\/strong> e <strong>data de emiss\u00e3o do Termo<\/strong>.<\/p><p><b>ATEN\u00c7\u00c3O<\/b><span style=\"font-weight: 400;\">: <\/span><span style=\"font-weight: 400;\">O ingresso de bens m\u00f3veis adquiridos com recursos de<\/span><b> conv\u00eanios ou contratos<\/b><span style=\"font-weight: 400;\"> que, por disposi\u00e7\u00e3o destes, tenham um <\/span><b>per\u00edodo de car\u00eancia<\/b><span style=\"font-weight: 400;\">, ser\u00e3o cadastrados e controlados separadamente, <\/span><b>antes de serem incorporados ao patrim\u00f4nio<\/b><span style=\"font-weight: 400;\">, devendo seu reconhecimento atender \u00e0s normas cont\u00e1beis vigentes.<\/span><\/p>\t\t\t\t\t\t\t\t<\/div>\n\t\t\t\t<\/div>\n\t\t\t\t<div class=\"elementor-element elementor-element-def5ac0 elementor-widget elementor-widget-heading\" data-id=\"def5ac0\" data-element_type=\"widget\" data-widget_type=\"heading.default\">\n\t\t\t\t<div class=\"elementor-widget-container\">\n\t\t\t\t\t<h2 class=\"elementor-heading-title elementor-size-large\">Valor de bens provenientes de doa\u00e7\u00e3o ou transfer\u00eancia<\/h2>\t\t\t\t<\/div>\n\t\t\t\t<\/div>\n\t\t\t\t<div class=\"elementor-element elementor-element-d95ae9e elementor-widget elementor-widget-text-editor\" data-id=\"d95ae9e\" data-element_type=\"widget\" data-widget_type=\"text-editor.default\">\n\t\t\t\t<div class=\"elementor-widget-container\">\n\t\t\t\t\t\t\t\t\t<p>Quando se tratar de bem m\u00f3vel obtido a t\u00edtulo gratuito, o registro dever\u00e1 ser <strong>feito pelo valor do bem definido nos termos da doa\u00e7\u00e3o\/transfer\u00eancia<\/strong>, ou seja, <strong>valor cont\u00e1bil l\u00edquido constante nos registros<\/strong> do \u00f3rg\u00e3o\/entidade de origem.\u00a0<\/p><p><span style=\"font-weight: 400;\">Havendo discord\u00e2ncia dos valores dos bens recebidos e\/ou a UG recebedora deseje atribuir nova vida \u00fatil para os mesmos,\u00a0<\/span><b>o registro dever\u00e1 ser feito com o valor justo<\/b><span style=\"font-weight: 400;\">\u00a0<\/span>resultante de\u00a0<a href=\"https:\/\/redelog.rj.gov.br\/redebens\/avaliacao-reavaliacao\/\"><strong>reavalia\u00e7\u00e3o<\/strong><\/a>.<\/p>\t\t\t\t\t\t\t\t<\/div>\n\t\t\t\t<\/div>\n\t\t\t\t<div class=\"elementor-element elementor-element-dc24f5d elementor-widget elementor-widget-heading\" data-id=\"dc24f5d\" data-element_type=\"widget\" data-widget_type=\"heading.default\">\n\t\t\t\t<div class=\"elementor-widget-container\">\n\t\t\t\t\t<h2 class=\"elementor-heading-title elementor-size-large\">Bens m\u00f3veis particulares<\/h2>\t\t\t\t<\/div>\n\t\t\t\t<\/div>\n\t\t\t\t<div class=\"elementor-element elementor-element-a9a4897 elementor-widget elementor-widget-text-editor\" data-id=\"a9a4897\" data-element_type=\"widget\" data-widget_type=\"text-editor.default\">\n\t\t\t\t<div class=\"elementor-widget-container\">\n\t\t\t\t\t\t\t\t\t<p><span style=\"font-weight: 400;\">\u00c9 permitida a entrada de bens m\u00f3veis particulares nas depend\u00eancias da Administra\u00e7\u00e3o, para uso cont\u00ednuo e por tempo indeterminado.<\/span><\/p><ul><li><span style=\"font-weight: 400;\">o <\/span><b>propriet\u00e1rio do bem m\u00f3vel<\/b><span style=\"font-weight: 400;\"> dever\u00e1 apresentar ao respons\u00e1vel pela unidade patrimonial <\/span><b>documento h\u00e1bil que comprove sua propriedade<\/b><span style=\"font-weight: 400;\">, devendo ser <\/span><b>arquivada c\u00f3pia <\/b><span style=\"font-weight: 400;\">deste para controle;<\/span><\/li><li><span style=\"font-weight: 400;\">a <\/span><b>sa\u00edda do bem m\u00f3vel particular<\/b><span style=\"font-weight: 400;\"> das depend\u00eancias dos \u00f3rg\u00e3os e entidades da Administra\u00e7\u00e3o, dever\u00e1 ser <\/span><b>precedida de anu\u00eancia do propriet\u00e1rio e autoriza\u00e7\u00e3o do respons\u00e1vel patrimonial<\/b><span style=\"font-weight: 400;\">.<\/span><\/li><\/ul>\t\t\t\t\t\t\t\t<\/div>\n\t\t\t\t<\/div>\n\t\t\t\t<div class=\"elementor-element elementor-element-b282582 elementor-widget-divider--view-line elementor-widget elementor-widget-divider\" data-id=\"b282582\" data-element_type=\"widget\" data-widget_type=\"divider.default\">\n\t\t\t\t<div class=\"elementor-widget-container\">\n\t\t\t\t\t\t\t<div class=\"elementor-divider\">\n\t\t\t<span class=\"elementor-divider-separator\">\n\t\t\t\t\t\t<\/span>\n\t\t<\/div>\n\t\t\t\t\t\t<\/div>\n\t\t\t\t<\/div>\n\t\t\t\t<div class=\"elementor-element elementor-element-8500631 elementor-widget elementor-widget-heading\" data-id=\"8500631\" data-element_type=\"widget\" data-widget_type=\"heading.default\">\n\t\t\t\t<div class=\"elementor-widget-container\">\n\t\t\t\t\t<h2 class=\"elementor-heading-title elementor-size-default\">PERGUNTAS FREQUENTES<\/h2>\t\t\t\t<\/div>\n\t\t\t\t<\/div>\n\t\t\t\t<div class=\"elementor-element elementor-element-b54397a elementor-widget elementor-widget-toggle\" data-id=\"b54397a\" data-element_type=\"widget\" data-widget_type=\"toggle.default\">\n\t\t\t\t<div class=\"elementor-widget-container\">\n\t\t\t\t\t\t\t<div class=\"elementor-toggle\">\n\t\t\t\t\t\t\t<div class=\"elementor-toggle-item\">\n\t\t\t\t\t<div id=\"elementor-tab-title-1901\" class=\"elementor-tab-title\" data-tab=\"1\" role=\"button\" aria-controls=\"elementor-tab-content-1901\" aria-expanded=\"false\">\n\t\t\t\t\t\t\t\t\t\t\t\t<span class=\"elementor-toggle-icon elementor-toggle-icon-left\" aria-hidden=\"true\">\n\t\t\t\t\t\t\t\t\t\t\t\t\t\t\t<span class=\"elementor-toggle-icon-closed\"><i class=\"fas fa-caret-right\"><\/i><\/span>\n\t\t\t\t\t\t\t\t<span class=\"elementor-toggle-icon-opened\"><i class=\"elementor-toggle-icon-opened fas fa-caret-up\"><\/i><\/span>\n\t\t\t\t\t\t\t\t\t\t\t\t\t<\/span>\n\t\t\t\t\t\t\t\t\t\t\t\t<a class=\"elementor-toggle-title\" tabindex=\"0\">1- Como se calcula o valor de aquisi\u00e7\u00e3o de um bem?<\/a>\n\t\t\t\t\t<\/div>\n\n\t\t\t\t\t<div id=\"elementor-tab-content-1901\" class=\"elementor-tab-content elementor-clearfix\" data-tab=\"1\" role=\"region\" aria-labelledby=\"elementor-tab-title-1901\"><p><strong>Reconhecimento do ativo imobilizado<\/strong><\/p><p>Para calcular o valor, deve-se considerar no c\u00e1lculo os valores de aquisi\u00e7\u00e3o (produ\u00e7\u00e3o ou constru\u00e7\u00e3o) mais os custos para colocar o bem em funcionamento, tais como custos de instala\u00e7\u00e3o. <span style=\"font-weight: 400;\">E <\/span><b>quando houver<\/b><span style=\"font-weight: 400;\">, adicionar a eventuais<\/span> <span style=\"font-weight: 400;\">custos de desmontagem, remo\u00e7\u00e3o do item e de restaura\u00e7\u00e3o do local.<\/span><\/p><p><strong>Bens imobilizados a t\u00edtulo gratuito:<\/strong><\/p><p>Reconhecidos pelo valor justo na data de aquisi\u00e7\u00e3o, observando:<\/p><ol><li>I) Valor cont\u00e1bil l\u00edquido constante dos registros da entidade de origem ou<\/li><li>II) Valor resultante de avalia\u00e7\u00e3o t\u00e9cnica.<\/li><\/ol><\/div>\n\t\t\t\t<\/div>\n\t\t\t\t\t\t\t<div class=\"elementor-toggle-item\">\n\t\t\t\t\t<div id=\"elementor-tab-title-1902\" class=\"elementor-tab-title\" data-tab=\"2\" role=\"button\" aria-controls=\"elementor-tab-content-1902\" aria-expanded=\"false\">\n\t\t\t\t\t\t\t\t\t\t\t\t<span class=\"elementor-toggle-icon elementor-toggle-icon-left\" aria-hidden=\"true\">\n\t\t\t\t\t\t\t\t\t\t\t\t\t\t\t<span class=\"elementor-toggle-icon-closed\"><i class=\"fas fa-caret-right\"><\/i><\/span>\n\t\t\t\t\t\t\t\t<span class=\"elementor-toggle-icon-opened\"><i class=\"elementor-toggle-icon-opened fas fa-caret-up\"><\/i><\/span>\n\t\t\t\t\t\t\t\t\t\t\t\t\t<\/span>\n\t\t\t\t\t\t\t\t\t\t\t\t<a class=\"elementor-toggle-title\" tabindex=\"0\">2- Um bem achado sem identifica\u00e7\u00e3o pode ser cadastrado no patrim\u00f4nio?<\/a>\n\t\t\t\t\t<\/div>\n\n\t\t\t\t\t<div id=\"elementor-tab-content-1902\" class=\"elementor-tab-content elementor-clearfix\" data-tab=\"2\" role=\"region\" aria-labelledby=\"elementor-tab-title-1902\"><p style=\"text-align: justify;\">Sim. O bem achado que n\u00e3o tiver local de origem localizado e for constatada sua exist\u00eancia, deve ser registrado como bem patrimonial do \u00f3rg\u00e3o\/entidade, devendo-se cadastr\u00e1-lo com sua descri\u00e7\u00e3o, mensurar valor (R$) e estado de conserva\u00e7\u00e3o (Excelente, bom, regular ou p\u00e9ssimo) para devida <strong>incorpora\u00e7\u00e3o como achado<\/strong>.<\/p><\/div>\n\t\t\t\t<\/div>\n\t\t\t\t\t\t\t\t<\/div>\n\t\t\t\t\t\t<\/div>\n\t\t\t\t<\/div>\n\t\t\t\t<div class=\"elementor-element elementor-element-cdcd6cc elementor-widget-divider--view-line elementor-widget elementor-widget-divider\" data-id=\"cdcd6cc\" data-element_type=\"widget\" data-widget_type=\"divider.default\">\n\t\t\t\t<div class=\"elementor-widget-container\">\n\t\t\t\t\t\t\t<div class=\"elementor-divider\">\n\t\t\t<span class=\"elementor-divider-separator\">\n\t\t\t\t\t\t<\/span>\n\t\t<\/div>\n\t\t\t\t\t\t<\/div>\n\t\t\t\t<\/div>\n\t\t\t\t<div class=\"elementor-element elementor-element-b7944af elementor-widget-divider--view-line elementor-widget elementor-widget-divider\" data-id=\"b7944af\" data-element_type=\"widget\" data-widget_type=\"divider.default\">\n\t\t\t\t<div class=\"elementor-widget-container\">\n\t\t\t\t\t\t\t<div class=\"elementor-divider\">\n\t\t\t<span class=\"elementor-divider-separator\">\n\t\t\t\t\t\t<\/span>\n\t\t<\/div>\n\t\t\t\t\t\t<\/div>\n\t\t\t\t<\/div>\n\t\t\t\t\t<\/div>\n\t\t<\/div>\n\t\t\t\t\t<\/div>\n\t\t<\/section>\n\t\t\t\t<section class=\"elementor-section elementor-top-section elementor-element elementor-element-ad68f8f elementor-section-boxed elementor-section-height-default elementor-section-height-default\" data-id=\"ad68f8f\" data-element_type=\"section\">\n\t\t\t\t\t\t<div class=\"elementor-container elementor-column-gap-default\">\n\t\t\t\t\t<div class=\"elementor-column elementor-col-100 elementor-top-column elementor-element elementor-element-38e9400\" data-id=\"38e9400\" data-element_type=\"column\">\n\t\t\t<div class=\"elementor-widget-wrap elementor-element-populated\">\n\t\t\t\t\t\t<section class=\"elementor-section elementor-inner-section elementor-element elementor-element-7b277dd elementor-section-boxed elementor-section-height-default elementor-section-height-default\" data-id=\"7b277dd\" data-element_type=\"section\">\n\t\t\t\t\t\t<div class=\"elementor-container elementor-column-gap-default\">\n\t\t\t\t\t<div class=\"elementor-column elementor-col-50 elementor-inner-column elementor-element elementor-element-2267be0\" data-id=\"2267be0\" data-element_type=\"column\">\n\t\t\t<div class=\"elementor-widget-wrap elementor-element-populated\">\n\t\t\t\t\t\t<div class=\"elementor-element elementor-element-160aead elementor-widget elementor-widget-text-editor\" data-id=\"160aead\" data-element_type=\"widget\" data-widget_type=\"text-editor.default\">\n\t\t\t\t<div class=\"elementor-widget-container\">\n\t\t\t\t\t\t\t\t\t<p style=\"text-align: left;\"><a href=\"https:\/\/redelog.rj.gov.br\/redebens\/estrutura-patrimonial\/\">\u2190 <strong>ESTRUTURA PATRIMONIAL COM RESPONSABILIDADES<\/strong><\/a><\/p>\t\t\t\t\t\t\t\t<\/div>\n\t\t\t\t<\/div>\n\t\t\t\t\t<\/div>\n\t\t<\/div>\n\t\t\t\t<div class=\"elementor-column elementor-col-50 elementor-inner-column elementor-element elementor-element-88d7250\" data-id=\"88d7250\" data-element_type=\"column\">\n\t\t\t<div class=\"elementor-widget-wrap elementor-element-populated\">\n\t\t\t\t\t\t<div class=\"elementor-element elementor-element-77cd51c elementor-widget elementor-widget-text-editor\" data-id=\"77cd51c\" data-element_type=\"widget\" data-widget_type=\"text-editor.default\">\n\t\t\t\t<div class=\"elementor-widget-container\">\n\t\t\t\t\t\t\t\t\t<p style=\"text-align: right;\"><a href=\"https:\/\/redelog.rj.gov.br\/redebens\/incorporacao\/\">\u00a0INCORPORA\u00c7\u00c3O DE BENS \u2192<\/a><\/p>\t\t\t\t\t\t\t\t<\/div>\n\t\t\t\t<\/div>\n\t\t\t\t\t<\/div>\n\t\t<\/div>\n\t\t\t\t\t<\/div>\n\t\t<\/section>\n\t\t\t\t\t<\/div>\n\t\t<\/div>\n\t\t\t\t\t<\/div>\n\t\t<\/section>\n\t\t\t\t<\/div>\n\t\t","protected":false},"excerpt":{"rendered":"<p>O ingresso de bens consiste no recebimento dos bens m\u00f3veis no \u00f3rg\u00e3o\/entidade ap\u00f3s sua aquisi\u00e7\u00e3o. Segundo o Manual de Contabilidade Aplicada ao Setor P\u00fablico &#8211; MCASP &#8211; 11\u00aa edi\u00e7\u00e3o, o conceito de bens m\u00f3veis compreende os bens que t\u00eam exist\u00eancia material e que podem ser transportados por movimento pr\u00f3prio ou removidos por for\u00e7a alheia sem [&hellip;]<\/p>\n","protected":false},"author":6,"featured_media":0,"comment_status":"closed","ping_status":"open","sticky":false,"template":"","format":"standard","meta":{"footnotes":""},"categories":[8],"tags":[],"class_list":["post-7054","post","type-post","status-publish","format-standard","hentry","category-base-conhecimento"],"publishpress_future_action":{"enabled":false,"date":"2026-05-09 09:36:25","action":"change-status","newStatus":"draft","terms":[],"taxonomy":"category","extraData":[]},"publishpress_future_workflow_manual_trigger":{"enabledWorkflows":[]},"_links":{"self":[{"href":"https:\/\/redelog.rj.gov.br\/redebens\/wp-json\/wp\/v2\/posts\/7054","targetHints":{"allow":["GET"]}}],"collection":[{"href":"https:\/\/redelog.rj.gov.br\/redebens\/wp-json\/wp\/v2\/posts"}],"about":[{"href":"https:\/\/redelog.rj.gov.br\/redebens\/wp-json\/wp\/v2\/types\/post"}],"author":[{"embeddable":true,"href":"https:\/\/redelog.rj.gov.br\/redebens\/wp-json\/wp\/v2\/users\/6"}],"replies":[{"embeddable":true,"href":"https:\/\/redelog.rj.gov.br\/redebens\/wp-json\/wp\/v2\/comments?post=7054"}],"version-history":[{"count":22,"href":"https:\/\/redelog.rj.gov.br\/redebens\/wp-json\/wp\/v2\/posts\/7054\/revisions"}],"predecessor-version":[{"id":8485,"href":"https:\/\/redelog.rj.gov.br\/redebens\/wp-json\/wp\/v2\/posts\/7054\/revisions\/8485"}],"wp:attachment":[{"href":"https:\/\/redelog.rj.gov.br\/redebens\/wp-json\/wp\/v2\/media?parent=7054"}],"wp:term":[{"taxonomy":"category","embeddable":true,"href":"https:\/\/redelog.rj.gov.br\/redebens\/wp-json\/wp\/v2\/categories?post=7054"},{"taxonomy":"post_tag","embeddable":true,"href":"https:\/\/redelog.rj.gov.br\/redebens\/wp-json\/wp\/v2\/tags?post=7054"}],"curies":[{"name":"wp","href":"https:\/\/api.w.org\/{rel}","templated":true}]}}