{"id":6356,"date":"2024-03-05T15:48:48","date_gmt":"2024-03-05T18:48:48","guid":{"rendered":"https:\/\/redelog.rj.gov.br\/redebens\/?p=6356"},"modified":"2026-03-26T16:13:40","modified_gmt":"2026-03-26T19:13:40","slug":"disponibilidade-de-bens","status":"publish","type":"post","link":"https:\/\/redelog.rj.gov.br\/redebens\/disponibilidade-de-bens\/","title":{"rendered":"DISPONIBILIDADE DE BENS"},"content":{"rendered":"\t\t<div data-elementor-type=\"wp-post\" data-elementor-id=\"6356\" class=\"elementor elementor-6356\" data-elementor-post-type=\"post\">\n\t\t\t\t\t\t<section class=\"elementor-section elementor-top-section elementor-element elementor-element-81310d4 elementor-section-boxed elementor-section-height-default elementor-section-height-default\" data-id=\"81310d4\" data-element_type=\"section\">\n\t\t\t\t\t\t<div class=\"elementor-container elementor-column-gap-default\">\n\t\t\t\t\t<div class=\"elementor-column elementor-col-100 elementor-top-column elementor-element elementor-element-9b8b258\" data-id=\"9b8b258\" data-element_type=\"column\">\n\t\t\t<div class=\"elementor-widget-wrap elementor-element-populated\">\n\t\t\t\t\t\t<div class=\"elementor-element elementor-element-522387a elementor-widget-divider--view-line elementor-widget elementor-widget-divider\" data-id=\"522387a\" data-element_type=\"widget\" data-widget_type=\"divider.default\">\n\t\t\t\t<div class=\"elementor-widget-container\">\n\t\t\t\t\t\t\t<div class=\"elementor-divider\">\n\t\t\t<span class=\"elementor-divider-separator\">\n\t\t\t\t\t\t<\/span>\n\t\t<\/div>\n\t\t\t\t\t\t<\/div>\n\t\t\t\t<\/div>\n\t\t\t\t<div class=\"elementor-element elementor-element-4ad7328 elementor-widget elementor-widget-text-editor\" data-id=\"4ad7328\" data-element_type=\"widget\" data-widget_type=\"text-editor.default\">\n\t\t\t\t<div class=\"elementor-widget-container\">\n\t\t\t\t\t\t\t\t\t<p>De acordo com o <a href=\"https:\/\/leisestaduais.com.br\/rj\/decreto-n-46223-2018-rio-de-janeiro-regulamenta-a-gestao-dos-bens-moveis-no-ambito-do-poder-executivo-do-estado-do-rio-de-janeiro?q=46.223&amp;origin=instituicao#\" target=\"_blank\" rel=\"noopener\"><strong>Decreto Estadual n\u00ba 49.289, de 17 de setembro de 2024<\/strong><\/a>, os <strong>bens m\u00f3veis inserv\u00edveis<\/strong>, segundo os termos do art. 84, <strong><span style=\"text-decoration: underline;\">com exce\u00e7\u00e3o<\/span> dos bens m\u00f3veis <span style=\"text-decoration: underline;\">objeto de descarte<\/span><\/strong>, dever\u00e3o ser <strong>relacionados e publicados em cadastro eletr\u00f4nico<\/strong> mantido pelo \u00d3rg\u00e3o Central, que assegurar\u00e1 a <strong>necess\u00e1ria publicidade<\/strong> aos demais \u00f3rg\u00e3os e entidades do Poder Executivo Estadual.<\/p>\n<p>O objetivo de enviar&nbsp;as listas de bens para <strong>publica\u00e7\u00e3o<\/strong> \u00e9 <strong>encontrar interessados, dentro do prazo de 30 (trinta) dias, preferencialmente<\/strong> nos entes do <strong>Executivo do Estado <\/strong>(Art. 84, \u00a7 1\u00ba<span style=\"background-color: #f5f5f5; color: #333333; font-family: 'Open Sans', 'Helvetica Neue Light', 'Helvetica Neue', Helvetica, Arial, 'Lucida Grande', sans-serif; font-size: 14px; letter-spacing: 0px;\">)<\/span><span style=\"color: var( --e-global-color-text ); letter-spacing: 0px;\">. Ou seja, a prefer\u00eancia de destino dever\u00e1 ser para \u00f3rg\u00e3o\/entidade que manifestar interesse no pr\u00f3prio Poder Executivo. N\u00e3o havendo manifesta\u00e7\u00e3o de interesse pelos bens nesse prazo, pode-se seguir com as<\/span><strong style=\"color: var( --e-global-color-text ); letter-spacing: 0px;\">&nbsp;outras formas de doa\u00e7\u00e3o<\/strong><span style=\"color: var( --e-global-color-text ); letter-spacing: 0px;\">&nbsp;previstas no&nbsp;<\/span><span style=\"color: var( --e-global-color-text ); letter-spacing: 0px;\" role=\"link\"><span role=\"link\"><a href=\"https:\/\/leisestaduais.com.br\/rj\/decreto-n-49289-2024-rio-de-janeiro-regulamenta-a-gestao-dos-bens-moveis-no-ambito-do-poder-executivo-do-estado-o-rio-de-janeiro?q=49289&amp;origin=instituicao#\" target=\"_blank\" rel=\"noopener\">Decreto n\u00ba 49.289\/2024<\/a><\/span><\/span><span style=\"color: var( --e-global-color-text ); letter-spacing: 0px;\">, conforme explicado na&nbsp;<\/span><span style=\"color: var( --e-global-color-text ); letter-spacing: 0px;\" role=\"link\"><span role=\"link\"><a href=\"https:\/\/redelog.rj.gov.br\/redebens\/baixa-patrimonial\/\" target=\"_blank\" rel=\"noopener\">Baixa Patrimonial<\/a>.<\/span><\/span><\/p>\n<p>Assim, foi criado um espa\u00e7o no portal da REDEBENS para publica\u00e7\u00e3o das rela\u00e7\u00f5es dos bens m\u00f3veis dispon\u00edveis dos \u00f3rg\u00e3os, bem como o modelo dessa rela\u00e7\u00e3o a ser utilizado.<\/p>\n<p><span style=\"font-weight: 400;\">A&nbsp; fim de auxiliar os Gestores de Bens M\u00f3veis no procedimento de desfazimento, o procedimento foi organizado em etapas sequenciais:<\/span><\/p>\t\t\t\t\t\t\t\t<\/div>\n\t\t\t\t<\/div>\n\t\t\t\t<div class=\"elementor-element elementor-element-65ec4c1 elementor-widget-divider--view-line elementor-widget elementor-widget-divider\" data-id=\"65ec4c1\" data-element_type=\"widget\" data-widget_type=\"divider.default\">\n\t\t\t\t<div class=\"elementor-widget-container\">\n\t\t\t\t\t\t\t<div class=\"elementor-divider\">\n\t\t\t<span class=\"elementor-divider-separator\">\n\t\t\t\t\t\t<\/span>\n\t\t<\/div>\n\t\t\t\t\t\t<\/div>\n\t\t\t\t<\/div>\n\t\t\t\t<div class=\"elementor-element elementor-element-7fc3844 elementor-widget elementor-widget-heading\" data-id=\"7fc3844\" data-element_type=\"widget\" data-widget_type=\"heading.default\">\n\t\t\t\t<div class=\"elementor-widget-container\">\n\t\t\t\t\t<h2 class=\"elementor-heading-title elementor-size-large\">Etapas do desfazimento<\/h2>\t\t\t\t<\/div>\n\t\t\t\t<\/div>\n\t\t\t\t<div class=\"elementor-element elementor-element-83711d6 elementor-widget elementor-widget-text-editor\" data-id=\"83711d6\" data-element_type=\"widget\" data-widget_type=\"text-editor.default\">\n\t\t\t\t<div class=\"elementor-widget-container\">\n\t\t\t\t\t\t\t\t\t<p><b>Etapa I <\/b><span style=\"font-weight: 400;\">\u2013 <\/span><b>Elabora\u00e7\u00e3o da listagem descritiva dos bens m\u00f3veis<\/b><span style=\"font-weight: 400;\"> pelo Gestor de Bens M\u00f3veis da U.G. e justificativa para o desfazimento (art. 78, inciso I, do Decreto n\u00ba 49.289\/2024);<\/span><\/p><p><b>Etapa II<\/b><span style=\"font-weight: 400;\"> \u2013 <\/span><b>Nomea\u00e7\u00e3o da Comiss\u00e3o de Vistoria e Baixa de Vida \u00datil<\/b><span style=\"font-weight: 400;\"> e publica\u00e7\u00e3o no DOERJ (art. 78, inciso II do Decreto n\u00ba 49.289\/2024);<\/span><\/p><p><b>Etapa III<\/b><span style=\"font-weight: 400;\"> \u2013 <\/span><b>Avalia\u00e7\u00e3o e classifica\u00e7\u00e3o dos inserv\u00edveis<\/b><span style=\"font-weight: 400;\"> pela Comiss\u00e3o de Vistoria e Baixa de Vida \u00datil, quanto ao <strong>estado de conserva\u00e7\u00e3o<\/strong> (art. 20 do Decreto n\u00ba 49.289) e quanto \u00e0 <strong>inservibilidade<\/strong> pelo \u00f3rg\u00e3o\/entidade (par\u00e1grafo \u00fanico do art. 21 do Decreto n\u00ba 49.289\/2024 );<\/span><\/p><p><b>Etapa IV <\/b><span style=\"font-weight: 400;\">\u2013 <\/span><b>Elabora\u00e7\u00e3o do Termo de Vistoria e Baixa de Vida \u00datil<\/b><span style=\"font-weight: 400;\"> pela Comiss\u00e3o de Vistoria e Baixa de Vida \u00datil, no qual dever\u00e1 apontar, de modo justificado, a forma de desfazimento para os inserv\u00edveis: aliena\u00e7\u00e3o ou descarte (art. 79, inciso II, e art. 80 do Decreto n\u00ba 49.289\/2024);<\/span><\/p><p><b>Etapa V<\/b><span style=\"font-weight: 400;\"> \u2013 <\/span><b>Autoriza\u00e7\u00e3o do Titular da Unidade Gestora<\/b><span style=\"font-weight: 400;\"> (ou autoridade por ele delegada) para o desfazimento (art. 81 do Decreto n\u00ba 49.289\/2024);<\/span><\/p><p><b>Etapa VI<\/b><span style=\"font-weight: 400;\"> \u2013 Juntada do <\/span><b>Parecer Jur\u00eddico: <\/b><span style=\"font-weight: 400;\">n\u00e3o obrigat\u00f3rio, dependendo de norma interna (art. 82 do Decreto n\u00ba 49.289\/2024)<\/span><\/p><p><b>Etapa VII<\/b><span style=\"font-weight: 400;\"> \u2013 <\/span><b>Registro cont\u00e1bil da baixa de vida \u00fatil <\/b><span style=\"font-weight: 400;\">(art. 83 do Decreto n\u00ba 49.289\/2024);<\/span><\/p><p><b>Etapa VIII<\/b><span style=\"font-weight: 400;\"> \u2013 <\/span><b>Envio da planilha de disponibilidade<\/b><span style=\"font-weight: 400;\"> para o e-mail\u00a0<\/span><a href=\"mailto:redebens@planejamento.rj.gov.br\"><span style=\"font-weight: 400;\">redebens@planejamento.rj.gov.br<\/span><\/a><span style=\"font-weight: 400;\">, solicitando a publica\u00e7\u00e3o dos bens em disponibilidade no s\u00edtio eletr\u00f4nico do \u00f3rg\u00e3o central (art. 84 do Decreto n\u00ba 49.289\/2024);<\/span><\/p><p><b>ATEN\u00c7\u00c3O!! Est\u00e3o isentos de publica\u00e7\u00e3o de disponibilidade\u00a0<span style=\"color: var( --e-global-color-text ); letter-spacing: 0px;\">os bens m\u00f3veis objeto de descarte (art. 84), assim como\u00a0<\/span><span style=\"color: var( --e-global-color-text ); letter-spacing: 0px;\">as doa\u00e7\u00f5es entre a entidade e seu \u00f3rg\u00e3o de vincula\u00e7\u00e3o\u00a0<\/span><span style=\"color: var( --e-global-color-text ); letter-spacing: 0px;\">(art. 84,<\/span><span style=\"color: var( --e-global-color-text ); letter-spacing: 0px;\">\u00a7 4\u00ba)<\/span><\/b><span style=\"color: var( --e-global-color-text ); letter-spacing: 0px;\">.<\/span><\/p><p><b>Etapa IX<\/b><span style=\"font-weight: 400;\"> \u2013 Ado\u00e7\u00e3o das medidas necess\u00e1rias para a <\/span><b>destina\u00e7\u00e3o dos bens: aliena\u00e7\u00e3o ou descarte,<\/b> ap\u00f3s aguardar o prazo de 30 (trinta) dias para surgimento de poss\u00edvel interessado (Art. 84, \u00a71\u00ba do Decreto n\u00ba 49.289\/2024)<span style=\"font-weight: 400;\">;<\/span><\/p><p><b>Etapa X<\/b><span style=\"font-weight: 400;\"> \u2013 <\/span><b>Registro da Baixa definitiva<\/b><span style=\"font-weight: 400;\"> (art. 86 do Decreto n\u00ba 49.289\/2024).<\/span><\/p>\t\t\t\t\t\t\t\t<\/div>\n\t\t\t\t<\/div>\n\t\t\t\t<div class=\"elementor-element elementor-element-41dbcda elementor-widget-divider--view-line elementor-widget elementor-widget-divider\" data-id=\"41dbcda\" data-element_type=\"widget\" data-widget_type=\"divider.default\">\n\t\t\t\t<div class=\"elementor-widget-container\">\n\t\t\t\t\t\t\t<div class=\"elementor-divider\">\n\t\t\t<span class=\"elementor-divider-separator\">\n\t\t\t\t\t\t<\/span>\n\t\t<\/div>\n\t\t\t\t\t\t<\/div>\n\t\t\t\t<\/div>\n\t\t\t\t<div class=\"elementor-element elementor-element-b87dfa8 elementor-widget elementor-widget-heading\" data-id=\"b87dfa8\" data-element_type=\"widget\" data-widget_type=\"heading.default\">\n\t\t\t\t<div class=\"elementor-widget-container\">\n\t\t\t\t\t<h2 class=\"elementor-heading-title elementor-size-large\">Passo a passo de como cadastrar a disponibilidade do seu \u00f3rg\u00e3o\/entidade<\/h2>\t\t\t\t<\/div>\n\t\t\t\t<\/div>\n\t\t\t\t<div class=\"elementor-element elementor-element-66977ab elementor-widget elementor-widget-text-editor\" data-id=\"66977ab\" data-element_type=\"widget\" data-widget_type=\"text-editor.default\">\n\t\t\t\t<div class=\"elementor-widget-container\">\n\t\t\t\t\t\t\t\t\t<ol><li><b>Baixar o modelo da Rela\u00e7\u00e3o de disponibilidade de bens M\u00f3veis<\/b>;<\/li><li>Ap\u00f3s o <b>preenchimento do modelo com os dados a serem publicados<\/b>, salve o arquivo no <b><u>formato excel<\/u><\/b> conforme disponibilizado;<\/li><li><b>Encaminhe o arquivo<\/b> para a equipe da Coordenadoria de Gest\u00e3o Centralizada de Bens, <b>pelo e-mail: <a href=\"mailto:redebens@planejamento.rj.gov.br\">redebens@planejamento.rj.gov.br<\/a><\/b>, especificando em \u201cassunto:\u201d <b>Cadastro de bens patrimoniais em disponibilidade<\/b>. O campo \u201ctexto\u201d \u00e9 livre.<\/li><\/ol><p>A COGECB estar\u00e1 \u00e0 disposi\u00e7\u00e3o para sanar quaisquer d\u00favidas pelo telefone 2333-3398 ou pelo e-mail acima indicado.<\/p><h3 style=\"text-align: center;\">Modelo de Rela\u00e7\u00e3o de Bens M\u00f3veis<\/h3>\t\t\t\t\t\t\t\t<\/div>\n\t\t\t\t<\/div>\n\t\t\t\t<div class=\"elementor-element elementor-element-76ad339 elementor-widget elementor-widget-image\" data-id=\"76ad339\" data-element_type=\"widget\" data-widget_type=\"image.default\">\n\t\t\t\t<div class=\"elementor-widget-container\">\n\t\t\t\t\t\t\t\t\t\t\t\t\t\t\t\t<a href=\"https:\/\/redelog.rj.gov.br\/redebens\/wp-content\/uploads\/2024\/09\/Modelo-de-Relacao-de-bens-em-disponibilidade.xlsx\">\n\t\t\t\t\t\t\t<img decoding=\"async\" width=\"62\" height=\"62\" src=\"https:\/\/redelog.rj.gov.br\/redebens\/wp-content\/uploads\/2022\/05\/excelicon.png\" class=\"attachment-thumbnail size-thumbnail wp-image-976\" alt=\"\" \/>\t\t\t\t\t\t\t\t<\/a>\n\t\t\t\t\t\t\t\t\t\t\t\t\t\t\t<\/div>\n\t\t\t\t<\/div>\n\t\t\t\t<div class=\"elementor-element elementor-element-87b3cab elementor-widget-divider--view-line elementor-widget elementor-widget-divider\" data-id=\"87b3cab\" data-element_type=\"widget\" data-widget_type=\"divider.default\">\n\t\t\t\t<div class=\"elementor-widget-container\">\n\t\t\t\t\t\t\t<div class=\"elementor-divider\">\n\t\t\t<span class=\"elementor-divider-separator\">\n\t\t\t\t\t\t<\/span>\n\t\t<\/div>\n\t\t\t\t\t\t<\/div>\n\t\t\t\t<\/div>\n\t\t\t\t<div class=\"elementor-element elementor-element-3433353 elementor-widget elementor-widget-text-editor\" data-id=\"3433353\" data-element_type=\"widget\" data-widget_type=\"text-editor.default\">\n\t\t\t\t<div class=\"elementor-widget-container\">\n\t\t\t\t\t\t\t\t\t<h3>Consulte os bens em disponibilidade<\/h3>\t\t\t\t\t\t\t\t<\/div>\n\t\t\t\t<\/div>\n\t\t\t\t<div class=\"elementor-element elementor-element-39c0b73 elementor-widget elementor-widget-text-editor\" data-id=\"39c0b73\" data-element_type=\"widget\" data-widget_type=\"text-editor.default\">\n\t\t\t\t<div class=\"elementor-widget-container\">\n\t\t\t\t\t\t\t\t\t<p>Acesse os links abaixo para verificar a lista de bens dispon\u00edveis de cada \u00f3rg\u00e3o\/entidade da Administra\u00e7\u00e3o Direta e Indireta.<\/p><p><strong>ATEN\u00c7\u00c3O!!!<\/strong><br \/><strong>Caso se interesse por algum bem disponibilizado, o contato dever\u00e1 ser feito diretamente com o <span style=\"text-decoration: underline;\">servidor identificado no final da lista publicada<\/span>.<\/strong><\/p>\t\t\t\t\t\t\t\t<\/div>\n\t\t\t\t<\/div>\n\t\t\t\t<div class=\"elementor-element elementor-element-cf0c8f2 elementor-widget elementor-widget-text-editor\" data-id=\"cf0c8f2\" data-element_type=\"widget\" data-widget_type=\"text-editor.default\">\n\t\t\t\t<div class=\"elementor-widget-container\">\n\t\t\t\t\t\t\t\t\t<h3>2026<\/h3>\t\t\t\t\t\t\t\t<\/div>\n\t\t\t\t<\/div>\n\t\t\t\t<div class=\"elementor-element elementor-element-14fe83a elementor-widget elementor-widget-text-editor\" data-id=\"14fe83a\" data-element_type=\"widget\" data-widget_type=\"text-editor.default\">\n\t\t\t\t<div class=\"elementor-widget-container\">\n\t\t\t\t\t\t\t\t\t<p><b><\/b><b><a href=\"https:\/\/drive.google.com\/file\/d\/1aIKhNDZW41qTb8TaIbptz2zipDjAcf5M\/view?usp=drive_link\" target=\"_blank\" rel=\"noopener\">\u00a0DER &#8211; Bens em disponibilidade 26 de Mar\u00e7o 2026<\/a><\/b><\/p>\t\t\t\t\t\t\t\t<\/div>\n\t\t\t\t<\/div>\n\t\t\t\t<div class=\"elementor-element elementor-element-e5c0b05 elementor-widget elementor-widget-text-editor\" data-id=\"e5c0b05\" data-element_type=\"widget\" data-widget_type=\"text-editor.default\">\n\t\t\t\t<div class=\"elementor-widget-container\">\n\t\t\t\t\t\t\t\t\t<p><b><\/b><b><a href=\"https:\/\/drive.google.com\/file\/d\/1bxnr7AZjRyn083Hem6a0U9eyq8lWqTf7\/view?usp=drive_link\" target=\"_blank\" rel=\"noopener\">\u00a0AGENERSA &#8211; Bens em disponibilidade 26 de Fevereiro 2026<\/a><\/b><\/p>\t\t\t\t\t\t\t\t<\/div>\n\t\t\t\t<\/div>\n\t\t\t\t<div class=\"elementor-element elementor-element-1bc0b93 elementor-widget elementor-widget-text-editor\" data-id=\"1bc0b93\" data-element_type=\"widget\" data-widget_type=\"text-editor.default\">\n\t\t\t\t<div class=\"elementor-widget-container\">\n\t\t\t\t\t\t\t\t\t<p><b><\/b><b><a href=\"https:\/\/drive.google.com\/file\/d\/12LI9I1pmEhSaAZSupHqQ9h_CosTUbG9j\/view?usp=drive_link\" target=\"_blank\" rel=\"noopener\">\u00a0SECC &#8211; Bens em disponibilidade 21 de Janeiro 2026<\/a><\/b><\/p>\t\t\t\t\t\t\t\t<\/div>\n\t\t\t\t<\/div>\n\t\t\t\t<div class=\"elementor-element elementor-element-66d0596 elementor-widget elementor-widget-text-editor\" data-id=\"66d0596\" data-element_type=\"widget\" data-widget_type=\"text-editor.default\">\n\t\t\t\t<div class=\"elementor-widget-container\">\n\t\t\t\t\t\t\t\t\t<p><b><\/b><b><a href=\"https:\/\/drive.google.com\/file\/d\/1IqeOkswKhGHzSqGs571-wMxAF96_sJh1\/view?usp=drive_link\" target=\"_blank\" rel=\"noopener\">\u00a0SECC &#8211; Bens em disponibilidade 16 de Janeiro 2026<\/a><\/b><\/p>\t\t\t\t\t\t\t\t<\/div>\n\t\t\t\t<\/div>\n\t\t\t\t<div class=\"elementor-element elementor-element-71cc44e elementor-widget elementor-widget-text-editor\" data-id=\"71cc44e\" data-element_type=\"widget\" data-widget_type=\"text-editor.default\">\n\t\t\t\t<div class=\"elementor-widget-container\">\n\t\t\t\t\t\t\t\t\t<h3>2025<\/h3>\t\t\t\t\t\t\t\t<\/div>\n\t\t\t\t<\/div>\n\t\t\t\t<div class=\"elementor-element elementor-element-18dee18 elementor-widget elementor-widget-text-editor\" data-id=\"18dee18\" data-element_type=\"widget\" data-widget_type=\"text-editor.default\">\n\t\t\t\t<div class=\"elementor-widget-container\">\n\t\t\t\t\t\t\t\t\t<p><b><\/b><b><a href=\"https:\/\/drive.google.com\/file\/d\/1EBVSKVF72-jkdmUPrcBujqGpiJ1m3TE9\/view?usp=drive_link\" target=\"_blank\" rel=\"noopener\">AGENERSA &#8211; Bens em disponibilidade -19 Dezembro 2025<\/a><\/b><\/p>\t\t\t\t\t\t\t\t<\/div>\n\t\t\t\t<\/div>\n\t\t\t\t<div class=\"elementor-element elementor-element-af1f65f elementor-widget elementor-widget-text-editor\" data-id=\"af1f65f\" data-element_type=\"widget\" data-widget_type=\"text-editor.default\">\n\t\t\t\t<div class=\"elementor-widget-container\">\n\t\t\t\t\t\t\t\t\t<p><b><\/b><b><a href=\"https:\/\/drive.google.com\/file\/d\/1-3LsKsqdwxkIhDC7lh93cCoNyNlnIxk4\/view?usp=drive_link\" target=\"_blank\" rel=\"noopener\">ITERJ &#8211; Bens em disponibilidade -12 Dezembro 2025<\/a><\/b><\/p>\t\t\t\t\t\t\t\t<\/div>\n\t\t\t\t<\/div>\n\t\t\t\t<div class=\"elementor-element elementor-element-3c8261d elementor-widget elementor-widget-text-editor\" data-id=\"3c8261d\" data-element_type=\"widget\" data-widget_type=\"text-editor.default\">\n\t\t\t\t<div class=\"elementor-widget-container\">\n\t\t\t\t\t\t\t\t\t<p><b><\/b><b><a href=\"https:\/\/drive.google.com\/file\/d\/1KA15Xb-9_pxEkpwEVZ8diMGuIR_mj34m\/view?usp=drive_link\" target=\"_blank\" rel=\"noopener\">CGE &#8211; Bens em disponibilidade -27 Novembro 2025<\/a><\/b><\/p>\t\t\t\t\t\t\t\t<\/div>\n\t\t\t\t<\/div>\n\t\t\t\t<div class=\"elementor-element elementor-element-ea1bda9 elementor-widget elementor-widget-text-editor\" data-id=\"ea1bda9\" data-element_type=\"widget\" data-widget_type=\"text-editor.default\">\n\t\t\t\t<div class=\"elementor-widget-container\">\n\t\t\t\t\t\t\t\t\t<p><b><\/b><b><a href=\"https:\/\/drive.google.com\/file\/d\/1R4R0MnehhZ2N50xrxzzlt2YyXf_tigiw\/view?usp=drive_link\" target=\"_blank\" rel=\"noopener\">SECC &#8211; Bens em disponibilidade -03 Novembro 2025<\/a><\/b><\/p>\t\t\t\t\t\t\t\t<\/div>\n\t\t\t\t<\/div>\n\t\t\t\t<div class=\"elementor-element elementor-element-f67a066 elementor-widget elementor-widget-text-editor\" data-id=\"f67a066\" data-element_type=\"widget\" data-widget_type=\"text-editor.default\">\n\t\t\t\t<div class=\"elementor-widget-container\">\n\t\t\t\t\t\t\t\t\t<p><b><\/b><b><a href=\"https:\/\/drive.google.com\/file\/d\/1zD9Cd1tOCXqhYa0WEE4cFfeOBAg73jmH\/view?usp=drive_link\" target=\"_blank\" rel=\"noopener\">SECC &#8211; Bens em disponibilidade &#8211;\u00a0 23 Outubro 2025<\/a><\/b><\/p>\t\t\t\t\t\t\t\t<\/div>\n\t\t\t\t<\/div>\n\t\t\t\t<div class=\"elementor-element elementor-element-15bdbba elementor-widget elementor-widget-text-editor\" data-id=\"15bdbba\" data-element_type=\"widget\" data-widget_type=\"text-editor.default\">\n\t\t\t\t<div class=\"elementor-widget-container\">\n\t\t\t\t\t\t\t\t\t<p><b><\/b><b><a href=\"https:\/\/drive.google.com\/file\/d\/1nKo7z45gZOlk19Pcv6QuzzhlZs55NvWo\/view?usp=drive_link\" target=\"_blank\" rel=\"noopener\">GSI &#8211; Bens em disponibilidade &#8211; 16 Outubro 2025<\/a><\/b><\/p>\t\t\t\t\t\t\t\t<\/div>\n\t\t\t\t<\/div>\n\t\t\t\t<div class=\"elementor-element elementor-element-e62258e elementor-widget elementor-widget-text-editor\" data-id=\"e62258e\" data-element_type=\"widget\" data-widget_type=\"text-editor.default\">\n\t\t\t\t<div class=\"elementor-widget-container\">\n\t\t\t\t\t\t\t\t\t<p><b><\/b><b><a href=\"https:\/\/drive.google.com\/file\/d\/1maUZeai2YLoaZHItY2pQaoDmXV-aJR_x\/view?usp=drive_link\" target=\"_blank\" rel=\"noopener\">ITERJ &#8211; Bens em disponibilidade &#8211; 07 Outubro 2025<\/a><\/b><\/p>\t\t\t\t\t\t\t\t<\/div>\n\t\t\t\t<\/div>\n\t\t\t\t<div class=\"elementor-element elementor-element-6ba0eae elementor-widget elementor-widget-text-editor\" data-id=\"6ba0eae\" data-element_type=\"widget\" data-widget_type=\"text-editor.default\">\n\t\t\t\t<div class=\"elementor-widget-container\">\n\t\t\t\t\t\t\t\t\t<p><b><\/b><b><a href=\"https:\/\/drive.google.com\/file\/d\/1w55weYi27H90DGmk5-n06JzOJmUdj0UI\/view?usp=drive_link\" target=\"_blank\" rel=\"noopener\">PGE &#8211; Bens em disponibilidade &#8211; 06 Outubro 2025<\/a><\/b><\/p>\t\t\t\t\t\t\t\t<\/div>\n\t\t\t\t<\/div>\n\t\t\t\t<div class=\"elementor-element elementor-element-2b4682d elementor-widget-divider--view-line elementor-widget elementor-widget-divider\" data-id=\"2b4682d\" data-element_type=\"widget\" data-widget_type=\"divider.default\">\n\t\t\t\t<div class=\"elementor-widget-container\">\n\t\t\t\t\t\t\t<div class=\"elementor-divider\">\n\t\t\t<span class=\"elementor-divider-separator\">\n\t\t\t\t\t\t<\/span>\n\t\t<\/div>\n\t\t\t\t\t\t<\/div>\n\t\t\t\t<\/div>\n\t\t\t\t\t<\/div>\n\t\t<\/div>\n\t\t\t\t\t<\/div>\n\t\t<\/section>\n\t\t\t\t<\/div>\n\t\t","protected":false},"excerpt":{"rendered":"<p>De acordo com o Decreto Estadual n\u00ba 49.289, de 17 de setembro de 2024, os bens m\u00f3veis inserv\u00edveis, segundo os termos do art. 84, com exce\u00e7\u00e3o dos bens m\u00f3veis objeto de descarte, dever\u00e3o ser relacionados e publicados em cadastro eletr\u00f4nico mantido pelo \u00d3rg\u00e3o Central, que assegurar\u00e1 a necess\u00e1ria publicidade aos demais \u00f3rg\u00e3os e entidades do [&hellip;]<\/p>\n","protected":false},"author":7,"featured_media":0,"comment_status":"closed","ping_status":"open","sticky":false,"template":"","format":"standard","meta":{"footnotes":""},"categories":[11],"tags":[],"class_list":["post-6356","post","type-post","status-publish","format-standard","hentry","category-rede_bens"],"publishpress_future_action":{"enabled":false,"date":"2026-05-09 09:55:45","action":"change-status","newStatus":"draft","terms":[],"taxonomy":"category","extraData":[]},"publishpress_future_workflow_manual_trigger":{"enabledWorkflows":[]},"_links":{"self":[{"href":"https:\/\/redelog.rj.gov.br\/redebens\/wp-json\/wp\/v2\/posts\/6356","targetHints":{"allow":["GET"]}}],"collection":[{"href":"https:\/\/redelog.rj.gov.br\/redebens\/wp-json\/wp\/v2\/posts"}],"about":[{"href":"https:\/\/redelog.rj.gov.br\/redebens\/wp-json\/wp\/v2\/types\/post"}],"author":[{"embeddable":true,"href":"https:\/\/redelog.rj.gov.br\/redebens\/wp-json\/wp\/v2\/users\/7"}],"replies":[{"embeddable":true,"href":"https:\/\/redelog.rj.gov.br\/redebens\/wp-json\/wp\/v2\/comments?post=6356"}],"version-history":[{"count":552,"href":"https:\/\/redelog.rj.gov.br\/redebens\/wp-json\/wp\/v2\/posts\/6356\/revisions"}],"predecessor-version":[{"id":8627,"href":"https:\/\/redelog.rj.gov.br\/redebens\/wp-json\/wp\/v2\/posts\/6356\/revisions\/8627"}],"wp:attachment":[{"href":"https:\/\/redelog.rj.gov.br\/redebens\/wp-json\/wp\/v2\/media?parent=6356"}],"wp:term":[{"taxonomy":"category","embeddable":true,"href":"https:\/\/redelog.rj.gov.br\/redebens\/wp-json\/wp\/v2\/categories?post=6356"},{"taxonomy":"post_tag","embeddable":true,"href":"https:\/\/redelog.rj.gov.br\/redebens\/wp-json\/wp\/v2\/tags?post=6356"}],"curies":[{"name":"wp","href":"https:\/\/api.w.org\/{rel}","templated":true}]}}