{"id":154,"date":"2022-04-01T16:12:08","date_gmt":"2022-04-01T19:12:08","guid":{"rendered":"http:\/\/redelog.rj.gov.br\/redebens\/?p=154"},"modified":"2025-05-30T15:53:30","modified_gmt":"2025-05-30T18:53:30","slug":"prestacao-de-contas","status":"publish","type":"post","link":"https:\/\/redelog.rj.gov.br\/redebens\/prestacao-de-contas\/","title":{"rendered":"PRESTA\u00c7\u00c3O DE CONTAS"},"content":{"rendered":"\t\t<div data-elementor-type=\"wp-post\" data-elementor-id=\"154\" class=\"elementor elementor-154\" data-elementor-post-type=\"post\">\n\t\t\t\t\t\t<section class=\"elementor-section elementor-top-section elementor-element elementor-element-6f21dbc elementor-section-boxed elementor-section-height-default elementor-section-height-default\" data-id=\"6f21dbc\" data-element_type=\"section\">\n\t\t\t\t\t\t<div class=\"elementor-container elementor-column-gap-default\">\n\t\t\t\t\t<div class=\"elementor-column elementor-col-100 elementor-top-column elementor-element elementor-element-ac4422d\" data-id=\"ac4422d\" data-element_type=\"column\">\n\t\t\t<div class=\"elementor-widget-wrap elementor-element-populated\">\n\t\t\t\t\t\t<div class=\"elementor-element elementor-element-9495404 elementor-widget-divider--view-line elementor-widget elementor-widget-divider\" data-id=\"9495404\" data-element_type=\"widget\" data-widget_type=\"divider.default\">\n\t\t\t\t<div class=\"elementor-widget-container\">\n\t\t\t\t\t\t\t<div class=\"elementor-divider\">\n\t\t\t<span class=\"elementor-divider-separator\">\n\t\t\t\t\t\t<\/span>\n\t\t<\/div>\n\t\t\t\t\t\t<\/div>\n\t\t\t\t<\/div>\n\t\t\t\t<div class=\"elementor-element elementor-element-5475c12 elementor-position-left elementor-vertical-align-middle elementor-widget elementor-widget-image-box\" data-id=\"5475c12\" data-element_type=\"widget\" data-widget_type=\"image-box.default\">\n\t\t\t\t<div class=\"elementor-widget-container\">\n\t\t\t\t\t<div class=\"elementor-image-box-wrapper\"><figure class=\"elementor-image-box-img\"><img fetchpriority=\"high\" decoding=\"async\" width=\"512\" height=\"512\" src=\"https:\/\/redelog.rj.gov.br\/redebens\/wp-content\/uploads\/2022\/05\/Prestacao-de-contas-1.png\" class=\"attachment-full size-full wp-image-1051\" alt=\"\" srcset=\"https:\/\/redelog.rj.gov.br\/redebens\/wp-content\/uploads\/2022\/05\/Prestacao-de-contas-1.png 512w, https:\/\/redelog.rj.gov.br\/redebens\/wp-content\/uploads\/2022\/05\/Prestacao-de-contas-1-300x300.png 300w, https:\/\/redelog.rj.gov.br\/redebens\/wp-content\/uploads\/2022\/05\/Prestacao-de-contas-1-150x150.png 150w, https:\/\/redelog.rj.gov.br\/redebens\/wp-content\/uploads\/2022\/05\/Prestacao-de-contas-1-230x230.png 230w, https:\/\/redelog.rj.gov.br\/redebens\/wp-content\/uploads\/2022\/05\/Prestacao-de-contas-1-400x400.png 400w\" sizes=\"(max-width: 512px) 100vw, 512px\" \/><\/figure><div class=\"elementor-image-box-content\"><p class=\"elementor-image-box-description\">A presta\u00e7\u00e3o de contas \u00e9 um dever estabelecido na Constitui\u00e7\u00e3o Federal (Art. 70, par\u00e1grafo \u00fanico) que estabelece que os administradores de \u00f3rg\u00e3os e entidades do setor p\u00fablico devem prestar contas dos resultados alcan\u00e7ados na gest\u00e3o dos recursos confiados \u00e0 sua responsabilidade, em face dos objetivos de interesse coletivo estabelecidos pelo poder p\u00fablico.<\/p><\/div><\/div>\t\t\t\t<\/div>\n\t\t\t\t<\/div>\n\t\t\t\t<div class=\"elementor-element elementor-element-074fe9f elementor-widget elementor-widget-image\" data-id=\"074fe9f\" data-element_type=\"widget\" data-widget_type=\"image.default\">\n\t\t\t\t<div class=\"elementor-widget-container\">\n\t\t\t\t\t\t\t\t\t\t\t\t\t\t\t<img decoding=\"async\" width=\"1024\" height=\"630\" src=\"https:\/\/redelog.rj.gov.br\/redebens\/wp-content\/uploads\/2022\/05\/computer-6107592_1280-1024x630.png\" class=\"attachment-large size-large wp-image-1953\" alt=\"\" srcset=\"https:\/\/redelog.rj.gov.br\/redebens\/wp-content\/uploads\/2022\/05\/computer-6107592_1280-1024x630.png 1024w, https:\/\/redelog.rj.gov.br\/redebens\/wp-content\/uploads\/2022\/05\/computer-6107592_1280-300x185.png 300w, https:\/\/redelog.rj.gov.br\/redebens\/wp-content\/uploads\/2022\/05\/computer-6107592_1280-768x473.png 768w, https:\/\/redelog.rj.gov.br\/redebens\/wp-content\/uploads\/2022\/05\/computer-6107592_1280-600x369.png 600w, https:\/\/redelog.rj.gov.br\/redebens\/wp-content\/uploads\/2022\/05\/computer-6107592_1280.png 1280w\" sizes=\"(max-width: 1024px) 100vw, 1024px\" \/>\t\t\t\t\t\t\t\t\t\t\t\t\t\t\t<\/div>\n\t\t\t\t<\/div>\n\t\t\t\t<div class=\"elementor-element elementor-element-3e42c0d elementor-widget elementor-widget-text-editor\" data-id=\"3e42c0d\" data-element_type=\"widget\" data-widget_type=\"text-editor.default\">\n\t\t\t\t<div class=\"elementor-widget-container\">\n\t\t\t\t\t\t\t\t\t<p><span style=\"font-weight: 400;\">Tem como principal finalidade <\/span><b>assegurar a transpar\u00eancia <\/b><span style=\"font-weight: 400;\">na administra\u00e7\u00e3o p\u00fablica, bem como promover a defesa do patrim\u00f4nio p\u00fablico e, sobretudo, <\/span><b>informar aos cidad\u00e3os<\/b><span style=\"font-weight: 400;\">, que s\u00e3o os principais provedores dos recursos para o funcionamento da administra\u00e7\u00e3o p\u00fablica.<\/span><\/p>\t\t\t\t\t\t\t\t<\/div>\n\t\t\t\t<\/div>\n\t\t\t\t<div class=\"elementor-element elementor-element-887c716 elementor-widget elementor-widget-heading\" data-id=\"887c716\" data-element_type=\"widget\" data-widget_type=\"heading.default\">\n\t\t\t\t<div class=\"elementor-widget-container\">\n\t\t\t\t\t<h2 class=\"elementor-heading-title elementor-size-large\">Conceitos e Normativos aplicados no Poder Executivo Estadual<\/h2>\t\t\t\t<\/div>\n\t\t\t\t<\/div>\n\t\t\t\t<div class=\"elementor-element elementor-element-e10b40a elementor-widget elementor-widget-text-editor\" data-id=\"e10b40a\" data-element_type=\"widget\" data-widget_type=\"text-editor.default\">\n\t\t\t\t<div class=\"elementor-widget-container\">\n\t\t\t\t\t\t\t\t\t<p><b>Presta\u00e7\u00e3o de Contas Anual de Gest\u00e3o (PCA)<\/b><\/p><p><span style=\"font-weight: 400;\">\u00c9 o conjunto de dados, demonstrativos, documentos e informa\u00e7\u00f5es de natureza cont\u00e1bil, financeira, or\u00e7ament\u00e1ria, patrimonial e operacional encaminhados anualmente ao TCE-RJ, organizados de forma a permitir o julgamento t\u00e9cnico sobre as contas.\u00a0<\/span><\/p><p><b>Respons\u00e1vel pela PCA<\/b><\/p><p><span style=\"font-weight: 400;\">\u00c9 aquele revestido de compet\u00eancia para gerir os recursos da unidade jurisdicionada, no exerc\u00edcio a que se referem as contas.\u00a0<\/span><\/p><p><span style=\"font-weight: 400;\">A <\/span><a href=\"https:\/\/www.tce.rj.gov.br\/cadastro-publicacoes\/public\/deliberacoes\" target=\"_blank\" rel=\"noopener\"><b>Delibera\u00e7\u00e3o TCE-RJ n\u00ba 278 de 24 de agosto de 2017 <\/b><\/a><span style=\"font-weight: 400;\">disp\u00f5e sobre a <\/span><b>apresenta\u00e7\u00e3o da Presta\u00e7\u00e3o de Contas Anual de Gest\u00e3o<\/b><span style=\"font-weight: 400;\">, no \u00e2mbito da <\/span><b>Administra\u00e7\u00e3o estadual<\/b><span style=\"font-weight: 400;\"> e estabelece que:<\/span><\/p><p><b><i>\u00a7 1\u00ba <\/i><\/b><i><span style=\"font-weight: 400;\">O Tribunal <\/span><\/i><b><i>divulgar\u00e1, at\u00e9 31 de dezembro <\/i><\/b><i><span style=\"font-weight: 400;\">de cada ano, por ato do Secret\u00e1rio-Geral de Controle Externo autorizado pela Presid\u00eancia, as <\/span><\/i><b><i>unidades jurisdicionadas selecionadas<\/i><\/b><i><span style=\"font-weight: 400;\">, cujos respons\u00e1veis <\/span><\/i><b><i>ter\u00e3o processo de Presta\u00e7\u00e3o de Contas Anual <\/i><\/b><i><span style=\"font-weight: 400;\">de Gest\u00e3o, constitu\u00eddo para f<\/span><\/i><b><i>ins de instru\u00e7\u00e3o e julgamento<\/i><\/b><i><span style=\"font-weight: 400;\">.\u00a0<\/span><\/i><\/p><p><b><i>Art. 4\u00ba\u00a0<\/i><\/b><i><span style=\"font-weight: 400;\">&#8211; A <\/span><\/i><b><i>Presta\u00e7\u00e3o de Contas Anual <\/i><\/b><i><span style=\"font-weight: 400;\">de Gest\u00e3o ser\u00e1 constitu\u00edda como processo neste TCE-RJ, para fins de instru\u00e7\u00e3o e julgamento, quando <\/span><\/i><b><i>as unidades jurisdicionadas forem selecionadas<\/i><\/b><i><span style=\"font-weight: 400;\"> para este fim, conforme crit\u00e9rios t\u00e9cnicos de seletividade.<\/span><\/i><\/p><p><em><b>A<\/b><b>rt. 5\u00ba\u00a0<\/b><span style=\"font-weight: 400;\">&#8211; O <\/span><b>conte\u00fado das presta\u00e7\u00f5es de contas <\/b><span style=\"font-weight: 400;\">constitu\u00eddas para fins de instru\u00e7\u00e3o e julgamento, compreender\u00e1 o rol de <\/span><b>documentos complementares integrantes dos <a href=\"https:\/\/portal-br.tcerj.tc.br\/anexos-e-modelos-da-prestacao-de-contas-anual-de-gestao-das-administracoes-estadual-e-municipal\" target=\"_blank\" rel=\"noopener\">ANEXOS<\/a><\/b><span style=\"font-weight: 400;\"> (<\/span><span style=\"font-weight: 400;\">I<\/span><span style=\"font-weight: 400;\">, <\/span><span style=\"font-weight: 400;\">IV<\/span><span style=\"font-weight: 400;\">, <\/span><span style=\"font-weight: 400;\">V<\/span><span style=\"font-weight: 400;\">, <\/span><span style=\"font-weight: 400;\">VIII<\/span><span style=\"font-weight: 400;\">) desta Delibera\u00e7\u00e3o exigidos <\/span><b>de acordo com a natureza jur\u00eddica de cada unidade<\/b><span style=\"font-weight: 400;\"> jurisdicionada.<\/span><span style=\"font-weight: 400;\">\u00a0<\/span><\/em><\/p><p><b><i>Art. 7\u00ba<\/i><\/b><i><span style=\"font-weight: 400;\"> A <\/span><\/i><b><i>documenta\u00e7\u00e3o prevista nos ANEXOS<\/i><\/b><i><span style=\"font-weight: 400;\"> integrantes desta Delibera\u00e7\u00e3o, relativa \u00e0s presta\u00e7\u00f5es de contas constitu\u00eddas para fins de instru\u00e7\u00e3o e julgamento, <\/span><\/i><b><i>dever\u00e1 ser remetida por meio do sistema informatizado<\/i><\/b><i><span style=\"font-weight: 400;\"> e-TCERJ no <\/span><\/i><b><i>prazo de 180 (cento e oitenta) dias<\/i><\/b><i><span style=\"font-weight: 400;\">, contados do <\/span><\/i><b><i>encerramento do exerc\u00edcio financeiro<\/i><\/b><i><span style=\"font-weight: 400;\">.<\/span><\/i><\/p><p><b><i>Art. 8\u00ba &#8211; <\/i><\/b><i><span style=\"font-weight: 400;\">Os documentos previstos nos ANEXOS desta Delibera\u00e7\u00e3o, referentes \u00e0 Presta\u00e7\u00e3o de Contas Anual de Gest\u00e3o das <\/span><\/i><b><i>unidades gestoras que n\u00e3o forem selecionados<\/i><\/b><i><span style=\"font-weight: 400;\"> para constitui\u00e7\u00e3o de processos neste Tribunal para fins de instru\u00e7\u00e3o e julgamento, nos termos desta Delibera\u00e7\u00e3o, permanecer\u00e3o <\/span><\/i><b><i>arquivados<\/i><\/b><i><span style=\"font-weight: 400;\"> no \u00f3rg\u00e3o ou entidade de origem, ficando <\/span><\/i><b><i>\u00e0 disposi\u00e7\u00e3o do TCE-RJ<\/i><\/b> <b><i>por 5 (cinco) anos<\/i><\/b><i><span style=\"font-weight: 400;\">, a contar do exerc\u00edcio seguinte ao exerc\u00edcio de compet\u00eancia, per\u00edodo em que <\/span><\/i><b><i>os mesmos poder\u00e3o ser requisitados para encaminhamento ou exame in loco quando da realiza\u00e7\u00e3o de auditorias<\/i><\/b><i><span style=\"font-weight: 400;\">.<\/span><\/i><\/p><p><span style=\"font-weight: 400;\">O texto da delibera\u00e7\u00e3o est\u00e1 dispon\u00edvel no site do TCE-RJ no link abaixo:<\/span><\/p><p><a href=\"https:\/\/www.tce.rj.gov.br\/cadastro-publicacoes\/public\/deliberacoes\" target=\"_blank\" rel=\"noopener\"><span style=\"font-weight: 400;\">https:\/\/www.tce.rj.gov.br\/cadastro-publicacoes\/public\/deliberacoes<\/span><\/a><span style=\"font-weight: 400;\">\u00a0<\/span><\/p><p><span style=\"font-weight: 400;\">A <\/span><b><a href=\"https:\/\/redelog.rj.gov.br\/redelog\/age-no-41\/\" target=\"_blank\" rel=\"noopener\">Instru\u00e7\u00e3o Normativa AGE n\u00ba 41, de 26 de dezembro de 2017<\/a>, <\/b><span style=\"font-weight: 400;\">estabelece as normas de organiza\u00e7\u00e3o da <\/span><b>documenta\u00e7\u00e3o relativa \u00e0 gest\u00e3o dos bens m\u00f3veis<\/b><span style=\"font-weight: 400;\"> dos \u00f3rg\u00e3os e entidades da Administra\u00e7\u00e3o P\u00fablica Estadual, com o objetivo de demonstrar a sua boa administra\u00e7\u00e3o, guarda e controle.<\/span><\/p><p><span style=\"font-weight: 400;\">Relacionamos as documenta\u00e7\u00f5es que devem ser providenciadas <\/span><b>anualmente<\/b><span style=\"font-weight: 400;\"> pelos <\/span><b>Encarregados<\/b><span style=\"font-weight: 400;\">, <\/span><b>Agentes<\/b><span style=\"font-weight: 400;\"> e <\/span><b>Gestores<\/b><span style=\"font-weight: 400;\">, relativas aos bens m\u00f3veis sob suas respectivas responsabilidades.<\/span><\/p>\t\t\t\t\t\t\t\t<\/div>\n\t\t\t\t<\/div>\n\t\t\t\t<div class=\"elementor-element elementor-element-47f51ad elementor-widget elementor-widget-heading\" data-id=\"47f51ad\" data-element_type=\"widget\" data-widget_type=\"heading.default\">\n\t\t\t\t<div class=\"elementor-widget-container\">\n\t\t\t\t\t<h2 class=\"elementor-heading-title elementor-size-large\">DOCUMENTOS DAS SUBUNIDADES<\/h2>\t\t\t\t<\/div>\n\t\t\t\t<\/div>\n\t\t\t\t<div class=\"elementor-element elementor-element-730a319 elementor-widget elementor-widget-text-editor\" data-id=\"730a319\" data-element_type=\"widget\" data-widget_type=\"text-editor.default\">\n\t\t\t\t<div class=\"elementor-widget-container\">\n\t\t\t\t\t\t\t\t\t<p><span style=\"font-weight: 400;\">A <\/span><b>documenta\u00e7\u00e3o<\/b><span style=\"font-weight: 400;\"> relacionada deve ser <\/span><b>encaminhada, em meio eletr\u00f4nico, ao Gestor de Bens M\u00f3veis<\/b><span style=\"font-weight: 400;\">, <\/span><b>mantida c\u00f3pia na Subunidade<\/b><span style=\"font-weight: 400;\">, \u00e0 disposi\u00e7\u00e3o dos \u00f3rg\u00e3os de controle.<\/span><\/p><p><span style=\"font-weight: 400;\">I \u2013 <\/span><a href=\"https:\/\/redelog.rj.gov.br\/redebens\/wp-content\/uploads\/2022\/06\/IN41_Anexo-III_BMoveis_Cadastro_dos_Responsaveis-novo.docx\"><span style=\"font-weight: 400;\">Cadastro do Respons\u00e1vel<\/span><\/a><span style=\"font-weight: 400;\">\u00a0de todos os Encarregados no exerc\u00edcio;<\/span><\/p><p><span style=\"font-weight: 400;\">II &#8211; <\/span><a href=\"https:\/\/redelog.rj.gov.br\/redebens\/wp-content\/uploads\/2022\/06\/IN41_Anexo-V-IN41_BMoveis_Termo_de_Transf_de_Responsabilidade.docx\"><span style=\"font-weight: 400;\">Termo <\/span><span style=\"font-weight: 400;\">de Transfer\u00eancia de Responsabilidade<\/span><\/a><span style=\"font-weight: 400;\">, devidamente autenticado pelos Encarregados substituto e substitu\u00eddo;<\/span><\/p><p><span style=\"font-weight: 400;\">III &#8211; <\/span><a href=\"https:\/\/redelog.rj.gov.br\/redebens\/wp-content\/uploads\/2022\/06\/IN41_Anexo-IX-IN41_BMoveis_Termo_de_Baixa_Definitiva.xlsx\"><span style=\"font-weight: 400;\">Termo de Baixa Definitiva<\/span><\/a><span style=\"font-weight: 400;\"> dos bens m\u00f3veis da Subunidade, no caso de desincorpora\u00e7\u00e3o;<\/span><\/p><p><span style=\"font-weight: 400;\">IV &#8211; <\/span><a href=\"https:\/\/redelog.rj.gov.br\/redebens\/wp-content\/uploads\/2022\/06\/IN41_Anexo-X-IN41_BMoveis_Termo_de_Entrega_de_Bens_e_Valores.docx\"><span style=\"font-weight: 400;\">Termo de Entrega de Bens e Valores<\/span><\/a><span style=\"font-weight: 400;\">, quando houver t\u00e9rmino de gest\u00e3o decorrente da extin\u00e7\u00e3o da Subunidade;<\/span><\/p><p><span style=\"font-weight: 400;\">V &#8211; C\u00f3pia da publica\u00e7\u00e3o do ato de extin\u00e7\u00e3o da Subunidade, quando ocorrer;<\/span><\/p><p><span style=\"font-weight: 400;\">VI &#8211; Termo de Inspe\u00e7\u00e3o realizada na Subunidade por comiss\u00f5es de vistoria e pelos \u00f3rg\u00e3os de controle, quando ocorrer.<\/span><\/p><p><span style=\"font-weight: 400;\">O <\/span><b>Gestor<\/b> <b>emitir\u00e1<\/b><span style=\"font-weight: 400;\"> Termo de <\/span><a href=\"https:\/\/redelog.rj.gov.br\/redebens\/wp-content\/uploads\/2022\/06\/IN41_Anexo-VI-IN41_BMoveis_Nada_Consta.docx\"><span style=\"font-weight: 400;\">Nada Consta<\/span><\/a><span style=\"font-weight: 400;\"> para o <\/span><b>Encarregado<\/b><span style=\"font-weight: 400;\"> da Subunidade quando <\/span><b>n\u00e3o for verificada impropriedade ou irregularidade <\/b><span style=\"font-weight: 400;\">no Termo de Transfer\u00eancia de Responsabilidade<\/span><b>.<\/b><\/p><p><span style=\"font-weight: 400;\">Ainda que seja configurado o <\/span><b>desaparecimento ou a n\u00e3o localiza\u00e7\u00e3o do bem<\/b><span style=\"font-weight: 400;\">, a transfer\u00eancia da responsabilidade pode ocorrer, sem que haja responsabiliza\u00e7\u00e3o<\/span> <span style=\"font-weight: 400;\">para o substituto, desde que as eventuais irregularidades estejam relatadas no Termo de Transfer\u00eancia de Responsabilidade.<\/span><\/p><p><span style=\"font-weight: 400;\">A <\/span><b>responsabilidade<\/b><span style=\"font-weight: 400;\"> pela guarda e conserva\u00e7\u00e3o dos bens do servidor substituto se <\/span><b>inicia no dia subsequente\u00a0 \u00e0 data do Termo<\/b> <b>de Transfer\u00eancia de Responsabilidade<\/b><span style=\"font-weight: 400;\">.<\/span><\/p>\t\t\t\t\t\t\t\t<\/div>\n\t\t\t\t<\/div>\n\t\t\t\t<div class=\"elementor-element elementor-element-5f7bd06 elementor-widget elementor-widget-heading\" data-id=\"5f7bd06\" data-element_type=\"widget\" data-widget_type=\"heading.default\">\n\t\t\t\t<div class=\"elementor-widget-container\">\n\t\t\t\t\t<h2 class=\"elementor-heading-title elementor-size-large\">DOCUMENTOS DAS UNIDADES ADMINISTRATIVAS<\/h2>\t\t\t\t<\/div>\n\t\t\t\t<\/div>\n\t\t\t\t<div class=\"elementor-element elementor-element-b3b9266 elementor-widget elementor-widget-text-editor\" data-id=\"b3b9266\" data-element_type=\"widget\" data-widget_type=\"text-editor.default\">\n\t\t\t\t<div class=\"elementor-widget-container\">\n\t\t\t\t\t\t\t\t\t<p><span style=\"font-weight: 400;\">A <\/span><b>documenta\u00e7\u00e3o<\/b><span style=\"font-weight: 400;\"> relacionada deve ser <\/span><b>encaminhada, em meio eletr\u00f4nico, ao Gestor de Bens M\u00f3veis<\/b><span style=\"font-weight: 400;\">, <\/span><b>mantida c\u00f3pia na Subunidade<\/b><span style=\"font-weight: 400;\">, \u00e0 disposi\u00e7\u00e3o dos \u00f3rg\u00e3os de controle.<\/span><\/p><p><span style=\"font-weight: 400;\">I \u2013 <\/span><a href=\"https:\/\/redelog.rj.gov.br\/redebens\/wp-content\/uploads\/2022\/06\/IN41_Anexo-III_BMoveis_Cadastro_dos_Responsaveis-novo.docx\"><span style=\"font-weight: 400;\">Cadastro do Respons\u00e1vel<\/span><\/a><span style=\"font-weight: 400;\">\u00a0de todos os Agentes no exerc\u00edcio;<\/span><\/p><p><span style=\"font-weight: 400;\">II &#8211; <\/span><a href=\"https:\/\/redelog.rj.gov.br\/redebens\/wp-content\/uploads\/2022\/06\/IN41_Anexo-IV-IN41_BMoveis_Inventario-3.xlsx\"><span style=\"font-weight: 400;\">Invent\u00e1rio das exist\u00eancias f\u00edsicas <\/span><\/a><span style=\"font-weight: 400;\">da U.A., em 31 de dezembro;<\/span><\/p><p><span style=\"font-weight: 400;\">III &#8211; <\/span><a href=\"https:\/\/redelog.rj.gov.br\/redebens\/wp-content\/uploads\/2022\/06\/IN41_Anexo-I_BMoveis_Demonstr_da_Movimentac\u0327a\u0303o.xlsx\"><span style=\"font-weight: 400;\">Demonstrativo da Movimenta\u00e7\u00e3o <\/span><\/a><span style=\"font-weight: 400;\">dos bens m\u00f3veis da U.A. no exerc\u00edcio;<\/span><\/p><p><span style=\"font-weight: 400;\">IV &#8211; <\/span><a href=\"https:\/\/redelog.rj.gov.br\/redebens\/wp-content\/uploads\/2022\/06\/IN41_Anexo-IX-IN41_BMoveis_Termo_de_Baixa_Definitiva.xlsx\"><span style=\"font-weight: 400;\">Termo de Baixa Definitiva<\/span><\/a><span style=\"font-weight: 400;\"> dos bens m\u00f3veis da U.A., no caso de desincorpora\u00e7\u00e3o;<\/span><\/p><p><span style=\"font-weight: 400;\">V &#8211; <\/span><a href=\"https:\/\/redelog.rj.gov.br\/redebens\/wp-content\/uploads\/2022\/06\/IN41_Anexo-X-IN41_BMoveis_Termo_de_Entrega_de_Bens_e_Valores.docx\"><span style=\"font-weight: 400;\">Termo de Entrega de Bens e Valores<\/span><\/a><span style=\"font-weight: 400;\">, quando houver t\u00e9rmino de gest\u00e3o decorrente da extin\u00e7\u00e3o da U.A.;<\/span><\/p><p><span style=\"font-weight: 400;\">VI &#8211; C\u00f3pia da publica\u00e7\u00e3o do ato de extin\u00e7\u00e3o da U.A., quando ocorrer;<\/span><\/p><p><span style=\"font-weight: 400;\">VII &#8211; Termo de Inspe\u00e7\u00e3o realizada na U.A. por comiss\u00f5es de vistoria e pelos \u00f3rg\u00e3os de controle, quando ocorrer.<\/span><\/p>\t\t\t\t\t\t\t\t<\/div>\n\t\t\t\t<\/div>\n\t\t\t\t<div class=\"elementor-element elementor-element-95ae8de elementor-widget elementor-widget-heading\" data-id=\"95ae8de\" data-element_type=\"widget\" data-widget_type=\"heading.default\">\n\t\t\t\t<div class=\"elementor-widget-container\">\n\t\t\t\t\t<h2 class=\"elementor-heading-title elementor-size-large\">DOCUMENTOS DAS UNIDADES GESTORAS<\/h2>\t\t\t\t<\/div>\n\t\t\t\t<\/div>\n\t\t\t\t<div class=\"elementor-element elementor-element-3bbf166 elementor-widget elementor-widget-text-editor\" data-id=\"3bbf166\" data-element_type=\"widget\" data-widget_type=\"text-editor.default\">\n\t\t\t\t<div class=\"elementor-widget-container\">\n\t\t\t\t\t\t\t\t\t<p><span style=\"font-weight: 400;\">O <\/span><b>Gestor<\/b><span style=\"font-weight: 400;\"> dos Bens M\u00f3veis deve consolidar, em at\u00e9 <\/span><b>90 (noventa) dias <\/b><span style=\"font-weight: 400;\">ap\u00f3s o t\u00e9rmino do exerc\u00edcio, a <\/span><b>documenta\u00e7\u00e3o relativa aos bens m\u00f3veis da U.G<\/b><span style=\"font-weight: 400;\">., consolidando toda a documenta\u00e7\u00e3o das Subunidades e Unidades Administrativas do \u00f3rg\u00e3o ou entidade.<\/span><\/p><p><span style=\"font-weight: 400;\">I \u2013 <\/span><a href=\"https:\/\/redelog.rj.gov.br\/redebens\/wp-content\/uploads\/2022\/06\/IN41_Anexo-III_BMoveis_Cadastro_dos_Responsaveis-novo.docx\"><span style=\"font-weight: 400;\">Cadastro do Respons\u00e1vel<\/span><\/a><span style=\"font-weight: 400;\">\u00a0de todos os Titulares da Unidade e Gestores de Bens M\u00f3veis no exerc\u00edcio;<\/span><\/p><p><span style=\"font-weight: 400;\">II &#8211; <\/span><a href=\"https:\/\/redelog.rj.gov.br\/redebens\/wp-content\/uploads\/2022\/06\/IN41_Anexo-IV-IN41_BMoveis_Inventario-3.xlsx\"><span style=\"font-weight: 400;\">Invent\u00e1rio das exist\u00eancias f\u00edsicas<\/span><\/a> <span style=\"font-weight: 400;\">da U.G., em 31 de dezembro, discriminado por Subunidades e Unidade Administrativas, se houver;<\/span><\/p><p><span style=\"font-weight: 400;\">III &#8211; <\/span><a href=\"https:\/\/redelog.rj.gov.br\/redebens\/wp-content\/uploads\/2022\/06\/IN41_Anexo-I_BMoveis_Demonstr_da_Movimentac\u0327a\u0303o.xlsx\"><span style=\"font-weight: 400;\">Demonstrativo da Movimenta\u00e7\u00e3o <\/span><\/a><span style=\"font-weight: 400;\">dos bens m\u00f3veis da U.G. no exerc\u00edcio;<\/span><\/p><p><span style=\"font-weight: 400;\">IV &#8211; <\/span><a href=\"https:\/\/redelog.rj.gov.br\/redebens\/wp-content\/uploads\/2022\/06\/IN41_Anexo-V-IN41_BMoveis_Termo_de_Transf_de_Responsabilidade.docx\"><span style=\"font-weight: 400;\">Termo de Transfer\u00eancia de Responsabilidade<\/span><\/a><span style=\"font-weight: 400;\">, consolidado da U.G.;<\/span><\/p><p><span style=\"font-weight: 400;\">V &#8211; <\/span><a href=\"https:\/\/redelog.rj.gov.br\/redebens\/wp-content\/uploads\/2022\/06\/IN41_Anexo-IX-IN41_BMoveis_Termo_de_Baixa_Definitiva.xlsx\"><span style=\"font-weight: 400;\">Termo de Baixa Definitiva<\/span><\/a><span style=\"font-weight: 400;\"> dos bens m\u00f3veis da U.G., no caso de desincorpora\u00e7\u00e3o;<\/span><\/p><p><span style=\"font-weight: 400;\">VI &#8211; <\/span><a href=\"https:\/\/redelog.rj.gov.br\/redebens\/wp-content\/uploads\/2022\/06\/IN41_Anexo-VIII-IN41_BMoveis_Declarac\u0327a\u0303o_Titular_Unidade.docx\"><span style=\"font-weight: 400;\">Declara\u00e7\u00e3o do Titular da Unidade<\/span><\/a><span style=\"font-weight: 400;\">, quando ocorrer t\u00e9rmino da gest\u00e3o no exerc\u00edcio;<\/span><\/p><p><span style=\"font-weight: 400;\">VII &#8211; <\/span><a href=\"https:\/\/redelog.rj.gov.br\/redebens\/wp-content\/uploads\/2022\/06\/IN41_Anexo-X-IN41_BMoveis_Termo_de_Entrega_de_Bens_e_Valores.docx\"><span style=\"font-weight: 400;\">Termo de Entrega de Bens e Valores<\/span><\/a><span style=\"font-weight: 400;\">, quando houver t\u00e9rmino de gest\u00e3o decorrente da extin\u00e7\u00e3o da U.G.;<\/span><\/p><p><span style=\"font-weight: 400;\">VIII &#8211; C\u00f3pia da publica\u00e7\u00e3o do ato de extin\u00e7\u00e3o da U.G., quando ocorrer;<\/span><\/p><p><span style=\"font-weight: 400;\">IX &#8211; Termo de Inspe\u00e7\u00e3o realizada na U.A. por comiss\u00f5es de vistoria e pelos \u00f3rg\u00e3os de controle, quando ocorrer.<\/span><\/p><p><span style=\"font-weight: 400;\">Todos os documentos dever\u00e3o ser <\/span><b>mantidos arquivados na Unidade<\/b><span style=\"font-weight: 400;\">, preferencialmente, em <\/span><b>meio eletr\u00f4nico<\/b><span style=\"font-weight: 400;\">, sob a guarda do Gestor de Bens M\u00f3veis, ficando \u00e0 disposi\u00e7\u00e3o dos \u00f3rg\u00e3os de controle interno e externo para fins de auditorias e inspe\u00e7\u00f5es.<\/span><\/p>\t\t\t\t\t\t\t\t<\/div>\n\t\t\t\t<\/div>\n\t\t\t\t<div class=\"elementor-element elementor-element-203c31d elementor-widget elementor-widget-heading\" data-id=\"203c31d\" data-element_type=\"widget\" data-widget_type=\"heading.default\">\n\t\t\t\t<div class=\"elementor-widget-container\">\n\t\t\t\t\t<h2 class=\"elementor-heading-title elementor-size-large\">CONTROLE MENSAL DOS SALDOS<\/h2>\t\t\t\t<\/div>\n\t\t\t\t<\/div>\n\t\t\t\t<div class=\"elementor-element elementor-element-b8a7cd4 elementor-widget elementor-widget-text-editor\" data-id=\"b8a7cd4\" data-element_type=\"widget\" data-widget_type=\"text-editor.default\">\n\t\t\t\t<div class=\"elementor-widget-container\">\n\t\t\t\t\t\t\t\t\t<p><span style=\"font-weight: 400;\">O <\/span><b>Encarregado<\/b><span style=\"font-weight: 400;\"> e o <\/span><b>Agente<\/b><span style=\"font-weight: 400;\"> da U.A. devem <\/span><b>informar mensalmente os saldos e a movimenta\u00e7\u00e3o ao Gestor de Bens M\u00f3veis<\/b><span style=\"font-weight: 400;\"> da Unidade, por meio do <\/span><a href=\"https:\/\/redelog.rj.gov.br\/redebens\/wp-content\/uploads\/2022\/06\/IN41_Anexo-I_BMoveis_Demonstr_da_Movimentac\u0327a\u0303o.xlsx\"><b>Demonstrativo da Movimenta\u00e7\u00e3o<\/b><\/a><span style=\"font-weight: 400;\">.<\/span><\/p><p><span style=\"font-weight: 400;\">O <\/span><b>Gestor<\/b><span style=\"font-weight: 400;\"> de Bens M\u00f3veis deve manter um <\/span><b><a href=\"https:\/\/redelog.rj.gov.br\/redebens\/wp-content\/uploads\/2022\/06\/IN41_Anexo-II-IN41_BMoveis_Controle_Mensal_Gestor.xlsx\">controle mensal<\/a>, consolidando os saldos das Subunidades e Unidades Administrativas, <\/b><span style=\"font-weight: 400;\">e o <\/span><b>submeter mensalmente <\/b><span style=\"font-weight: 400;\">\u00e0 Coordenadoria Setorial de <\/span><b>Contabilidade<\/b><span style=\"font-weight: 400;\">, ou equivalente, a fim de promover a <\/span><b>consist\u00eancia dos saldos entre os registros efetuados e a exist\u00eancia f\u00edsica <\/b><span style=\"font-weight: 400;\">dos bens m\u00f3veis.<\/span><\/p><p><span style=\"font-weight: 400;\">As <\/span><b>empresas estatais <\/b><span style=\"font-weight: 400;\">podem <\/span><b>substituir<\/b><span style=\"font-weight: 400;\"> os <\/span><b>documentos relacionados <\/b><span style=\"font-weight: 400;\">por outros, <\/span><b>desde que contenham informa\u00e7\u00f5es semelhantes ou equivalentes<\/b><span style=\"font-weight: 400;\">.<\/span><\/p>\t\t\t\t\t\t\t\t<\/div>\n\t\t\t\t<\/div>\n\t\t\t\t<div class=\"elementor-element elementor-element-2c256e0 elementor-widget-divider--view-line elementor-widget elementor-widget-divider\" data-id=\"2c256e0\" data-element_type=\"widget\" data-widget_type=\"divider.default\">\n\t\t\t\t<div class=\"elementor-widget-container\">\n\t\t\t\t\t\t\t<div class=\"elementor-divider\">\n\t\t\t<span class=\"elementor-divider-separator\">\n\t\t\t\t\t\t<\/span>\n\t\t<\/div>\n\t\t\t\t\t\t<\/div>\n\t\t\t\t<\/div>\n\t\t\t\t<div class=\"elementor-element elementor-element-b340fbd elementor-widget elementor-widget-heading\" data-id=\"b340fbd\" data-element_type=\"widget\" data-widget_type=\"heading.default\">\n\t\t\t\t<div class=\"elementor-widget-container\">\n\t\t\t\t\t<h2 class=\"elementor-heading-title elementor-size-default\">PERGUNTAS FREQUENTES<\/h2>\t\t\t\t<\/div>\n\t\t\t\t<\/div>\n\t\t\t\t<div class=\"elementor-element elementor-element-ce8dc6a elementor-widget elementor-widget-toggle\" data-id=\"ce8dc6a\" data-element_type=\"widget\" data-widget_type=\"toggle.default\">\n\t\t\t\t<div class=\"elementor-widget-container\">\n\t\t\t\t\t\t\t<div class=\"elementor-toggle\">\n\t\t\t\t\t\t\t<div class=\"elementor-toggle-item\">\n\t\t\t\t\t<div id=\"elementor-tab-title-2161\" class=\"elementor-tab-title\" data-tab=\"1\" role=\"button\" aria-controls=\"elementor-tab-content-2161\" aria-expanded=\"false\">\n\t\t\t\t\t\t\t\t\t\t\t\t<span class=\"elementor-toggle-icon elementor-toggle-icon-left\" aria-hidden=\"true\">\n\t\t\t\t\t\t\t\t\t\t\t\t\t\t\t<span class=\"elementor-toggle-icon-closed\"><i class=\"fas fa-caret-right\"><\/i><\/span>\n\t\t\t\t\t\t\t\t<span class=\"elementor-toggle-icon-opened\"><i class=\"elementor-toggle-icon-opened fas fa-caret-up\"><\/i><\/span>\n\t\t\t\t\t\t\t\t\t\t\t\t\t<\/span>\n\t\t\t\t\t\t\t\t\t\t\t\t<a class=\"elementor-toggle-title\" tabindex=\"0\">1- Qual legisla\u00e7\u00e3o que devo seguir no Executivo do Estado para a Presta\u00e7\u00e3o de Contas relativas ao Patrim\u00f4nio M\u00f3vel?<\/a>\n\t\t\t\t\t<\/div>\n\n\t\t\t\t\t<div id=\"elementor-tab-content-2161\" class=\"elementor-tab-content elementor-clearfix\" data-tab=\"1\" role=\"region\" aria-labelledby=\"elementor-tab-title-2161\"><p><span style=\"font-weight: 400;\">A Instru\u00e7\u00e3o Normativa AGE\u00a0 n\u00ba 41\/2017 lista os procedimentos para a elabora\u00e7\u00e3o da Presta\u00e7\u00e3o de Contas interna do \u00f3rg\u00e3o\/entidade, ou seja, aquela apresentada \u00e0 autoridade superior ou ao controle interno da unidade gestora. <br \/>J\u00e1 a Delibera\u00e7\u00e3o TCE-RJ n\u00ba 278\/2017 rege a elabora\u00e7\u00e3o da Presta\u00e7\u00e3o de Contas Anual a ser protocolada no TCE, caso a U.G. seja elencada para tal.<\/span><\/p><\/div>\n\t\t\t\t<\/div>\n\t\t\t\t\t\t\t<div class=\"elementor-toggle-item\">\n\t\t\t\t\t<div id=\"elementor-tab-title-2162\" class=\"elementor-tab-title\" data-tab=\"2\" role=\"button\" aria-controls=\"elementor-tab-content-2162\" aria-expanded=\"false\">\n\t\t\t\t\t\t\t\t\t\t\t\t<span class=\"elementor-toggle-icon elementor-toggle-icon-left\" aria-hidden=\"true\">\n\t\t\t\t\t\t\t\t\t\t\t\t\t\t\t<span class=\"elementor-toggle-icon-closed\"><i class=\"fas fa-caret-right\"><\/i><\/span>\n\t\t\t\t\t\t\t\t<span class=\"elementor-toggle-icon-opened\"><i class=\"elementor-toggle-icon-opened fas fa-caret-up\"><\/i><\/span>\n\t\t\t\t\t\t\t\t\t\t\t\t\t<\/span>\n\t\t\t\t\t\t\t\t\t\t\t\t<a class=\"elementor-toggle-title\" tabindex=\"0\">2- Qual \u00e9 prazo para o Gestor de Bens M\u00f3veis consolidar a documenta\u00e7\u00e3o relativa aos bens m\u00f3veis da U.G.?<\/a>\n\t\t\t\t\t<\/div>\n\n\t\t\t\t\t<div id=\"elementor-tab-content-2162\" class=\"elementor-tab-content elementor-clearfix\" data-tab=\"2\" role=\"region\" aria-labelledby=\"elementor-tab-title-2162\"><p style=\"text-align: justify;\"><span style=\"font-weight: 400;\">Em at\u00e9 90 (noventa) dias ap\u00f3s o t\u00e9rmino do exerc\u00edcio, consolidando toda a documenta\u00e7\u00e3o das Subunidades e Unidades Administrativas do \u00f3rg\u00e3o ou entidade.<\/span><\/p><\/div>\n\t\t\t\t<\/div>\n\t\t\t\t\t\t\t<div class=\"elementor-toggle-item\">\n\t\t\t\t\t<div id=\"elementor-tab-title-2163\" class=\"elementor-tab-title\" data-tab=\"3\" role=\"button\" aria-controls=\"elementor-tab-content-2163\" aria-expanded=\"false\">\n\t\t\t\t\t\t\t\t\t\t\t\t<span class=\"elementor-toggle-icon elementor-toggle-icon-left\" aria-hidden=\"true\">\n\t\t\t\t\t\t\t\t\t\t\t\t\t\t\t<span class=\"elementor-toggle-icon-closed\"><i class=\"fas fa-caret-right\"><\/i><\/span>\n\t\t\t\t\t\t\t\t<span class=\"elementor-toggle-icon-opened\"><i class=\"elementor-toggle-icon-opened fas fa-caret-up\"><\/i><\/span>\n\t\t\t\t\t\t\t\t\t\t\t\t\t<\/span>\n\t\t\t\t\t\t\t\t\t\t\t\t<a class=\"elementor-toggle-title\" tabindex=\"0\">3- Qual \u00e9 prazo para os \u00f3rg\u00e3os e entidades do Poder Executivo Estadual enviarem ao TCE-RJ a documenta\u00e7\u00e3o relativa \u00e0 presta\u00e7\u00e3o de contas anual?<\/a>\n\t\t\t\t\t<\/div>\n\n\t\t\t\t\t<div id=\"elementor-tab-content-2163\" class=\"elementor-tab-content elementor-clearfix\" data-tab=\"3\" role=\"region\" aria-labelledby=\"elementor-tab-title-2163\"><p style=\"text-align: justify;\"><span style=\"font-weight: 400;\">Os documentos previstos nos ANEXOS da Delibera\u00e7\u00e3o n\u00ba 278, de 24 de agosto de 2017, referentes \u00e0 Presta\u00e7\u00e3o de Contas Anual de Gest\u00e3o, devem ser protocoladas em at\u00e9 180 (cento e oitenta) dias ap\u00f3s o t\u00e9rmino do exerc\u00edcio.<br \/>J\u00e1 as unidades gestoras que n\u00e3o forem selecionados para constitui\u00e7\u00e3o de processos no TCE-RJ, devem manter arquivados no \u00f3rg\u00e3o ou entidade de origem, ficando \u00e0 disposi\u00e7\u00e3o do Tribunal de Contas por 5 (cinco) anos, a contar do exerc\u00edcio seguinte ao exerc\u00edcio de compet\u00eancia, per\u00edodo em que os mesmos poder\u00e3o ser requisitados para encaminhamento ou exame in loco quando da realiza\u00e7\u00e3o de auditorias.\u00a0<\/span><\/p><\/div>\n\t\t\t\t<\/div>\n\t\t\t\t\t\t\t<div class=\"elementor-toggle-item\">\n\t\t\t\t\t<div id=\"elementor-tab-title-2164\" class=\"elementor-tab-title\" data-tab=\"4\" role=\"button\" aria-controls=\"elementor-tab-content-2164\" aria-expanded=\"false\">\n\t\t\t\t\t\t\t\t\t\t\t\t<span class=\"elementor-toggle-icon elementor-toggle-icon-left\" aria-hidden=\"true\">\n\t\t\t\t\t\t\t\t\t\t\t\t\t\t\t<span class=\"elementor-toggle-icon-closed\"><i class=\"fas fa-caret-right\"><\/i><\/span>\n\t\t\t\t\t\t\t\t<span class=\"elementor-toggle-icon-opened\"><i class=\"elementor-toggle-icon-opened fas fa-caret-up\"><\/i><\/span>\n\t\t\t\t\t\t\t\t\t\t\t\t\t<\/span>\n\t\t\t\t\t\t\t\t\t\t\t\t<a class=\"elementor-toggle-title\" tabindex=\"0\">4- Caso a Unidade Gestora a que perten\u00e7o n\u00e3o seja selecionada para a apresenta\u00e7\u00e3o da PCA ao TCE-RJ, preciso consolidar a documenta\u00e7\u00e3o?<\/a>\n\t\t\t\t\t<\/div>\n\n\t\t\t\t\t<div id=\"elementor-tab-content-2164\" class=\"elementor-tab-content elementor-clearfix\" data-tab=\"4\" role=\"region\" aria-labelledby=\"elementor-tab-title-2164\"><p style=\"text-align: justify;\"><span style=\"font-weight: 400;\">Os documentos previstos nos ANEXOS da Delibera\u00e7\u00e3o n\u00ba 278, de 24 de agosto de 2017, referentes \u00e0 Presta\u00e7\u00e3o de Contas Anual de Gest\u00e3o das unidades gestoras que n\u00e3o forem selecionados para constitui\u00e7\u00e3o de processos no TCE-RJ, devem permanecer arquivados no \u00f3rg\u00e3o ou entidade de origem, ficando \u00e0 disposi\u00e7\u00e3o do Tribunal de Contas por 5 (cinco) anos, a contar do exerc\u00edcio seguinte ao exerc\u00edcio de compet\u00eancia, per\u00edodo em que os mesmos poder\u00e3o ser requisitados para encaminhamento ou exame in loco quando da realiza\u00e7\u00e3o de auditorias. <\/span><\/p><\/div>\n\t\t\t\t<\/div>\n\t\t\t\t\t\t\t\t<\/div>\n\t\t\t\t\t\t<\/div>\n\t\t\t\t<\/div>\n\t\t\t\t<div class=\"elementor-element elementor-element-e9a4392 elementor-widget-divider--view-line elementor-widget elementor-widget-divider\" data-id=\"e9a4392\" data-element_type=\"widget\" data-widget_type=\"divider.default\">\n\t\t\t\t<div class=\"elementor-widget-container\">\n\t\t\t\t\t\t\t<div class=\"elementor-divider\">\n\t\t\t<span class=\"elementor-divider-separator\">\n\t\t\t\t\t\t<\/span>\n\t\t<\/div>\n\t\t\t\t\t\t<\/div>\n\t\t\t\t<\/div>\n\t\t\t\t\t<\/div>\n\t\t<\/div>\n\t\t\t\t\t<\/div>\n\t\t<\/section>\n\t\t\t\t<section class=\"elementor-section elementor-top-section elementor-element elementor-element-465378f elementor-section-boxed elementor-section-height-default elementor-section-height-default\" data-id=\"465378f\" data-element_type=\"section\">\n\t\t\t\t\t\t<div class=\"elementor-container elementor-column-gap-default\">\n\t\t\t\t\t<div class=\"elementor-column elementor-col-100 elementor-top-column elementor-element elementor-element-160cbac\" data-id=\"160cbac\" data-element_type=\"column\">\n\t\t\t<div class=\"elementor-widget-wrap elementor-element-populated\">\n\t\t\t\t\t\t<section class=\"elementor-section elementor-inner-section elementor-element elementor-element-1eec389 elementor-section-boxed elementor-section-height-default elementor-section-height-default\" data-id=\"1eec389\" data-element_type=\"section\">\n\t\t\t\t\t\t<div class=\"elementor-container elementor-column-gap-default\">\n\t\t\t\t\t<div class=\"elementor-column elementor-col-50 elementor-inner-column elementor-element elementor-element-148fa23\" data-id=\"148fa23\" data-element_type=\"column\">\n\t\t\t<div class=\"elementor-widget-wrap elementor-element-populated\">\n\t\t\t\t\t\t<div class=\"elementor-element elementor-element-83be391 elementor-widget elementor-widget-text-editor\" data-id=\"83be391\" data-element_type=\"widget\" data-widget_type=\"text-editor.default\">\n\t\t\t\t<div class=\"elementor-widget-container\">\n\t\t\t\t\t\t\t\t\t<p style=\"text-align: left;\"><a href=\"https:\/\/redelog.rj.gov.br\/redebens\/baixa-patrimonial\/\">\u2190 BAIXA PATRIMONIAL<\/a><\/p>\t\t\t\t\t\t\t\t<\/div>\n\t\t\t\t<\/div>\n\t\t\t\t\t<\/div>\n\t\t<\/div>\n\t\t\t\t<div class=\"elementor-column elementor-col-50 elementor-inner-column elementor-element elementor-element-69fb71f\" data-id=\"69fb71f\" data-element_type=\"column\">\n\t\t\t<div class=\"elementor-widget-wrap\">\n\t\t\t\t\t\t\t<\/div>\n\t\t<\/div>\n\t\t\t\t\t<\/div>\n\t\t<\/section>\n\t\t\t\t\t<\/div>\n\t\t<\/div>\n\t\t\t\t\t<\/div>\n\t\t<\/section>\n\t\t\t\t<\/div>\n\t\t","protected":false},"excerpt":{"rendered":"<p>A presta\u00e7\u00e3o de contas \u00e9 um dever estabelecido na Constitui\u00e7\u00e3o Federal (Art. 70, par\u00e1grafo \u00fanico) que estabelece que os administradores de \u00f3rg\u00e3os e entidades do setor p\u00fablico devem prestar contas dos resultados alcan\u00e7ados na gest\u00e3o dos recursos confiados \u00e0 sua responsabilidade, em face dos objetivos de interesse coletivo estabelecidos pelo poder p\u00fablico. Tem como principal [&hellip;]<\/p>\n","protected":false},"author":2,"featured_media":0,"comment_status":"closed","ping_status":"open","sticky":false,"template":"","format":"standard","meta":{"footnotes":""},"categories":[8],"tags":[],"class_list":["post-154","post","type-post","status-publish","format-standard","hentry","category-base-conhecimento"],"publishpress_future_action":{"enabled":false,"date":"2026-05-09 09:54:11","action":"change-status","newStatus":"draft","terms":[],"taxonomy":"category","extraData":[]},"publishpress_future_workflow_manual_trigger":{"enabledWorkflows":[]},"_links":{"self":[{"href":"https:\/\/redelog.rj.gov.br\/redebens\/wp-json\/wp\/v2\/posts\/154","targetHints":{"allow":["GET"]}}],"collection":[{"href":"https:\/\/redelog.rj.gov.br\/redebens\/wp-json\/wp\/v2\/posts"}],"about":[{"href":"https:\/\/redelog.rj.gov.br\/redebens\/wp-json\/wp\/v2\/types\/post"}],"author":[{"embeddable":true,"href":"https:\/\/redelog.rj.gov.br\/redebens\/wp-json\/wp\/v2\/users\/2"}],"replies":[{"embeddable":true,"href":"https:\/\/redelog.rj.gov.br\/redebens\/wp-json\/wp\/v2\/comments?post=154"}],"version-history":[{"count":215,"href":"https:\/\/redelog.rj.gov.br\/redebens\/wp-json\/wp\/v2\/posts\/154\/revisions"}],"predecessor-version":[{"id":8269,"href":"https:\/\/redelog.rj.gov.br\/redebens\/wp-json\/wp\/v2\/posts\/154\/revisions\/8269"}],"wp:attachment":[{"href":"https:\/\/redelog.rj.gov.br\/redebens\/wp-json\/wp\/v2\/media?parent=154"}],"wp:term":[{"taxonomy":"category","embeddable":true,"href":"https:\/\/redelog.rj.gov.br\/redebens\/wp-json\/wp\/v2\/categories?post=154"},{"taxonomy":"post_tag","embeddable":true,"href":"https:\/\/redelog.rj.gov.br\/redebens\/wp-json\/wp\/v2\/tags?post=154"}],"curies":[{"name":"wp","href":"https:\/\/api.w.org\/{rel}","templated":true}]}}