{"id":148,"date":"2022-04-01T16:11:15","date_gmt":"2022-04-01T19:11:15","guid":{"rendered":"http:\/\/redelog.rj.gov.br\/redebens\/?p=148"},"modified":"2025-02-25T10:05:25","modified_gmt":"2025-02-25T13:05:25","slug":"depreciacao","status":"publish","type":"post","link":"https:\/\/redelog.rj.gov.br\/redebens\/depreciacao\/","title":{"rendered":"DEPRECIA\u00c7\u00c3O"},"content":{"rendered":"\t\t<div data-elementor-type=\"wp-post\" data-elementor-id=\"148\" class=\"elementor elementor-148\" data-elementor-post-type=\"post\">\n\t\t\t\t\t\t<section class=\"elementor-section elementor-top-section elementor-element elementor-element-ddc52b7 elementor-section-boxed elementor-section-height-default elementor-section-height-default\" data-id=\"ddc52b7\" data-element_type=\"section\">\n\t\t\t\t\t\t<div class=\"elementor-container elementor-column-gap-default\">\n\t\t\t\t\t<div class=\"elementor-column elementor-col-100 elementor-top-column elementor-element elementor-element-0b859ef\" data-id=\"0b859ef\" data-element_type=\"column\">\n\t\t\t<div class=\"elementor-widget-wrap elementor-element-populated\">\n\t\t\t\t\t\t<div class=\"elementor-element elementor-element-50932c8 elementor-widget-divider--view-line elementor-widget elementor-widget-divider\" data-id=\"50932c8\" data-element_type=\"widget\" data-widget_type=\"divider.default\">\n\t\t\t\t<div class=\"elementor-widget-container\">\n\t\t\t\t\t\t\t<div class=\"elementor-divider\">\n\t\t\t<span class=\"elementor-divider-separator\">\n\t\t\t\t\t\t<\/span>\n\t\t<\/div>\n\t\t\t\t\t\t<\/div>\n\t\t\t\t<\/div>\n\t\t\t\t<div class=\"elementor-element elementor-element-f613704 elementor-position-left elementor-vertical-align-middle elementor-widget elementor-widget-image-box\" data-id=\"f613704\" data-element_type=\"widget\" data-widget_type=\"image-box.default\">\n\t\t\t\t<div class=\"elementor-widget-container\">\n\t\t\t\t\t<div class=\"elementor-image-box-wrapper\"><figure class=\"elementor-image-box-img\"><img fetchpriority=\"high\" decoding=\"async\" width=\"512\" height=\"512\" src=\"https:\/\/redelog.rj.gov.br\/redebens\/wp-content\/uploads\/2022\/05\/Depreciacao-1.png\" class=\"attachment-full size-full wp-image-1054\" alt=\"\" srcset=\"https:\/\/redelog.rj.gov.br\/redebens\/wp-content\/uploads\/2022\/05\/Depreciacao-1.png 512w, https:\/\/redelog.rj.gov.br\/redebens\/wp-content\/uploads\/2022\/05\/Depreciacao-1-300x300.png 300w, https:\/\/redelog.rj.gov.br\/redebens\/wp-content\/uploads\/2022\/05\/Depreciacao-1-150x150.png 150w, https:\/\/redelog.rj.gov.br\/redebens\/wp-content\/uploads\/2022\/05\/Depreciacao-1-230x230.png 230w, https:\/\/redelog.rj.gov.br\/redebens\/wp-content\/uploads\/2022\/05\/Depreciacao-1-400x400.png 400w\" sizes=\"(max-width: 512px) 100vw, 512px\" \/><\/figure><div class=\"elementor-image-box-content\"><p class=\"elementor-image-box-description\">Consiste na <b>redu\u00e7\u00e3o do valor cont\u00e1bil dos bens m\u00f3veis, devido ao desgaste ou \u00e0 perda de utilidade por uso, a\u00e7\u00e3o da natureza ou obsolesc\u00eancia<\/b>. <\/p><\/div><\/div>\t\t\t\t<\/div>\n\t\t\t\t<\/div>\n\t\t\t\t<div class=\"elementor-element elementor-element-5674b95 elementor-widget elementor-widget-image\" data-id=\"5674b95\" data-element_type=\"widget\" data-widget_type=\"image.default\">\n\t\t\t\t<div class=\"elementor-widget-container\">\n\t\t\t\t\t\t\t\t\t\t\t\t\t\t\t<img decoding=\"async\" width=\"1024\" height=\"682\" src=\"https:\/\/redelog.rj.gov.br\/redebens\/wp-content\/uploads\/2022\/05\/money-2180330_1920-1024x682.jpg\" class=\"attachment-large size-large wp-image-1951\" alt=\"\" srcset=\"https:\/\/redelog.rj.gov.br\/redebens\/wp-content\/uploads\/2022\/05\/money-2180330_1920-1024x682.jpg 1024w, https:\/\/redelog.rj.gov.br\/redebens\/wp-content\/uploads\/2022\/05\/money-2180330_1920-300x200.jpg 300w, https:\/\/redelog.rj.gov.br\/redebens\/wp-content\/uploads\/2022\/05\/money-2180330_1920-768x512.jpg 768w, https:\/\/redelog.rj.gov.br\/redebens\/wp-content\/uploads\/2022\/05\/money-2180330_1920-1536x1023.jpg 1536w, https:\/\/redelog.rj.gov.br\/redebens\/wp-content\/uploads\/2022\/05\/money-2180330_1920-600x400.jpg 600w, https:\/\/redelog.rj.gov.br\/redebens\/wp-content\/uploads\/2022\/05\/money-2180330_1920.jpg 1920w\" sizes=\"(max-width: 1024px) 100vw, 1024px\" \/>\t\t\t\t\t\t\t\t\t\t\t\t\t\t\t<\/div>\n\t\t\t\t<\/div>\n\t\t\t\t<div class=\"elementor-element elementor-element-67e88ba elementor-widget elementor-widget-text-editor\" data-id=\"67e88ba\" data-element_type=\"widget\" data-widget_type=\"text-editor.default\">\n\t\t\t\t<div class=\"elementor-widget-container\">\n\t\t\t\t\t\t\t\t\t<p><b>O\u00a0<\/b><strong><a href=\"https:\/\/drive.google.com\/file\/d\/1koRaFX7XJGv2nWeviHk93ZGWYSd8ax-q\/view?usp=sharing\" target=\"_blank\" rel=\"noopener\">Manual de Contabilidade Aplicada ao Setor P\u00fablico &#8211; 10\u00aa edi\u00e7\u00e3o<\/a><\/strong><b>\u00a0<\/b><span style=\"font-weight: 400;\">estabelece que a deprecia\u00e7\u00e3o deve ser realizada <\/span><b>mensalmente <\/b><span style=\"font-weight: 400;\">em <\/span><b>quotas que representam um duod\u00e9cimo da taxa de deprecia\u00e7\u00e3o anual<\/b><span style=\"font-weight: 400;\"> do bem. Embora o lan\u00e7amento cont\u00e1bil possa ser realizado pelo valor total da classe dos bens depreciados ao qual aquele item se refere, \u00e9 importante destacar que o <\/span><b>c\u00e1lculo do valor a depreciar deve ser identificado individualmente<\/b><span style=\"font-weight: 400;\">, item a item, em virtude da possibilidade de haver bens similares com taxas de deprecia\u00e7\u00e3o diferentes e bens totalmente depreciados.<\/span><\/p><p><span style=\"font-weight: 400;\">A obrigatoriedade de realizar os procedimentos de deprecia\u00e7\u00e3o dos bens do Estado foi institu\u00edda pelo<\/span><i><span style=\"font-weight: 400;\">\u00a0<\/span><\/i><strong><a href=\"https:\/\/leisestaduais.com.br\/rj\/decreto-n-44489-2013-rio-de-janeiro-institui-a-obrigatoriedade-de-realizar-os-procedimentos-de-reavaliacao-reducao-ao-valor-recuperavel-de-ativos-depreciacao-amortizacao-e-exaustao-dos-bens-do-estado-nos-casos-que-especifica?q=44.489&amp;origin=instituicao#\" target=\"_blank\" rel=\"noopener\">Decreto n\u00ba 44.489, de 25 de novembro de 2013<\/a><\/strong><b>,<\/b><span style=\"font-weight: 400;\"> o qual estabelece:\u00a0<\/span><\/p><p><b><i>Art. 6\u00ba\u00a0<\/i><\/b><i><span style=\"font-weight: 400;\">&#8211; O <\/span><\/i><b><i>valor depreciado<\/i><\/b><i><span style=\"font-weight: 400;\">, amortizado ou exaurido, <\/span><\/i><b><i>apurado mensalmente<\/i><\/b><i><span style=\"font-weight: 400;\">, dever\u00e1 ser reconhecido nas contas de resultado do exerc\u00edcio.\u00a0<\/span><\/i><\/p><p><b><i> \u00a71\u00ba &#8211; <\/i><\/b><i><span style=\"font-weight: 400;\">Dever\u00e1 ser adotado para <\/span><\/i><b><i>c\u00e1lculo<\/i><\/b><i><span style=\"font-weight: 400;\"> dos encargos de <\/span><\/i><b><i>deprecia\u00e7\u00e3o<\/i><\/b><i><span style=\"font-weight: 400;\">, amortiza\u00e7\u00e3o e exaust\u00e3o o <\/span><\/i><b><i>m\u00e9todo das quotas constantes<\/i><\/b><i><span style=\"font-weight: 400;\">, bem como os crit\u00e9rios definidos pela Secretaria da Receita Federal, por meio da Instru\u00e7\u00e3o Normativa n\u00ba 162, de 31 de dezembro de 1998 (revogada pela <\/span><\/i><a href=\"http:\/\/normas.receita.fazenda.gov.br\/sijut2consulta\/link.action?idAto=81268\" target=\"_blank\" rel=\"noopener\"><b><i>Instru\u00e7\u00e3o Normativa RFB n\u00ba 1.700, de 14\/03\/17<\/i><\/b><\/a><i><span style=\"font-weight: 400;\">).\u00a0<\/span><\/i><\/p>\t\t\t\t\t\t\t\t<\/div>\n\t\t\t\t<\/div>\n\t\t\t\t<div class=\"elementor-element elementor-element-c765bec elementor-widget elementor-widget-heading\" data-id=\"c765bec\" data-element_type=\"widget\" data-widget_type=\"heading.default\">\n\t\t\t\t<div class=\"elementor-widget-container\">\n\t\t\t\t\t<h2 class=\"elementor-heading-title elementor-size-large\">Quando e como devemos calcular e registrar a deprecia\u00e7\u00e3o?<\/h2>\t\t\t\t<\/div>\n\t\t\t\t<\/div>\n\t\t\t\t<div class=\"elementor-element elementor-element-a959e41 elementor-widget elementor-widget-text-editor\" data-id=\"a959e41\" data-element_type=\"widget\" data-widget_type=\"text-editor.default\">\n\t\t\t\t<div class=\"elementor-widget-container\">\n\t\t\t\t\t\t\t\t\t<p><span style=\"font-weight: 400;\">A <strong>deprecia\u00e7\u00e3o<\/strong> inicia-se a partir do momento em que o bem m\u00f3vel estiver <strong>dispon\u00edvel para uso<\/strong>.<\/span><\/p><p><span style=\"font-weight: 400;\">O registro da deprecia\u00e7\u00e3o \u00e9 <\/span><b>obrigat\u00f3rio<\/b><span style=\"font-weight: 400;\"> quando o bem tiver vida \u00fatil limitada e deve ser evidenciado <\/span><b>mensalmente<\/b><span style=\"font-weight: 400;\"> no resultado do exerc\u00edcio.<\/span><\/p><p><span style=\"font-weight: 400;\">O registro da deprecia\u00e7\u00e3o <\/span><b>n\u00e3o cessa <\/b><span style=\"font-weight: 400;\">quando o bem torna-se obsoleto ou \u00e9 retirado temporariamente de opera\u00e7\u00e3o.<\/span><\/p><p><span style=\"font-weight: 400;\">Nos casos de <\/span><b>bens reavaliados<\/b><span style=\"font-weight: 400;\">, a deprecia\u00e7\u00e3o deve ser calculada e registrada sobre o <\/span><b>novo valor<\/b><span style=\"font-weight: 400;\">.<\/span><\/p><p><b>A deprecia\u00e7\u00e3o \u00e9 interrompida em 2 situa\u00e7\u00f5es: ao t\u00e9rmino da vida \u00fatil\u00a0<\/b><span style=\"font-weight: 400;\">do bem, quando\u00a0<\/span><b>cessa o registro<\/b><span style=\"font-weight: 400;\"> da deprecia\u00e7\u00e3o e nesse momento o\u00a0<\/span><b>valor residual ser\u00e1 igual ao valor l\u00edquido cont\u00e1bil. <\/b><span style=\"font-weight: 400;\">E no momento que houver <\/span><b>processo de desfazimento<\/b><span style=\"font-weight: 400;\"> autorizado<\/span><span style=\"font-weight: 400;\"> pelo titular da unidade gestora e o gestor de bens envia \u00e0 contabilidade o processo com a rela\u00e7\u00e3o dos bens m\u00f3veis para <\/span><b>registro cont\u00e1bil da baixa de vida \u00fatil<\/b><span style=\"font-weight: 400;\">, momento em que esses s\u00e3o reclassificados para uma conta transit\u00f3ria e <\/span><b>cessa a deprecia\u00e7\u00e3o<\/b><span style=\"font-weight: 400;\">.<\/span><\/p><p><span style=\"font-weight: 400;\">As instru\u00e7\u00f5es para o c\u00e1lculo da deprecia\u00e7\u00e3o podem ser encontradas no\u00a0<\/span><a href=\"https:\/\/drive.google.com\/file\/d\/1EekgzYGlwIo5DxS-BuTdh0ooMnruOZ9w\/view?usp=sharing\" target=\"_blank\" rel=\"noopener\"><strong>MANUAL DO TRATAMENTO INICIAL DOS BENS PATRIMONIAIS M\u00d3VEIS<\/strong><\/a><span style=\"font-weight: 400;\">, elaborado pela Superintend\u00eancia de Normas T\u00e9cnicas\/CGE\/SEFAZ em 2015.<\/span><\/p><p><span style=\"font-weight: 400;\">No site da\u00a0<\/span><strong><a href=\"https:\/\/portal.fazenda.rj.gov.br\/contabilidade\/\" target=\"_blank\" rel=\"noopener\">Contabilidade Geral RJ<\/a><\/strong><a href=\"http:\/\/www.contabilidade.fazenda.rj.gov.br\/\" target=\"_blank\" rel=\"noopener\">\u00a0<\/a><span style=\"font-weight: 400;\">est\u00e3o dispon\u00edveis\u00a0<\/span><a href=\"https:\/\/portal.fazenda.rj.gov.br\/contabilidade\/procedimentos-tecnicos\/\" target=\"_blank\" rel=\"noopener\"><strong>Planilhas de C\u00e1lculo da Deprecia\u00e7\u00e3o<\/strong><\/a><span style=\"font-weight: 400;\">, organizadas por conta cont\u00e1bil. Apesar desse recurso estar dispon\u00edvel, consideramos conveniente disponibilizar as <strong>f\u00f3rmulas para o c\u00e1lculo da deprecia\u00e7\u00e3o mensal<\/strong> e onde encontrar os valores que dever\u00e3o ser aplicados nela:<\/span><\/p>\t\t\t\t\t\t\t\t<\/div>\n\t\t\t\t<\/div>\n\t\t\t\t<div class=\"elementor-element elementor-element-0e7781e elementor-widget elementor-widget-image\" data-id=\"0e7781e\" data-element_type=\"widget\" data-widget_type=\"image.default\">\n\t\t\t\t<div class=\"elementor-widget-container\">\n\t\t\t\t\t\t\t\t\t\t\t\t<figure class=\"wp-caption\">\n\t\t\t\t\t\t\t\t\t\t\t<a href=\"https:\/\/drive.google.com\/file\/d\/1yow6GJ5r36bTRUradnTIbGDiWNXt7cKc\/view?usp=drive_link\" target=\"_blank\">\n\t\t\t\t\t\t\t<img decoding=\"async\" width=\"887\" height=\"543\" src=\"https:\/\/redelog.rj.gov.br\/redebens\/wp-content\/uploads\/2022\/05\/Picture1.png\" class=\"attachment-large size-large wp-image-2073\" alt=\"\" srcset=\"https:\/\/redelog.rj.gov.br\/redebens\/wp-content\/uploads\/2022\/05\/Picture1.png 887w, https:\/\/redelog.rj.gov.br\/redebens\/wp-content\/uploads\/2022\/05\/Picture1-300x184.png 300w, https:\/\/redelog.rj.gov.br\/redebens\/wp-content\/uploads\/2022\/05\/Picture1-768x470.png 768w, https:\/\/redelog.rj.gov.br\/redebens\/wp-content\/uploads\/2022\/05\/Picture1-600x367.png 600w\" sizes=\"(max-width: 887px) 100vw, 887px\" \/>\t\t\t\t\t\t\t\t<\/a>\n\t\t\t\t\t\t\t\t\t\t\t<figcaption class=\"widget-image-caption wp-caption-text\">Clique na imagem para acessar a tabela de Vida \u00daitl e Valor Residual<\/figcaption>\n\t\t\t\t\t\t\t\t\t\t<\/figure>\n\t\t\t\t\t\t\t\t\t<\/div>\n\t\t\t\t<\/div>\n\t\t\t\t<div class=\"elementor-element elementor-element-a89f4e2 elementor-widget elementor-widget-text-editor\" data-id=\"a89f4e2\" data-element_type=\"widget\" data-widget_type=\"text-editor.default\">\n\t\t\t\t<div class=\"elementor-widget-container\">\n\t\t\t\t\t\t\t\t\t<p><span style=\"font-weight: 400;\">O <\/span><b>valor residual<\/b> <span style=\"font-weight: 400;\">e a <\/span><b>vida \u00fatil<\/b><span style=\"font-weight: 400;\"> de um ativo devem ser <\/span><b>revisados<\/b><span style=\"font-weight: 400;\">, pelo menos, <\/span><b>no final de cada exerc\u00edcio<\/b><span style=\"font-weight: 400;\">, promovendo-se as altera\u00e7\u00f5es quando as expectativas diferirem das estimativas anteriores.\u00a0<\/span><\/p><p><span style=\"font-weight: 400;\">Caso o <strong>bem<\/strong> a ser depreciado j\u00e1 tenha sido <strong>usado anteriormente<\/strong> \u00e0 sua posse pela Administra\u00e7\u00e3o P\u00fablica, pode-se estabelecer um <strong>novo prazo de vida \u00fatil<\/strong> para o bem a exemplo:\u00a0<\/span><\/p><ol><li style=\"font-weight: 400;\" aria-level=\"1\"><strong>Metade do tempo de vida \u00fatil dessa classe de bens;\u00a0<\/strong><\/li><li style=\"font-weight: 400;\" aria-level=\"1\"><strong>Resultado de uma avalia\u00e7\u00e3o t\u00e9cnica que defina o tempo de vida \u00fatil pelo qual o bem ainda poder\u00e1 gerar benef\u00edcios para o ente; e\u00a0<\/strong><\/li><li style=\"font-weight: 400;\" aria-level=\"1\"><strong>Restante do tempo de vida \u00fatil do bem, levando em considera\u00e7\u00e3o a primeira instala\u00e7\u00e3o desse bem.<\/strong><\/li><\/ol><p><b>ATEN\u00c7\u00c3O!!!<\/b><\/p><p><span style=\"font-weight: 400;\">A CONTADORIA-GERAL DO ESTADO, a quem compete expedir normas para a orienta\u00e7\u00e3o e operacionaliza\u00e7\u00e3o dos procedimentos previstos no Decreto n\u00ba 44.489\/2013, publicou a <\/span><a href=\"https:\/\/redelog.rj.gov.br\/redelog\/portaria-cge-179\/\" target=\"_blank\" rel=\"noopener\"><b>Portaria CGE n\u00ba 179, de 27 de mar\u00e7o de 2014<\/b><\/a><span style=\"font-weight: 400;\">, determinando no art. 11-A que o <\/span><b>Demonstrativo da Mensura\u00e7\u00e3o de Bens Patrimoniais <\/b><span style=\"font-weight: 400;\">deve compor a <\/span><b>presta\u00e7\u00e3o de contas <\/b><span style=\"font-weight: 400;\">de Ordenadores de Despesa, conforme modelo constante no <\/span><a href=\"https:\/\/docs.google.com\/document\/d\/1mdXXb-gbr_w_WKo4F_IwnJcB4JcxQjrK\/edit?usp=sharing&amp;ouid=102838065584730663881&amp;rtpof=true&amp;sd=true\"><strong>ANEXO V<\/strong><\/a><span style=\"font-weight: 400;\">, o qual tem o objetivo de auxiliar a referida presta\u00e7\u00e3o de contas com <\/span><b>informa\u00e7\u00f5es detalhadas sobre a deprecia\u00e7\u00e3o acumulada por conta cont\u00e1bil<\/b><span style=\"font-weight: 400;\"> ocorrida no per\u00edodo de apura\u00e7\u00e3o, <\/span><b>demonstrando o valor l\u00edquido cont\u00e1bil dos bens quando do encerramento do exerc\u00edcio<\/b><span style=\"font-weight: 400;\">.<\/span><\/p>\t\t\t\t\t\t\t\t<\/div>\n\t\t\t\t<\/div>\n\t\t\t\t<div class=\"elementor-element elementor-element-c333cbc elementor-widget elementor-widget-heading\" data-id=\"c333cbc\" data-element_type=\"widget\" data-widget_type=\"heading.default\">\n\t\t\t\t<div class=\"elementor-widget-container\">\n\t\t\t\t\t<h2 class=\"elementor-heading-title elementor-size-large\">Bens M\u00f3veis N\u00e3o Sujeitos \u00e0 Deprecia\u00e7\u00e3o<\/h2>\t\t\t\t<\/div>\n\t\t\t\t<\/div>\n\t\t\t\t<div class=\"elementor-element elementor-element-c73b3e2 elementor-widget elementor-widget-text-editor\" data-id=\"c73b3e2\" data-element_type=\"widget\" data-widget_type=\"text-editor.default\">\n\t\t\t\t<div class=\"elementor-widget-container\">\n\t\t\t\t\t\t\t\t\t<p><span style=\"font-weight: 400;\">N\u00e3o est\u00e3o sujeitos ao regime de deprecia\u00e7\u00e3o os <\/span><b>\u00a0<\/b><span style=\"font-weight: 400;\">bens m\u00f3veis de <\/span><b>natureza cultural<\/b><span style=\"font-weight: 400;\">, tais como obras de artes, antiguidades, documentos, bens com <\/span><b>interesse hist\u00f3rico<\/b><span style=\"font-weight: 400;\">, bens integrados em cole\u00e7\u00f5es, entre outros, e <\/span><b>animais<\/b><span style=\"font-weight: 400;\"> que se destinam <\/span><b>\u00e0<\/b> <b>exposi\u00e7\u00e3o e \u00e0 preserva\u00e7\u00e3o<\/b><span style=\"font-weight: 400;\">.<\/span><\/p>\t\t\t\t\t\t\t\t<\/div>\n\t\t\t\t<\/div>\n\t\t\t\t<div class=\"elementor-element elementor-element-27b3049 elementor-widget-divider--view-line elementor-widget elementor-widget-divider\" data-id=\"27b3049\" data-element_type=\"widget\" data-widget_type=\"divider.default\">\n\t\t\t\t<div class=\"elementor-widget-container\">\n\t\t\t\t\t\t\t<div class=\"elementor-divider\">\n\t\t\t<span class=\"elementor-divider-separator\">\n\t\t\t\t\t\t<\/span>\n\t\t<\/div>\n\t\t\t\t\t\t<\/div>\n\t\t\t\t<\/div>\n\t\t\t\t<div class=\"elementor-element elementor-element-8779501 elementor-widget elementor-widget-heading\" data-id=\"8779501\" data-element_type=\"widget\" data-widget_type=\"heading.default\">\n\t\t\t\t<div class=\"elementor-widget-container\">\n\t\t\t\t\t<h2 class=\"elementor-heading-title elementor-size-default\">PERGUNTAS FREQUENTES<\/h2>\t\t\t\t<\/div>\n\t\t\t\t<\/div>\n\t\t\t\t<div class=\"elementor-element elementor-element-56d9705 elementor-widget elementor-widget-toggle\" data-id=\"56d9705\" data-element_type=\"widget\" data-widget_type=\"toggle.default\">\n\t\t\t\t<div class=\"elementor-widget-container\">\n\t\t\t\t\t\t\t<div class=\"elementor-toggle\">\n\t\t\t\t\t\t\t<div class=\"elementor-toggle-item\">\n\t\t\t\t\t<div id=\"elementor-tab-title-9101\" class=\"elementor-tab-title\" data-tab=\"1\" role=\"button\" aria-controls=\"elementor-tab-content-9101\" aria-expanded=\"false\">\n\t\t\t\t\t\t\t\t\t\t\t\t<span class=\"elementor-toggle-icon elementor-toggle-icon-left\" aria-hidden=\"true\">\n\t\t\t\t\t\t\t\t\t\t\t\t\t\t\t<span class=\"elementor-toggle-icon-closed\"><i class=\"fas fa-caret-right\"><\/i><\/span>\n\t\t\t\t\t\t\t\t<span class=\"elementor-toggle-icon-opened\"><i class=\"elementor-toggle-icon-opened fas fa-caret-up\"><\/i><\/span>\n\t\t\t\t\t\t\t\t\t\t\t\t\t<\/span>\n\t\t\t\t\t\t\t\t\t\t\t\t<a class=\"elementor-toggle-title\" tabindex=\"0\">1- Qual a data para efeito do c\u00e1lculo da deprecia\u00e7\u00e3o?<\/a>\n\t\t\t\t\t<\/div>\n\n\t\t\t\t\t<div id=\"elementor-tab-content-9101\" class=\"elementor-tab-content elementor-clearfix\" data-tab=\"1\" role=\"region\" aria-labelledby=\"elementor-tab-title-9101\"><p><span style=\"font-weight: 400;\">De acordo com o artigo 3\u00ba, \u00a71\u00ba, da Portaria n\u00ba 179\/2014, a deprecia\u00e7\u00e3o do bem m\u00f3vel deve iniciar <\/span><span style=\"font-weight: 400;\">quando estiver em condi\u00e7\u00f5es de uso,<\/span><span style=\"font-weight: 400;\">ou seja, quando estiver no local e em condi\u00e7\u00f5es de funcionamento na forma pretendida pela administra\u00e7\u00e3o.<\/span><\/p><\/div>\n\t\t\t\t<\/div>\n\t\t\t\t\t\t\t<div class=\"elementor-toggle-item\">\n\t\t\t\t\t<div id=\"elementor-tab-title-9102\" class=\"elementor-tab-title\" data-tab=\"2\" role=\"button\" aria-controls=\"elementor-tab-content-9102\" aria-expanded=\"false\">\n\t\t\t\t\t\t\t\t\t\t\t\t<span class=\"elementor-toggle-icon elementor-toggle-icon-left\" aria-hidden=\"true\">\n\t\t\t\t\t\t\t\t\t\t\t\t\t\t\t<span class=\"elementor-toggle-icon-closed\"><i class=\"fas fa-caret-right\"><\/i><\/span>\n\t\t\t\t\t\t\t\t<span class=\"elementor-toggle-icon-opened\"><i class=\"elementor-toggle-icon-opened fas fa-caret-up\"><\/i><\/span>\n\t\t\t\t\t\t\t\t\t\t\t\t\t<\/span>\n\t\t\t\t\t\t\t\t\t\t\t\t<a class=\"elementor-toggle-title\" tabindex=\"0\">2- Qual documento deve ser encaminhado ao setor de contabilidade com a informa\u00e7\u00e3o dos valores a serem lan\u00e7ados de deprecia\u00e7\u00e3o?<\/a>\n\t\t\t\t\t<\/div>\n\n\t\t\t\t\t<div id=\"elementor-tab-content-9102\" class=\"elementor-tab-content elementor-clearfix\" data-tab=\"2\" role=\"region\" aria-labelledby=\"elementor-tab-title-9102\"><p style=\"text-align: justify;\"><span style=\"font-weight: 400;\">\u00c9 o relat\u00f3rio que est\u00e1 previsto no artigo 11 da Portaria n\u00ba 179\/2014. <\/span><span style=\"font-weight: 400;\">Pode ser a pr\u00f3pria planilha de deprecia\u00e7\u00e3o, contudo alguns \u00f3rg\u00e3os que possuem muitos bens podem encaminhar somente a primeira folha da planilha que cont\u00e9m as informa\u00e7\u00f5es necess\u00e1rias para o registro cont\u00e1bil. Poder\u00e1 tamb\u00e9m ser elaborado um documento com as informa\u00e7\u00f5es necess\u00e1rias para o registro dos lan\u00e7amentos pela Contabilidade.<\/span><\/p><p style=\"text-align: justify;\"><span style=\"font-weight: 400;\">Recomenda-se que o documento seja devidamente assinado e que seja encaminhado atrav\u00e9s de processo administrativo.<\/span><\/p><\/div>\n\t\t\t\t<\/div>\n\t\t\t\t\t\t\t<div class=\"elementor-toggle-item\">\n\t\t\t\t\t<div id=\"elementor-tab-title-9103\" class=\"elementor-tab-title\" data-tab=\"3\" role=\"button\" aria-controls=\"elementor-tab-content-9103\" aria-expanded=\"false\">\n\t\t\t\t\t\t\t\t\t\t\t\t<span class=\"elementor-toggle-icon elementor-toggle-icon-left\" aria-hidden=\"true\">\n\t\t\t\t\t\t\t\t\t\t\t\t\t\t\t<span class=\"elementor-toggle-icon-closed\"><i class=\"fas fa-caret-right\"><\/i><\/span>\n\t\t\t\t\t\t\t\t<span class=\"elementor-toggle-icon-opened\"><i class=\"elementor-toggle-icon-opened fas fa-caret-up\"><\/i><\/span>\n\t\t\t\t\t\t\t\t\t\t\t\t\t<\/span>\n\t\t\t\t\t\t\t\t\t\t\t\t<a class=\"elementor-toggle-title\" tabindex=\"0\">3- Como devem ser lan\u00e7ados os bens na planilha de deprecia\u00e7\u00e3o de um m\u00eas para o outro?<\/a>\n\t\t\t\t\t<\/div>\n\n\t\t\t\t\t<div id=\"elementor-tab-content-9103\" class=\"elementor-tab-content elementor-clearfix\" data-tab=\"3\" role=\"region\" aria-labelledby=\"elementor-tab-title-9103\"><p style=\"text-align: justify;\"><span style=\"font-weight: 400;\">Inclua todos os bens adquiridos, por exemplo, no m\u00eas de janeiro. Para o pr\u00f3ximo m\u00eas (fevereiro) dever\u00e3o ser transportados todos os bens da planilha anterior e acrescentar os bens do m\u00eas em curso, e assim sucessivamente, al\u00e9m de mensalmente alterar a data para efeito de c\u00e1lculo da deprecia\u00e7\u00e3o.<\/span><\/p><\/div>\n\t\t\t\t<\/div>\n\t\t\t\t\t\t\t\t<\/div>\n\t\t\t\t\t\t<\/div>\n\t\t\t\t<\/div>\n\t\t\t\t<div class=\"elementor-element elementor-element-2a0bf72 elementor-widget-divider--view-line elementor-widget elementor-widget-divider\" data-id=\"2a0bf72\" data-element_type=\"widget\" data-widget_type=\"divider.default\">\n\t\t\t\t<div class=\"elementor-widget-container\">\n\t\t\t\t\t\t\t<div class=\"elementor-divider\">\n\t\t\t<span class=\"elementor-divider-separator\">\n\t\t\t\t\t\t<\/span>\n\t\t<\/div>\n\t\t\t\t\t\t<\/div>\n\t\t\t\t<\/div>\n\t\t\t\t\t<\/div>\n\t\t<\/div>\n\t\t\t\t\t<\/div>\n\t\t<\/section>\n\t\t\t\t<section class=\"elementor-section elementor-top-section elementor-element elementor-element-0c37e64 elementor-section-boxed elementor-section-height-default elementor-section-height-default\" data-id=\"0c37e64\" data-element_type=\"section\">\n\t\t\t\t\t\t<div class=\"elementor-container elementor-column-gap-default\">\n\t\t\t\t\t<div class=\"elementor-column elementor-col-100 elementor-top-column elementor-element elementor-element-1d0e406\" data-id=\"1d0e406\" data-element_type=\"column\">\n\t\t\t<div class=\"elementor-widget-wrap elementor-element-populated\">\n\t\t\t\t\t\t<section class=\"elementor-section elementor-inner-section elementor-element elementor-element-a50c4f6 elementor-section-boxed elementor-section-height-default elementor-section-height-default\" data-id=\"a50c4f6\" data-element_type=\"section\">\n\t\t\t\t\t\t<div class=\"elementor-container elementor-column-gap-default\">\n\t\t\t\t\t<div class=\"elementor-column elementor-col-50 elementor-inner-column elementor-element elementor-element-8f49826\" data-id=\"8f49826\" data-element_type=\"column\">\n\t\t\t<div class=\"elementor-widget-wrap elementor-element-populated\">\n\t\t\t\t\t\t<div class=\"elementor-element elementor-element-be29592 elementor-widget elementor-widget-text-editor\" data-id=\"be29592\" data-element_type=\"widget\" data-widget_type=\"text-editor.default\">\n\t\t\t\t<div class=\"elementor-widget-container\">\n\t\t\t\t\t\t\t\t\t<p style=\"text-align: left;\"><a href=\"http:\/\/redelog.rj.gov.br\/redebens\/inventario\/\">\u2190 INVENT\u00c1RIO<\/a><\/p>\t\t\t\t\t\t\t\t<\/div>\n\t\t\t\t<\/div>\n\t\t\t\t\t<\/div>\n\t\t<\/div>\n\t\t\t\t<div class=\"elementor-column elementor-col-50 elementor-inner-column elementor-element elementor-element-4f0acef\" data-id=\"4f0acef\" data-element_type=\"column\">\n\t\t\t<div class=\"elementor-widget-wrap elementor-element-populated\">\n\t\t\t\t\t\t<div class=\"elementor-element elementor-element-77c7af0 elementor-widget elementor-widget-text-editor\" data-id=\"77c7af0\" data-element_type=\"widget\" data-widget_type=\"text-editor.default\">\n\t\t\t\t<div class=\"elementor-widget-container\">\n\t\t\t\t\t\t\t\t\t<p style=\"text-align: right;\"><a href=\"http:\/\/redelog.rj.gov.br\/redebens\/reavaliacao-de-bens\/\">AVALIA\u00c7\u00c3O<\/a><a href=\"https:\/\/redelog.rj.gov.br\/redebens\/avaliacao-reavaliacao\/\">\/REAVALIA\u00c7\u00c3O\u00a0 \u2192<\/a><\/p>\t\t\t\t\t\t\t\t<\/div>\n\t\t\t\t<\/div>\n\t\t\t\t\t<\/div>\n\t\t<\/div>\n\t\t\t\t\t<\/div>\n\t\t<\/section>\n\t\t\t\t\t<\/div>\n\t\t<\/div>\n\t\t\t\t\t<\/div>\n\t\t<\/section>\n\t\t\t\t<\/div>\n\t\t","protected":false},"excerpt":{"rendered":"<p>Consiste na redu\u00e7\u00e3o do valor cont\u00e1bil dos bens m\u00f3veis, devido ao desgaste ou \u00e0 perda de utilidade por uso, a\u00e7\u00e3o da natureza ou obsolesc\u00eancia. O\u00a0Manual de Contabilidade Aplicada ao Setor P\u00fablico &#8211; 10\u00aa edi\u00e7\u00e3o\u00a0estabelece que a deprecia\u00e7\u00e3o deve ser realizada mensalmente em quotas que representam um duod\u00e9cimo da taxa de deprecia\u00e7\u00e3o anual do bem. Embora [&hellip;]<\/p>\n","protected":false},"author":2,"featured_media":0,"comment_status":"closed","ping_status":"open","sticky":false,"template":"","format":"standard","meta":{"footnotes":""},"categories":[8],"tags":[],"class_list":["post-148","post","type-post","status-publish","format-standard","hentry","category-base-conhecimento"],"publishpress_future_action":{"enabled":false,"date":"2026-05-09 09:39:05","action":"change-status","newStatus":"draft","terms":[],"taxonomy":"category","extraData":[]},"publishpress_future_workflow_manual_trigger":{"enabledWorkflows":[]},"_links":{"self":[{"href":"https:\/\/redelog.rj.gov.br\/redebens\/wp-json\/wp\/v2\/posts\/148","targetHints":{"allow":["GET"]}}],"collection":[{"href":"https:\/\/redelog.rj.gov.br\/redebens\/wp-json\/wp\/v2\/posts"}],"about":[{"href":"https:\/\/redelog.rj.gov.br\/redebens\/wp-json\/wp\/v2\/types\/post"}],"author":[{"embeddable":true,"href":"https:\/\/redelog.rj.gov.br\/redebens\/wp-json\/wp\/v2\/users\/2"}],"replies":[{"embeddable":true,"href":"https:\/\/redelog.rj.gov.br\/redebens\/wp-json\/wp\/v2\/comments?post=148"}],"version-history":[{"count":189,"href":"https:\/\/redelog.rj.gov.br\/redebens\/wp-json\/wp\/v2\/posts\/148\/revisions"}],"predecessor-version":[{"id":8136,"href":"https:\/\/redelog.rj.gov.br\/redebens\/wp-json\/wp\/v2\/posts\/148\/revisions\/8136"}],"wp:attachment":[{"href":"https:\/\/redelog.rj.gov.br\/redebens\/wp-json\/wp\/v2\/media?parent=148"}],"wp:term":[{"taxonomy":"category","embeddable":true,"href":"https:\/\/redelog.rj.gov.br\/redebens\/wp-json\/wp\/v2\/categories?post=148"},{"taxonomy":"post_tag","embeddable":true,"href":"https:\/\/redelog.rj.gov.br\/redebens\/wp-json\/wp\/v2\/tags?post=148"}],"curies":[{"name":"wp","href":"https:\/\/api.w.org\/{rel}","templated":true}]}}