{"id":144,"date":"2022-04-01T16:10:25","date_gmt":"2022-04-01T19:10:25","guid":{"rendered":"http:\/\/redelog.rj.gov.br\/redebens\/?p=144"},"modified":"2025-07-12T18:36:13","modified_gmt":"2025-07-12T21:36:13","slug":"saida-temporaria-de-bens","status":"publish","type":"post","link":"https:\/\/redelog.rj.gov.br\/redebens\/saida-temporaria-de-bens\/","title":{"rendered":"CESS\u00c3O E PERMISS\u00c3O"},"content":{"rendered":"\t\t<div data-elementor-type=\"wp-post\" data-elementor-id=\"144\" class=\"elementor elementor-144\" data-elementor-post-type=\"post\">\n\t\t\t\t\t\t<section class=\"elementor-section elementor-top-section elementor-element elementor-element-8553186 elementor-section-boxed elementor-section-height-default elementor-section-height-default\" data-id=\"8553186\" data-element_type=\"section\">\n\t\t\t\t\t\t<div class=\"elementor-container elementor-column-gap-default\">\n\t\t\t\t\t<div class=\"elementor-column elementor-col-100 elementor-top-column elementor-element elementor-element-17c3448\" data-id=\"17c3448\" data-element_type=\"column\">\n\t\t\t<div class=\"elementor-widget-wrap elementor-element-populated\">\n\t\t\t\t\t\t<div class=\"elementor-element elementor-element-b7da4d9 elementor-widget-divider--view-line elementor-widget elementor-widget-divider\" data-id=\"b7da4d9\" data-element_type=\"widget\" data-widget_type=\"divider.default\">\n\t\t\t\t<div class=\"elementor-widget-container\">\n\t\t\t\t\t\t\t<div class=\"elementor-divider\">\n\t\t\t<span class=\"elementor-divider-separator\">\n\t\t\t\t\t\t<\/span>\n\t\t<\/div>\n\t\t\t\t\t\t<\/div>\n\t\t\t\t<\/div>\n\t\t\t\t<div class=\"elementor-element elementor-element-96868e0 elementor-position-left elementor-vertical-align-middle elementor-widget elementor-widget-image-box\" data-id=\"96868e0\" data-element_type=\"widget\" data-widget_type=\"image-box.default\">\n\t\t\t\t<div class=\"elementor-widget-container\">\n\t\t\t\t\t<div class=\"elementor-image-box-wrapper\"><figure class=\"elementor-image-box-img\"><img fetchpriority=\"high\" decoding=\"async\" width=\"512\" height=\"512\" src=\"https:\/\/redelog.rj.gov.br\/redebens\/wp-content\/uploads\/2022\/05\/Saida-temporaria-1.png\" class=\"attachment-full size-full wp-image-1052\" alt=\"\" srcset=\"https:\/\/redelog.rj.gov.br\/redebens\/wp-content\/uploads\/2022\/05\/Saida-temporaria-1.png 512w, https:\/\/redelog.rj.gov.br\/redebens\/wp-content\/uploads\/2022\/05\/Saida-temporaria-1-300x300.png 300w, https:\/\/redelog.rj.gov.br\/redebens\/wp-content\/uploads\/2022\/05\/Saida-temporaria-1-150x150.png 150w, https:\/\/redelog.rj.gov.br\/redebens\/wp-content\/uploads\/2022\/05\/Saida-temporaria-1-230x230.png 230w, https:\/\/redelog.rj.gov.br\/redebens\/wp-content\/uploads\/2022\/05\/Saida-temporaria-1-400x400.png 400w\" sizes=\"(max-width: 512px) 100vw, 512px\" \/><\/figure><div class=\"elementor-image-box-content\"><p class=\"elementor-image-box-description\">A cess\u00e3o de uso e permiss\u00e3o de uso de bens m\u00f3veis se constitui na <b>transfer\u00eancia da posse e troca de responsabilidade de car\u00e1ter tempor\u00e1rio<\/b>. \n<\/p><\/div><\/div>\t\t\t\t<\/div>\n\t\t\t\t<\/div>\n\t\t\t\t<div class=\"elementor-element elementor-element-1032ed2 elementor-widget elementor-widget-image\" data-id=\"1032ed2\" data-element_type=\"widget\" data-widget_type=\"image.default\">\n\t\t\t\t<div class=\"elementor-widget-container\">\n\t\t\t\t\t\t\t\t\t\t\t\t\t\t\t<img decoding=\"async\" width=\"1024\" height=\"768\" src=\"https:\/\/redelog.rj.gov.br\/redebens\/wp-content\/uploads\/2022\/05\/clock-1702513_1920-1024x768.jpg\" class=\"attachment-large size-large wp-image-1954\" alt=\"\" srcset=\"https:\/\/redelog.rj.gov.br\/redebens\/wp-content\/uploads\/2022\/05\/clock-1702513_1920-1024x768.jpg 1024w, https:\/\/redelog.rj.gov.br\/redebens\/wp-content\/uploads\/2022\/05\/clock-1702513_1920-300x225.jpg 300w, https:\/\/redelog.rj.gov.br\/redebens\/wp-content\/uploads\/2022\/05\/clock-1702513_1920-768x576.jpg 768w, https:\/\/redelog.rj.gov.br\/redebens\/wp-content\/uploads\/2022\/05\/clock-1702513_1920-1536x1152.jpg 1536w, https:\/\/redelog.rj.gov.br\/redebens\/wp-content\/uploads\/2022\/05\/clock-1702513_1920-600x450.jpg 600w, https:\/\/redelog.rj.gov.br\/redebens\/wp-content\/uploads\/2022\/05\/clock-1702513_1920.jpg 1920w\" sizes=\"(max-width: 1024px) 100vw, 1024px\" \/>\t\t\t\t\t\t\t\t\t\t\t\t\t\t\t<\/div>\n\t\t\t\t<\/div>\n\t\t\t\t<div class=\"elementor-element elementor-element-c8afb7e elementor-widget elementor-widget-heading\" data-id=\"c8afb7e\" data-element_type=\"widget\" data-widget_type=\"heading.default\">\n\t\t\t\t<div class=\"elementor-widget-container\">\n\t\t\t\t\t<h2 class=\"elementor-heading-title elementor-size-default\">Cess\u00e3o de Uso <\/h2>\t\t\t\t<\/div>\n\t\t\t\t<\/div>\n\t\t\t\t<div class=\"elementor-element elementor-element-b5219c6 elementor-widget elementor-widget-text-editor\" data-id=\"b5219c6\" data-element_type=\"widget\" data-widget_type=\"text-editor.default\">\n\t\t\t\t<div class=\"elementor-widget-container\">\n\t\t\t\t\t\t\t\t\t<p><span style=\"color: var( --e-global-color-text ); letter-spacing: 0px;\">A cess\u00e3o de uso de bens m\u00f3veis tem como principais <b>caracter\u00edsticas<\/b>:<\/span><\/p><ul><li aria-level=\"1\"><span style=\"font-weight: 400;\">Pode ser <\/span><b>gratuita ou onerosa<\/b><span style=\"font-weight: 400;\">;<\/span><\/li><li aria-level=\"1\"><span style=\"font-weight: 400;\">\u00c9 <\/span><b>limitada \u00e0 vida \u00fatil do bem<\/b><span style=\"font-weight: 400;\"> m\u00f3vel;<\/span><\/li><li style=\"font-weight: 400;\" aria-level=\"1\"><span style=\"font-weight: 400;\">Pode ocorrer entre \u00f3rg\u00e3os da administra\u00e7\u00e3o direta ou entidades da administra\u00e7\u00e3o indireta do Poder Executivo Estadual, ou entre estes e \u00f3rg\u00e3os de quaisquer dos Poderes, do Minist\u00e9rio P\u00fablico, do Tribunal de Contas ou de outra esfera da Federa\u00e7\u00e3o.<\/span><\/li><\/ul><div>OBS: O prazo da cess\u00e3o de uso para obras de arte n\u00e3o est\u00e1 limitado \u00e0 vida \u00fatil do bem m\u00f3vel.<\/div><div>\u00a0<\/div><p><span style=\"font-weight: 400;\">A cess\u00e3o de uso ser\u00e1 <\/span><b>formalizada em processo eletr\u00f4nico no SEI-RJ,<\/b><span style=\"font-weight: 400;\"> do qual conste:<\/span><\/p><p><span style=\"font-weight: 400;\">I &#8211; <\/span><b>documento elaborado pelo interessado na cess\u00e3o<\/b><span style=\"font-weight: 400;\">, do qual dever\u00e3o constar:\u00a0<\/span><\/p><ul><li style=\"font-weight: 400;\" aria-level=\"1\"><span style=\"font-weight: 400;\">descri\u00e7\u00e3o detalhada do bem;<\/span><\/li><li style=\"font-weight: 400;\" aria-level=\"1\"><span style=\"font-weight: 400;\">descri\u00e7\u00e3o detalhada da finalidade que ser\u00e1 dada ao bem cedido;<\/span><\/li><li style=\"font-weight: 400;\" aria-level=\"1\"><span style=\"font-weight: 400;\">solicita\u00e7\u00e3o da posse do bem; e<\/span><\/li><li style=\"font-weight: 400;\" aria-level=\"1\"><span style=\"font-weight: 400;\">justificativa do interesse p\u00fablico para a cess\u00e3o.<\/span><\/li><\/ul><p><span style=\"font-weight: 400;\">II &#8211; <\/span><b>documento elaborado pelo cedente<\/b><span style=\"font-weight: 400;\">, do qual dever\u00e3o constar todos os elementos identificadores do bem m\u00f3vel, tais como:<\/span><\/p><ul><li style=\"font-weight: 400;\" aria-level=\"1\"><span style=\"font-weight: 400;\">descri\u00e7\u00e3o detalhada;<\/span><\/li><li style=\"font-weight: 400;\" aria-level=\"1\"><span style=\"font-weight: 400;\">valor cont\u00e1bil l\u00edquido; e<\/span><\/li><li style=\"font-weight: 400;\" aria-level=\"1\"><span style=\"font-weight: 400;\">data da entrega.<\/span><\/li><\/ul><p><span style=\"font-weight: 400;\">III &#8211; o <\/span><b>termo de cess\u00e3o de uso<\/b><span style=\"font-weight: 400;\"> que dever\u00e1 ser <\/span><b>assinado pelo <\/b><span style=\"font-weight: 400;\">dirigente do \u00f3rg\u00e3o ou entidade no qual o bem m\u00f3vel esteja incorporado, na figura do <\/span><b>cedente<\/b><span style=\"font-weight: 400;\">, <\/span><b>e<\/b> <b>pelo <\/b><span style=\"font-weight: 400;\">dirigente do \u00f3rg\u00e3o ou entidade destinat\u00e1rio dos bens, na qualidade de <\/span><b>cession\u00e1rio.<\/b><\/p><p><span style=\"color: var( --e-global-color-text ); letter-spacing: 0px;\">O registro cont\u00e1bil<\/span><span style=\"color: var( --e-global-color-text ); letter-spacing: 0px;\"> dos bens objeto de Cess\u00e3o devem atender \u00e0s instru\u00e7\u00f5es elaboradas pelo \u00d3rg\u00e3o Central de Contabilidade do Estado do Rio de Janeiro, conforme <\/span><span style=\"color: var( --e-global-color-text ); letter-spacing: 0px;\">disposto<\/span>\u00a0na\u00a0<strong><a href=\"https:\/\/drive.google.com\/file\/d\/1-xqKbiToiHpKDMsN878kS6tntEbFhBGT\/view?usp=drive_link\">CI SUNOT SEI N\u00ba 007 2019 &#8211; Cess\u00e3o de Bens M\u00f3veis e Im\u00f3veis INTRA &#8211; IPC 12<\/a><\/strong>.<\/p>\t\t\t\t\t\t\t\t<\/div>\n\t\t\t\t<\/div>\n\t\t\t\t<div class=\"elementor-element elementor-element-cf4fa90 elementor-widget elementor-widget-heading\" data-id=\"cf4fa90\" data-element_type=\"widget\" data-widget_type=\"heading.default\">\n\t\t\t\t<div class=\"elementor-widget-container\">\n\t\t\t\t\t<h2 class=\"elementor-heading-title elementor-size-default\">Permiss\u00e3o de Uso <\/h2>\t\t\t\t<\/div>\n\t\t\t\t<\/div>\n\t\t\t\t<div class=\"elementor-element elementor-element-820725e elementor-widget elementor-widget-text-editor\" data-id=\"820725e\" data-element_type=\"widget\" data-widget_type=\"text-editor.default\">\n\t\t\t\t<div class=\"elementor-widget-container\">\n\t\t\t\t\t\t\t\t\t<p><span style=\"color: var( --e-global-color-text ); letter-spacing: 0px;\">\u00c9 um ato administrativo unilateral, gratuito ou oneroso, pelo qual <\/span><b style=\"color: var( --e-global-color-text ); letter-spacing: 0px;\">a administra\u00e7\u00e3o p\u00fablica faculta a utiliza\u00e7\u00e3o privada de bens m\u00f3veis p\u00fablicos<\/b><span style=\"color: var( --e-global-color-text ); letter-spacing: 0px;\">, para fins de interesse p\u00fablico.<\/span><\/p><p><span style=\"font-weight: 400;\">A permiss\u00e3o de uso ser\u00e1 <\/span><b>formalizada em processo eletr\u00f4nico no SEI-RJ<\/b><span style=\"font-weight: 400;\"> no qual conste:<\/span><\/p><p><span style=\"font-weight: 400;\">I &#8211; <\/span><b>parecer t\u00e9cnico<\/b><span style=\"font-weight: 400;\"> do \u00f3rg\u00e3o ou entidade permitente, <\/span><b>motivando a permiss\u00e3o<\/b><span style=\"font-weight: 400;\">;<\/span><\/p><p><span style=\"font-weight: 400;\">II &#8211; <\/span><b>termo de permiss\u00e3o de uso<\/b><span style=\"font-weight: 400;\"> elaborado pelo interessado na permiss\u00e3o, devidamente justificado, solicitando a posse do bem m\u00f3vel e a sua destina\u00e7\u00e3o, <\/span><b>assinado pelo permitente e pelo permission\u00e1rio<\/b><span style=\"font-weight: 400;\">.<\/span><\/p><p><span style=\"font-weight: 400;\">A permiss\u00e3o de uso do bem m\u00f3vel <\/span><b>s\u00f3 \u00e9 permitida<\/b><span style=\"font-weight: 400;\">:<\/span><\/p><ul><li><p>\u00e0 <strong>pessoa f\u00edsica ou jur\u00eddica de direito privado<\/strong>, cujo fim principal consista em atividades de <strong>assist\u00eancia social<\/strong>, de <strong>amparo \u00e0 educa\u00e7\u00e3o<\/strong> ou outras de<strong> relevante interesse social<\/strong>;<\/p><\/li><li><b> mediante autoriza\u00e7\u00e3o do governador<\/b><span style=\"font-weight: 400;\">.<\/span><\/li><\/ul><p>A seguir, disponibilizamos as minutas-padr\u00e3o da PGE-RJ dos Termos de Cess\u00e3o e Permiss\u00e3o de uso:<\/p>\t\t\t\t\t\t\t\t<\/div>\n\t\t\t\t<\/div>\n\t\t\t\t<div class=\"elementor-element elementor-element-1a97e2d elementor-widget elementor-widget-heading\" data-id=\"1a97e2d\" data-element_type=\"widget\" data-widget_type=\"heading.default\">\n\t\t\t\t<div class=\"elementor-widget-container\">\n\t\t\t\t\t<h2 class=\"elementor-heading-title elementor-size-default\"><a href=\"https:\/\/redelog.rj.gov.br\/redebens\/wp-content\/uploads\/2025\/07\/Minuta_Padrao_PG_15__Cessao_de_Bens_Moveis___vf_GVL_25.04-1.docx\" target=\"_blank\">Minuta-padr\u00e3o Termo de Cess\u00e3o de Uso<\/a><\/h2>\t\t\t\t<\/div>\n\t\t\t\t<\/div>\n\t\t\t\t<div class=\"elementor-element elementor-element-c26cfaa elementor-widget elementor-widget-image\" data-id=\"c26cfaa\" data-element_type=\"widget\" data-widget_type=\"image.default\">\n\t\t\t\t<div class=\"elementor-widget-container\">\n\t\t\t\t\t\t\t\t\t\t\t\t\t\t\t\t<a href=\"https:\/\/redelog.rj.gov.br\/redebens\/wp-content\/uploads\/2025\/07\/Minuta_Padrao_PG_15__Cessao_de_Bens_Moveis___vf_GVL_25.04-1.docx\" target=\"_blank\">\n\t\t\t\t\t\t\t<img decoding=\"async\" width=\"150\" height=\"150\" src=\"https:\/\/redelog.rj.gov.br\/redebens\/wp-content\/uploads\/2022\/05\/word-150x150.png\" class=\"attachment-thumbnail size-thumbnail wp-image-979\" alt=\"\" \/>\t\t\t\t\t\t\t\t<\/a>\n\t\t\t\t\t\t\t\t\t\t\t\t\t\t\t<\/div>\n\t\t\t\t<\/div>\n\t\t\t\t<div class=\"elementor-element elementor-element-f9257e4 elementor-widget elementor-widget-heading\" data-id=\"f9257e4\" data-element_type=\"widget\" data-widget_type=\"heading.default\">\n\t\t\t\t<div class=\"elementor-widget-container\">\n\t\t\t\t\t<h2 class=\"elementor-heading-title elementor-size-default\"><a href=\"https:\/\/redelog.rj.gov.br\/redebens\/wp-content\/uploads\/2025\/07\/Minuta_Padrao_PG_15__Permissao_de_Bens_Moveis___vf_GVL_25.04-1.docx\" target=\"_blank\">Minuta-padr\u00e3o Termo de Permiss\u00e3o de Uso<\/a><\/h2>\t\t\t\t<\/div>\n\t\t\t\t<\/div>\n\t\t\t\t<div class=\"elementor-element elementor-element-6acd681 elementor-widget elementor-widget-image\" data-id=\"6acd681\" data-element_type=\"widget\" data-widget_type=\"image.default\">\n\t\t\t\t<div class=\"elementor-widget-container\">\n\t\t\t\t\t\t\t\t\t\t\t\t\t\t\t\t<a href=\"https:\/\/redelog.rj.gov.br\/redebens\/wp-content\/uploads\/2025\/07\/Minuta_Padrao_PG_15__Permissao_de_Bens_Moveis___vf_GVL_25.04-1.docx\" target=\"_blank\">\n\t\t\t\t\t\t\t<img decoding=\"async\" width=\"150\" height=\"150\" src=\"https:\/\/redelog.rj.gov.br\/redebens\/wp-content\/uploads\/2022\/05\/word-150x150.png\" class=\"attachment-thumbnail size-thumbnail wp-image-979\" alt=\"\" \/>\t\t\t\t\t\t\t\t<\/a>\n\t\t\t\t\t\t\t\t\t\t\t\t\t\t\t<\/div>\n\t\t\t\t<\/div>\n\t\t\t\t<div class=\"elementor-element elementor-element-3e3e25f elementor-widget-divider--view-line elementor-widget elementor-widget-divider\" data-id=\"3e3e25f\" data-element_type=\"widget\" data-widget_type=\"divider.default\">\n\t\t\t\t<div class=\"elementor-widget-container\">\n\t\t\t\t\t\t\t<div class=\"elementor-divider\">\n\t\t\t<span class=\"elementor-divider-separator\">\n\t\t\t\t\t\t<\/span>\n\t\t<\/div>\n\t\t\t\t\t\t<\/div>\n\t\t\t\t<\/div>\n\t\t\t\t<div class=\"elementor-element elementor-element-7d07212 elementor-widget elementor-widget-heading\" data-id=\"7d07212\" data-element_type=\"widget\" data-widget_type=\"heading.default\">\n\t\t\t\t<div class=\"elementor-widget-container\">\n\t\t\t\t\t<h2 class=\"elementor-heading-title elementor-size-default\">PERGUNTAS FREQUENTES<\/h2>\t\t\t\t<\/div>\n\t\t\t\t<\/div>\n\t\t\t\t<div class=\"elementor-element elementor-element-47ff571 elementor-widget elementor-widget-toggle\" data-id=\"47ff571\" data-element_type=\"widget\" data-widget_type=\"toggle.default\">\n\t\t\t\t<div class=\"elementor-widget-container\">\n\t\t\t\t\t\t\t<div class=\"elementor-toggle\">\n\t\t\t\t\t\t\t<div class=\"elementor-toggle-item\">\n\t\t\t\t\t<div id=\"elementor-tab-title-7541\" class=\"elementor-tab-title\" data-tab=\"1\" role=\"button\" aria-controls=\"elementor-tab-content-7541\" aria-expanded=\"false\">\n\t\t\t\t\t\t\t\t\t\t\t\t<span class=\"elementor-toggle-icon elementor-toggle-icon-left\" aria-hidden=\"true\">\n\t\t\t\t\t\t\t\t\t\t\t\t\t\t\t<span class=\"elementor-toggle-icon-closed\"><i class=\"fas fa-caret-right\"><\/i><\/span>\n\t\t\t\t\t\t\t\t<span class=\"elementor-toggle-icon-opened\"><i class=\"elementor-toggle-icon-opened fas fa-caret-up\"><\/i><\/span>\n\t\t\t\t\t\t\t\t\t\t\t\t\t<\/span>\n\t\t\t\t\t\t\t\t\t\t\t\t<a class=\"elementor-toggle-title\" tabindex=\"0\">1- Qual a diferen\u00e7a entre cess\u00e3o de uso e doa\u00e7\u00e3o?<\/a>\n\t\t\t\t\t<\/div>\n\n\t\t\t\t\t<div id=\"elementor-tab-content-7541\" class=\"elementor-tab-content elementor-clearfix\" data-tab=\"1\" role=\"region\" aria-labelledby=\"elementor-tab-title-7541\"><p style=\"text-align: justify;\">A principal diferen\u00e7a \u00e9 que na doa\u00e7\u00e3o h\u00e1 tamb\u00e9m a mudan\u00e7a de titularidade do bem e n\u00e3o apenas da posse, como ocorre na cess\u00e3o. Na pr\u00e1tica, no que toca \u00e0 gest\u00e3o de bens, a doa\u00e7\u00e3o \u00e9 mais efetiva ao setorial, pois dessa forma cessa sua responsabilidade no controle, gest\u00e3o e presta\u00e7\u00e3o de contas sobre os bens, uma vez que a doa\u00e7\u00e3o enseja a baixa dos bens doados.<\/p><\/div>\n\t\t\t\t<\/div>\n\t\t\t\t\t\t\t\t<\/div>\n\t\t\t\t\t\t<\/div>\n\t\t\t\t<\/div>\n\t\t\t\t<div class=\"elementor-element elementor-element-d626997 elementor-widget-divider--view-line elementor-widget elementor-widget-divider\" data-id=\"d626997\" data-element_type=\"widget\" data-widget_type=\"divider.default\">\n\t\t\t\t<div class=\"elementor-widget-container\">\n\t\t\t\t\t\t\t<div class=\"elementor-divider\">\n\t\t\t<span class=\"elementor-divider-separator\">\n\t\t\t\t\t\t<\/span>\n\t\t<\/div>\n\t\t\t\t\t\t<\/div>\n\t\t\t\t<\/div>\n\t\t\t\t\t<\/div>\n\t\t<\/div>\n\t\t\t\t\t<\/div>\n\t\t<\/section>\n\t\t\t\t<section class=\"elementor-section elementor-top-section elementor-element elementor-element-25417ee elementor-section-boxed elementor-section-height-default elementor-section-height-default\" data-id=\"25417ee\" data-element_type=\"section\">\n\t\t\t\t\t\t<div class=\"elementor-container elementor-column-gap-default\">\n\t\t\t\t\t<div class=\"elementor-column elementor-col-100 elementor-top-column elementor-element elementor-element-c56dfeb\" data-id=\"c56dfeb\" data-element_type=\"column\">\n\t\t\t<div class=\"elementor-widget-wrap elementor-element-populated\">\n\t\t\t\t\t\t<section class=\"elementor-section elementor-inner-section elementor-element elementor-element-057b91c elementor-section-boxed elementor-section-height-default elementor-section-height-default\" data-id=\"057b91c\" data-element_type=\"section\">\n\t\t\t\t\t\t<div class=\"elementor-container elementor-column-gap-default\">\n\t\t\t\t\t<div class=\"elementor-column elementor-col-50 elementor-inner-column elementor-element elementor-element-2ddcb5d\" data-id=\"2ddcb5d\" data-element_type=\"column\">\n\t\t\t<div class=\"elementor-widget-wrap elementor-element-populated\">\n\t\t\t\t\t\t<div class=\"elementor-element elementor-element-e1c4ef9 elementor-widget elementor-widget-text-editor\" data-id=\"e1c4ef9\" data-element_type=\"widget\" data-widget_type=\"text-editor.default\">\n\t\t\t\t<div class=\"elementor-widget-container\">\n\t\t\t\t\t\t\t\t\t<p style=\"text-align: left;\"><a href=\"https:\/\/redelog.rj.gov.br\/redebens\/movimentacao\/\">\u2190 MOVIMENTA\u00c7\u00c3O<\/a><\/p>\t\t\t\t\t\t\t\t<\/div>\n\t\t\t\t<\/div>\n\t\t\t\t\t<\/div>\n\t\t<\/div>\n\t\t\t\t<div class=\"elementor-column elementor-col-50 elementor-inner-column elementor-element elementor-element-10b05bb\" data-id=\"10b05bb\" data-element_type=\"column\">\n\t\t\t<div class=\"elementor-widget-wrap elementor-element-populated\">\n\t\t\t\t\t\t<div class=\"elementor-element elementor-element-b415da8 elementor-widget elementor-widget-text-editor\" data-id=\"b415da8\" data-element_type=\"widget\" data-widget_type=\"text-editor.default\">\n\t\t\t\t<div class=\"elementor-widget-container\">\n\t\t\t\t\t\t\t\t\t<p style=\"text-align: right;\"><a href=\"https:\/\/redelog.rj.gov.br\/redebens\/inventario-2\/\">INVENT\u00c1RIO \u2192<\/a><\/p>\t\t\t\t\t\t\t\t<\/div>\n\t\t\t\t<\/div>\n\t\t\t\t\t<\/div>\n\t\t<\/div>\n\t\t\t\t\t<\/div>\n\t\t<\/section>\n\t\t\t\t\t<\/div>\n\t\t<\/div>\n\t\t\t\t\t<\/div>\n\t\t<\/section>\n\t\t\t\t<\/div>\n\t\t","protected":false},"excerpt":{"rendered":"<p>A cess\u00e3o de uso e permiss\u00e3o de uso de bens m\u00f3veis se constitui na transfer\u00eancia da posse e troca de responsabilidade de car\u00e1ter tempor\u00e1rio. Cess\u00e3o de Uso A cess\u00e3o de uso de bens m\u00f3veis tem como principais caracter\u00edsticas: Pode ser gratuita ou onerosa; \u00c9 limitada \u00e0 vida \u00fatil do bem m\u00f3vel; Pode ocorrer entre \u00f3rg\u00e3os [&hellip;]<\/p>\n","protected":false},"author":2,"featured_media":0,"comment_status":"closed","ping_status":"open","sticky":false,"template":"","format":"standard","meta":{"footnotes":""},"categories":[8],"tags":[],"class_list":["post-144","post","type-post","status-publish","format-standard","hentry","category-base-conhecimento"],"publishpress_future_action":{"enabled":false,"date":"2026-05-09 09:44:57","action":"change-status","newStatus":"draft","terms":[],"taxonomy":"category","extraData":[]},"publishpress_future_workflow_manual_trigger":{"enabledWorkflows":[]},"_links":{"self":[{"href":"https:\/\/redelog.rj.gov.br\/redebens\/wp-json\/wp\/v2\/posts\/144","targetHints":{"allow":["GET"]}}],"collection":[{"href":"https:\/\/redelog.rj.gov.br\/redebens\/wp-json\/wp\/v2\/posts"}],"about":[{"href":"https:\/\/redelog.rj.gov.br\/redebens\/wp-json\/wp\/v2\/types\/post"}],"author":[{"embeddable":true,"href":"https:\/\/redelog.rj.gov.br\/redebens\/wp-json\/wp\/v2\/users\/2"}],"replies":[{"embeddable":true,"href":"https:\/\/redelog.rj.gov.br\/redebens\/wp-json\/wp\/v2\/comments?post=144"}],"version-history":[{"count":226,"href":"https:\/\/redelog.rj.gov.br\/redebens\/wp-json\/wp\/v2\/posts\/144\/revisions"}],"predecessor-version":[{"id":8364,"href":"https:\/\/redelog.rj.gov.br\/redebens\/wp-json\/wp\/v2\/posts\/144\/revisions\/8364"}],"wp:attachment":[{"href":"https:\/\/redelog.rj.gov.br\/redebens\/wp-json\/wp\/v2\/media?parent=144"}],"wp:term":[{"taxonomy":"category","embeddable":true,"href":"https:\/\/redelog.rj.gov.br\/redebens\/wp-json\/wp\/v2\/categories?post=144"},{"taxonomy":"post_tag","embeddable":true,"href":"https:\/\/redelog.rj.gov.br\/redebens\/wp-json\/wp\/v2\/tags?post=144"}],"curies":[{"name":"wp","href":"https:\/\/api.w.org\/{rel}","templated":true}]}}