{"id":130,"date":"2022-04-01T16:02:38","date_gmt":"2022-04-01T19:02:38","guid":{"rendered":"http:\/\/redelog.rj.gov.br\/redebens\/?p=130"},"modified":"2025-02-13T15:55:00","modified_gmt":"2025-02-13T18:55:00","slug":"sobre-a-redebens","status":"publish","type":"post","link":"https:\/\/redelog.rj.gov.br\/redebens\/sobre-a-redebens\/","title":{"rendered":"SOBRE A REDEBENS"},"content":{"rendered":"\t\t<div data-elementor-type=\"wp-post\" data-elementor-id=\"130\" class=\"elementor elementor-130\" data-elementor-post-type=\"post\">\n\t\t\t\t\t\t<section class=\"elementor-section elementor-top-section elementor-element elementor-element-a6adec5 elementor-section-boxed elementor-section-height-default elementor-section-height-default\" data-id=\"a6adec5\" data-element_type=\"section\">\n\t\t\t\t\t\t<div class=\"elementor-container elementor-column-gap-default\">\n\t\t\t\t\t<div class=\"elementor-column elementor-col-100 elementor-top-column elementor-element elementor-element-1a94158\" data-id=\"1a94158\" data-element_type=\"column\">\n\t\t\t<div class=\"elementor-widget-wrap elementor-element-populated\">\n\t\t\t\t\t\t<div class=\"elementor-element elementor-element-c5d3a4f elementor-widget-divider--view-line elementor-widget elementor-widget-divider\" data-id=\"c5d3a4f\" data-element_type=\"widget\" data-widget_type=\"divider.default\">\n\t\t\t\t<div class=\"elementor-widget-container\">\n\t\t\t\t\t\t\t<div class=\"elementor-divider\">\n\t\t\t<span class=\"elementor-divider-separator\">\n\t\t\t\t\t\t<\/span>\n\t\t<\/div>\n\t\t\t\t\t\t<\/div>\n\t\t\t\t<\/div>\n\t\t\t\t<div class=\"elementor-element elementor-element-62a00c6 elementor-widget elementor-widget-image\" data-id=\"62a00c6\" data-element_type=\"widget\" data-widget_type=\"image.default\">\n\t\t\t\t<div class=\"elementor-widget-container\">\n\t\t\t\t\t\t\t\t\t\t\t\t\t\t\t<img decoding=\"async\" width=\"198\" height=\"193\" src=\"https:\/\/redelog.rj.gov.br\/redebens\/wp-content\/uploads\/2022\/04\/Redebens2.jpg\" class=\"attachment-large size-large wp-image-460\" alt=\"\" \/>\t\t\t\t\t\t\t\t\t\t\t\t\t\t\t<\/div>\n\t\t\t\t<\/div>\n\t\t\t\t\t<\/div>\n\t\t<\/div>\n\t\t\t\t\t<\/div>\n\t\t<\/section>\n\t\t\t\t<section class=\"elementor-section elementor-top-section elementor-element elementor-element-2d7265e elementor-section-boxed elementor-section-height-default elementor-section-height-default\" data-id=\"2d7265e\" data-element_type=\"section\">\n\t\t\t\t\t\t<div class=\"elementor-container elementor-column-gap-default\">\n\t\t\t\t\t<div class=\"elementor-column elementor-col-100 elementor-top-column elementor-element elementor-element-7f16ae3\" data-id=\"7f16ae3\" data-element_type=\"column\">\n\t\t\t<div class=\"elementor-widget-wrap elementor-element-populated\">\n\t\t\t\t\t\t<div class=\"elementor-element elementor-element-8e342a8 elementor-widget elementor-widget-text-editor\" data-id=\"8e342a8\" data-element_type=\"widget\" data-widget_type=\"text-editor.default\">\n\t\t\t\t<div class=\"elementor-widget-container\">\n\t\t\t\t\t\t\t\t\t<p>A Rede de Gestores de Bens M\u00f3veis \u2013 Redebens foi institu\u00edda como rede de gest\u00e3o descentralizada pelo <strong><a href=\"https:\/\/leisestaduais.com.br\/rj\/decreto-n-45171-2015-rio-de-janeiro-cria-sem-aumento-de-despesas-rede-de-gestores-de-bens-moveis-integrantes-do-patrimonio-publico-do-poder-executivo-do-estado-do-rio-de-janeiro-redebens-e-da-outras-providencias?q=45171&amp;origin=instituicao#\" target=\"_blank\" rel=\"noopener\">Decreto n\u00ba 45.171, de 04 de mar\u00e7o de 2015<\/a><\/strong>. Com o advento da Rede Log\u00edstica \u2013 REDELOG, as antigas redes de gest\u00e3o descentralizada deveriam ser substitu\u00eddas pelas novas Redes Funcionais da REDELOG. Assim, o Decreto n\u00ba 45.171\/2015 foi revogado pelo <a href=\"https:\/\/leisestaduais.com.br\/rj\/decreto-n-46050-2017-rio-de-janeiro-cria-sem-aumento-de-despesa-a-rede-logistica-do-poder-executivo-do-estado-do-rio-de-janeiro-redelog-e-da-outras-providencias?q=46.050&amp;origin=instituicao#\" target=\"_blank\" rel=\"noopener\"><strong>Decreto n\u00ba 46.050, de 26 de julho de 2017<\/strong><\/a>, alterado pelo <a href=\"https:\/\/leisestaduais.com.br\/rj\/decreto-n-48178-2022-rio-de-janeiro-altera-o-decreto-no-46-050-de-26-de-julho-de-2017?q=48.178&amp;origin=instituicao#\" target=\"_blank\" rel=\"noopener\"><strong>Decreto n\u00ba 48.178, de 15 de agosto de 2022<\/strong><\/a>, e foi publicada a <a href=\"https:\/\/redelog.rj.gov.br\/redelog\/resolucao-seplag-no-151-de-16-de-agosto-de-2022\/\" target=\"_blank\" rel=\"noopener\"><strong>Resolu\u00e7\u00e3o SEPLAG n\u00ba 151, de 16 de agosto de 2022<\/strong><\/a>, que institui a Rede Funcional de Gestores de Bens M\u00f3veis \u2013 Redebens.<\/p><p>A Redebens tem como objetivo integrar os servidores que desempenham fun\u00e7\u00f5es relacionadas \u00e0 gest\u00e3o de bens m\u00f3veis no \u00e2mbito dos \u00d3rg\u00e3os e Entidades do Poder Executivo do Estado do Rio de Janeiro.<\/p><p>S\u00e3o profissionais que desempenham as atividades de ingresso, incorpora\u00e7\u00e3o, movimenta\u00e7\u00e3o, invent\u00e1rio, avalia\u00e7\u00e3o, reavalia\u00e7\u00e3o e desfazimento de bens m\u00f3veis, al\u00e9m da elabora\u00e7\u00e3o de documentos que comp\u00f5em a presta\u00e7\u00e3o de contas relativas ao patrim\u00f4nio m\u00f3vel dos \u00f3rg\u00e3os e entidades.<\/p><p>A fim de integrar os gestores nessa rede de relacionamento, foram disponibilizados os seguintes meios de comunica\u00e7\u00e3o: e-mail, telefone, reuni\u00f5es online e presenciais, grupo de whatsapp e p\u00e1gina no instagram. Atrav\u00e9s desses canais, podem ser \u00a0trocadas informa\u00e7\u00f5es e experi\u00eancias entre os \u00f3rg\u00e3os e entidades executores das pr\u00e1ticas administrativas e disseminadas as boas pr\u00e1ticas de gest\u00e3o, al\u00e9m de facilitar o acesso \u00e0s informa\u00e7\u00f5es elaboradas pelo \u00f3rg\u00e3o central, referentes: \u00e0 padroniza\u00e7\u00e3o dos procedimentos relativos \u00e0s atividades; aos esclarecimentos, por meio de orienta\u00e7\u00e3o normativa fundamentada no <strong><a href=\"https:\/\/leisestaduais.com.br\/rj\/decreto-n-49289-2024-rio-de-janeiro-regulamenta-a-gestao-dos-bens-moveis-no-ambito-do-poder-executivo-do-estado-o-rio-de-janeiro?q=49289&amp;origin=instituicao#\" target=\"_blank\" rel=\"noopener\">Decreto n\u00ba 49.289\/2024<\/a><\/strong>; e \u00e0s capacita\u00e7\u00f5es elaboradas para os gestores de bens m\u00f3veis e demais servidores que atuam na gest\u00e3o de bens m\u00f3veis no Poder Executivo do Estado.<\/p>\t\t\t\t\t\t\t\t<\/div>\n\t\t\t\t<\/div>\n\t\t\t\t\t<\/div>\n\t\t<\/div>\n\t\t\t\t\t<\/div>\n\t\t<\/section>\n\t\t\t\t<section class=\"elementor-section elementor-top-section elementor-element elementor-element-16ae6c3 elementor-section-boxed elementor-section-height-default elementor-section-height-default\" data-id=\"16ae6c3\" data-element_type=\"section\">\n\t\t\t\t\t\t<div class=\"elementor-container elementor-column-gap-default\">\n\t\t\t\t\t<div class=\"elementor-column elementor-col-100 elementor-top-column elementor-element elementor-element-8190bdf\" data-id=\"8190bdf\" data-element_type=\"column\">\n\t\t\t<div class=\"elementor-widget-wrap elementor-element-populated\">\n\t\t\t\t\t\t<div class=\"elementor-element elementor-element-0c0884b elementor-align-center elementor-list-item-link-inline elementor-icon-list--layout-traditional elementor-widget elementor-widget-icon-list\" data-id=\"0c0884b\" data-element_type=\"widget\" data-widget_type=\"icon-list.default\">\n\t\t\t\t<div class=\"elementor-widget-container\">\n\t\t\t\t\t\t\t<ul class=\"elementor-icon-list-items\">\n\t\t\t\t\t\t\t<li class=\"elementor-icon-list-item\">\n\t\t\t\t\t\t\t\t\t\t\t<span class=\"elementor-icon-list-icon\">\n\t\t\t\t\t\t\t<i aria-hidden=\"true\" class=\"fas fa-phone-alt\"><\/i>\t\t\t\t\t\t<\/span>\n\t\t\t\t\t\t\t\t\t\t<span class=\"elementor-icon-list-text\">(21) 2333 3398<\/span>\n\t\t\t\t\t\t\t\t\t<\/li>\n\t\t\t\t\t\t\t\t<li class=\"elementor-icon-list-item\">\n\t\t\t\t\t\t\t\t\t\t\t<a href=\"mailto:%20redebens@planejamento.rj.gov.br\">\n\n\t\t\t\t\t\t\t\t\t\t\t\t<span class=\"elementor-icon-list-icon\">\n\t\t\t\t\t\t\t<i aria-hidden=\"true\" class=\"far fa-envelope\"><\/i>\t\t\t\t\t\t<\/span>\n\t\t\t\t\t\t\t\t\t\t<span class=\"elementor-icon-list-text\">redebens@planejamento.rj.gov.br<\/span>\n\t\t\t\t\t\t\t\t\t\t\t<\/a>\n\t\t\t\t\t\t\t\t\t<\/li>\n\t\t\t\t\t\t\t\t<li class=\"elementor-icon-list-item\">\n\t\t\t\t\t\t\t\t\t\t\t<span class=\"elementor-icon-list-icon\">\n\t\t\t\t\t\t\t<i aria-hidden=\"true\" class=\"fab fa-whatsapp-square\"><\/i>\t\t\t\t\t\t<\/span>\n\t\t\t\t\t\t\t\t\t\t<span class=\"elementor-icon-list-text\">grupo whatsapp (solicite a inclus\u00e3o por e-mail)<\/span>\n\t\t\t\t\t\t\t\t\t<\/li>\n\t\t\t\t\t\t\t\t<li class=\"elementor-icon-list-item\">\n\t\t\t\t\t\t\t\t\t\t\t<span class=\"elementor-icon-list-icon\">\n\t\t\t\t\t\t\t<i aria-hidden=\"true\" class=\"fab fa-instagram\"><\/i>\t\t\t\t\t\t<\/span>\n\t\t\t\t\t\t\t\t\t\t<span class=\"elementor-icon-list-text\">@redebensrj<\/span>\n\t\t\t\t\t\t\t\t\t<\/li>\n\t\t\t\t\t\t<\/ul>\n\t\t\t\t\t\t<\/div>\n\t\t\t\t<\/div>\n\t\t\t\t\t<\/div>\n\t\t<\/div>\n\t\t\t\t\t<\/div>\n\t\t<\/section>\n\t\t\t\t<section class=\"elementor-section elementor-top-section elementor-element elementor-element-0d4e5d3 elementor-section-boxed elementor-section-height-default elementor-section-height-default\" data-id=\"0d4e5d3\" data-element_type=\"section\">\n\t\t\t\t\t\t<div class=\"elementor-container elementor-column-gap-default\">\n\t\t\t\t\t<div class=\"elementor-column elementor-col-100 elementor-top-column elementor-element elementor-element-310532a\" data-id=\"310532a\" data-element_type=\"column\">\n\t\t\t<div class=\"elementor-widget-wrap elementor-element-populated\">\n\t\t\t\t\t\t<div class=\"elementor-element elementor-element-6bda823 elementor-widget-divider--view-line elementor-widget elementor-widget-divider\" data-id=\"6bda823\" data-element_type=\"widget\" data-widget_type=\"divider.default\">\n\t\t\t\t<div class=\"elementor-widget-container\">\n\t\t\t\t\t\t\t<div class=\"elementor-divider\">\n\t\t\t<span class=\"elementor-divider-separator\">\n\t\t\t\t\t\t<\/span>\n\t\t<\/div>\n\t\t\t\t\t\t<\/div>\n\t\t\t\t<\/div>\n\t\t\t\t\t<\/div>\n\t\t<\/div>\n\t\t\t\t\t<\/div>\n\t\t<\/section>\n\t\t\t\t<\/div>\n\t\t","protected":false},"excerpt":{"rendered":"<p>A Rede de Gestores de Bens M\u00f3veis \u2013 Redebens foi institu\u00edda como rede de gest\u00e3o descentralizada pelo Decreto n\u00ba 45.171, de 04 de mar\u00e7o de 2015. Com o advento da Rede Log\u00edstica \u2013 REDELOG, as antigas redes de gest\u00e3o descentralizada deveriam ser substitu\u00eddas pelas novas Redes Funcionais da REDELOG. Assim, o Decreto n\u00ba 45.171\/2015 foi [&hellip;]<\/p>\n","protected":false},"author":2,"featured_media":0,"comment_status":"closed","ping_status":"open","sticky":false,"template":"","format":"standard","meta":{"footnotes":""},"categories":[11,1],"tags":[],"class_list":["post-130","post","type-post","status-publish","format-standard","hentry","category-rede_bens","category-sem-categoria"],"publishpress_future_action":{"enabled":false,"date":"2026-05-09 09:39:04","action":"change-status","newStatus":"draft","terms":[],"taxonomy":"category","extraData":[]},"publishpress_future_workflow_manual_trigger":{"enabledWorkflows":[]},"_links":{"self":[{"href":"https:\/\/redelog.rj.gov.br\/redebens\/wp-json\/wp\/v2\/posts\/130","targetHints":{"allow":["GET"]}}],"collection":[{"href":"https:\/\/redelog.rj.gov.br\/redebens\/wp-json\/wp\/v2\/posts"}],"about":[{"href":"https:\/\/redelog.rj.gov.br\/redebens\/wp-json\/wp\/v2\/types\/post"}],"author":[{"embeddable":true,"href":"https:\/\/redelog.rj.gov.br\/redebens\/wp-json\/wp\/v2\/users\/2"}],"replies":[{"embeddable":true,"href":"https:\/\/redelog.rj.gov.br\/redebens\/wp-json\/wp\/v2\/comments?post=130"}],"version-history":[{"count":126,"href":"https:\/\/redelog.rj.gov.br\/redebens\/wp-json\/wp\/v2\/posts\/130\/revisions"}],"predecessor-version":[{"id":8093,"href":"https:\/\/redelog.rj.gov.br\/redebens\/wp-json\/wp\/v2\/posts\/130\/revisions\/8093"}],"wp:attachment":[{"href":"https:\/\/redelog.rj.gov.br\/redebens\/wp-json\/wp\/v2\/media?parent=130"}],"wp:term":[{"taxonomy":"category","embeddable":true,"href":"https:\/\/redelog.rj.gov.br\/redebens\/wp-json\/wp\/v2\/categories?post=130"},{"taxonomy":"post_tag","embeddable":true,"href":"https:\/\/redelog.rj.gov.br\/redebens\/wp-json\/wp\/v2\/tags?post=130"}],"curies":[{"name":"wp","href":"https:\/\/api.w.org\/{rel}","templated":true}]}}