{"id":126,"date":"2022-04-01T16:01:08","date_gmt":"2022-04-01T19:01:08","guid":{"rendered":"http:\/\/redelog.rj.gov.br\/redebens\/?p=126"},"modified":"2026-04-22T11:24:17","modified_gmt":"2026-04-22T14:24:17","slug":"quem-somos","status":"publish","type":"post","link":"https:\/\/redelog.rj.gov.br\/redebens\/quem-somos\/","title":{"rendered":"QUEM SOMOS"},"content":{"rendered":"\t\t<div data-elementor-type=\"wp-post\" data-elementor-id=\"126\" class=\"elementor elementor-126\" data-elementor-post-type=\"post\">\n\t\t\t\t\t\t<section class=\"elementor-section elementor-top-section elementor-element elementor-element-45e37e6 elementor-section-boxed elementor-section-height-default elementor-section-height-default\" data-id=\"45e37e6\" data-element_type=\"section\">\n\t\t\t\t\t\t<div class=\"elementor-container elementor-column-gap-default\">\n\t\t\t\t\t<div class=\"elementor-column elementor-col-100 elementor-top-column elementor-element elementor-element-9b17c15\" data-id=\"9b17c15\" data-element_type=\"column\">\n\t\t\t<div class=\"elementor-widget-wrap elementor-element-populated\">\n\t\t\t\t\t\t<div class=\"elementor-element elementor-element-c8c5a2d elementor-widget-divider--view-line elementor-widget elementor-widget-divider\" data-id=\"c8c5a2d\" data-element_type=\"widget\" data-widget_type=\"divider.default\">\n\t\t\t\t<div class=\"elementor-widget-container\">\n\t\t\t\t\t\t\t<div class=\"elementor-divider\">\n\t\t\t<span class=\"elementor-divider-separator\">\n\t\t\t\t\t\t<\/span>\n\t\t<\/div>\n\t\t\t\t\t\t<\/div>\n\t\t\t\t<\/div>\n\t\t\t\t<section class=\"elementor-section elementor-inner-section elementor-element elementor-element-b09b4ad elementor-section-boxed elementor-section-height-default elementor-section-height-default\" data-id=\"b09b4ad\" data-element_type=\"section\">\n\t\t\t\t\t\t<div class=\"elementor-container elementor-column-gap-default\">\n\t\t\t\t\t<div class=\"elementor-column elementor-col-100 elementor-inner-column elementor-element elementor-element-6e09448\" data-id=\"6e09448\" data-element_type=\"column\">\n\t\t\t<div class=\"elementor-widget-wrap elementor-element-populated\">\n\t\t\t\t\t\t<div class=\"elementor-element elementor-element-951fc89 elementor-widget elementor-widget-image\" data-id=\"951fc89\" data-element_type=\"widget\" data-widget_type=\"image.default\">\n\t\t\t\t<div class=\"elementor-widget-container\">\n\t\t\t\t\t\t\t\t\t\t\t\t\t\t\t<img decoding=\"async\" src=\"http:\/\/redelog.rj.gov.br\/redelog\/wp-content\/uploads\/2021\/10\/novo-logo-rede-bens.jpeg\" title=\"\" alt=\"\" loading=\"lazy\" \/>\t\t\t\t\t\t\t\t\t\t\t\t\t\t\t<\/div>\n\t\t\t\t<\/div>\n\t\t\t\t\t<\/div>\n\t\t<\/div>\n\t\t\t\t\t<\/div>\n\t\t<\/section>\n\t\t\t\t<section class=\"elementor-section elementor-inner-section elementor-element elementor-element-559e175 elementor-section-boxed elementor-section-height-default elementor-section-height-default\" data-id=\"559e175\" data-element_type=\"section\">\n\t\t\t\t\t\t<div class=\"elementor-container elementor-column-gap-default\">\n\t\t\t\t\t<div class=\"elementor-column elementor-col-100 elementor-inner-column elementor-element elementor-element-3272d5e\" data-id=\"3272d5e\" data-element_type=\"column\">\n\t\t\t<div class=\"elementor-widget-wrap elementor-element-populated\">\n\t\t\t\t\t\t<div class=\"elementor-element elementor-element-906fb7e elementor-widget elementor-widget-text-editor\" data-id=\"906fb7e\" data-element_type=\"widget\" data-widget_type=\"text-editor.default\">\n\t\t\t\t<div class=\"elementor-widget-container\">\n\t\t\t\t\t\t\t\t\t<p style=\"text-align: left;\"><strong>Rede de Gestores de Bens M\u00f3veis &#8211; Redebens<\/strong><\/p><p style=\"text-align: left;\"><a href=\"https:\/\/redelog.rj.gov.br\/redelog\/resolucao-seplag-no-151-de-16-de-agosto-de-2022\/\" target=\"_blank\" rel=\"noopener\"><strong>Resolu\u00e7\u00e3o SEPLAG n\u00ba 151, de 16 de agosto de 2022<\/strong><\/a><\/p><p style=\"text-align: left;\"><strong>Gerente: Karinne Magalh\u00e3es Meneses<\/strong><\/p><p style=\"text-align: left;\">Tel. (21) 2333 3398<\/p><p style=\"text-align: left;\"><strong><a href=\"mailto:redebens@planejamento.rj.gov.br\">redebens@planejamento.rj.gov.br<\/a><\/strong><\/p>\t\t\t\t\t\t\t\t<\/div>\n\t\t\t\t<\/div>\n\t\t\t\t\t<\/div>\n\t\t<\/div>\n\t\t\t\t\t<\/div>\n\t\t<\/section>\n\t\t\t\t\t<\/div>\n\t\t<\/div>\n\t\t\t\t\t<\/div>\n\t\t<\/section>\n\t\t\t\t<section class=\"elementor-section elementor-top-section elementor-element elementor-element-85c7fb7 elementor-section-boxed elementor-section-height-default elementor-section-height-default\" data-id=\"85c7fb7\" data-element_type=\"section\">\n\t\t\t\t\t\t<div class=\"elementor-container elementor-column-gap-default\">\n\t\t\t\t\t<div class=\"elementor-column elementor-col-100 elementor-top-column elementor-element elementor-element-53cc6e3\" data-id=\"53cc6e3\" data-element_type=\"column\">\n\t\t\t<div class=\"elementor-widget-wrap elementor-element-populated\">\n\t\t\t\t\t\t<div class=\"elementor-element elementor-element-5a7a4ec elementor-widget-divider--view-line elementor-widget elementor-widget-divider\" data-id=\"5a7a4ec\" data-element_type=\"widget\" data-widget_type=\"divider.default\">\n\t\t\t\t<div class=\"elementor-widget-container\">\n\t\t\t\t\t\t\t<div class=\"elementor-divider\">\n\t\t\t<span class=\"elementor-divider-separator\">\n\t\t\t\t\t\t<\/span>\n\t\t<\/div>\n\t\t\t\t\t\t<\/div>\n\t\t\t\t<\/div>\n\t\t\t\t\t<\/div>\n\t\t<\/div>\n\t\t\t\t\t<\/div>\n\t\t<\/section>\n\t\t\t\t<section class=\"elementor-section elementor-top-section elementor-element elementor-element-d5dd746 elementor-section-boxed elementor-section-height-default elementor-section-height-default\" data-id=\"d5dd746\" data-element_type=\"section\">\n\t\t\t\t\t\t<div class=\"elementor-container elementor-column-gap-default\">\n\t\t\t\t\t<div class=\"elementor-column elementor-col-100 elementor-top-column elementor-element elementor-element-a480ac7\" data-id=\"a480ac7\" data-element_type=\"column\">\n\t\t\t<div class=\"elementor-widget-wrap elementor-element-populated\">\n\t\t\t\t\t\t<div class=\"elementor-element elementor-element-848f83e elementor-widget elementor-widget-text-editor\" data-id=\"848f83e\" data-element_type=\"widget\" data-widget_type=\"text-editor.default\">\n\t\t\t\t<div class=\"elementor-widget-container\">\n\t\t\t\t\t\t\t\t\t<p><strong>Gestores Setoriais da Redebens<\/strong><\/p>\t\t\t\t\t\t\t\t<\/div>\n\t\t\t\t<\/div>\n\t\t\t\t<div class=\"elementor-element elementor-element-8e2af35 elementor-widget elementor-widget-text-editor\" data-id=\"8e2af35\" data-element_type=\"widget\" data-widget_type=\"text-editor.default\">\n\t\t\t\t<div class=\"elementor-widget-container\">\n\t\t\t\t\t\t\t\t\t<p style=\"margin: 0cm 0cm 12pt; background-image: initial; background-position: initial; background-size: initial; background-repeat: initial; background-attachment: initial; background-origin: initial; background-clip: initial;\"><strong><span style=\"font-size: 13.5pt; font-family: Arial, sans-serif;\">AGENERSA<\/span><\/strong><span style=\"font-size: 13.5pt; font-family: Arial, sans-serif;\">: Bruno Demenciano Santos<\/span><\/p><p style=\"margin: 0cm 0cm 12pt; background-image: initial; background-position: initial; background-size: initial; background-repeat: initial; background-attachment: initial; background-origin: initial; background-clip: initial;\"><strong><span style=\"font-size: 13.5pt; font-family: Arial, sans-serif;\">AGETRANSP<\/span><\/strong><span style=\"font-size: 13.5pt; font-family: Arial, sans-serif;\">: Deborah Brito Dalmeida Telles de Menezes<\/span><\/p><p style=\"margin: 0cm 0cm 12pt; background-image: initial; background-position: initial; background-size: initial; background-repeat: initial; background-attachment: initial; background-origin: initial; background-clip: initial;\"><strong><span style=\"font-size: 13.5pt; font-family: Arial, sans-serif;\">CEASA\/CASERJ<\/span><\/strong><span style=\"font-size: 13.5pt; font-family: Arial, sans-serif;\">: Carlos Marcio Segui Scheer<\/span><\/p><p style=\"margin: 0cm 0cm 12pt; background-image: initial; background-position: initial; background-size: initial; background-repeat: initial; background-attachment: initial; background-origin: initial; background-clip: initial;\"><strong><span style=\"font-size: 13.5pt; font-family: Arial, sans-serif;\">CECIERJ<\/span><\/strong><span style=\"font-size: 13.5pt; font-family: Arial, sans-serif;\">: Valter de Oliveira Ferraz<\/span><\/p><p style=\"margin: 0cm 0cm 12pt; background-image: initial; background-position: initial; background-size: initial; background-repeat: initial; background-attachment: initial; background-origin: initial; background-clip: initial;\"><strong><span style=\"font-size: 13.5pt; font-family: Arial, sans-serif;\">CEHAB<\/span><\/strong><span style=\"font-size: 13.5pt; font-family: Arial, sans-serif;\">: Marcos C\u00e9sar Tavares Rainha<\/span><\/p><p style=\"margin: 0cm 0cm 12pt; background-image: initial; background-position: initial; background-size: initial; background-repeat: initial; background-attachment: initial; background-origin: initial; background-clip: initial;\"><strong><span style=\"font-size: 13.5pt; font-family: Arial, sans-serif;\">CENTRAL<\/span><\/strong><span style=\"font-size: 13.5pt; font-family: Arial, sans-serif;\">: Wilson Guedes Alcoforado Neto<\/span><\/p><p style=\"margin: 0cm 0cm 12pt; background-image: initial; background-position: initial; background-size: initial; background-repeat: initial; background-attachment: initial; background-origin: initial; background-clip: initial;\"><strong><span style=\"font-size: 13.5pt; font-family: Arial, sans-serif;\">CEPERJ<\/span><\/strong><span style=\"font-size: 13.5pt; font-family: Arial, sans-serif;\">: Sergio Gondim de Souza<\/span><\/p><p style=\"margin: 0cm 0cm 12pt; background-image: initial; background-position: initial; background-size: initial; background-repeat: initial; background-attachment: initial; background-origin: initial; background-clip: initial;\"><strong><span style=\"font-size: 13.5pt; font-family: Arial, sans-serif;\">CGE<\/span><\/strong><span style=\"font-size: 13.5pt; font-family: Arial, sans-serif;\">: Jo\u00e3o Carlos Bispo Pereira<\/span><\/p><p style=\"margin: 0cm 0cm 12pt; background-image: initial; background-position: initial; background-size: initial; background-repeat: initial; background-attachment: initial; background-origin: initial; background-clip: initial;\"><strong><span style=\"font-size: 13.5pt; font-family: Arial, sans-serif;\">CODERTE<\/span><\/strong><span style=\"font-size: 13.5pt; font-family: Arial, sans-serif;\">: N\u00e3o informado<\/span><\/p><p style=\"margin: 0cm 0cm 12pt; background-image: initial; background-position: initial; background-size: initial; background-repeat: initial; background-attachment: initial; background-origin: initial; background-clip: initial;\"><strong><span style=\"font-size: 13.5pt; font-family: Arial, sans-serif;\">CODIN<\/span><\/strong><span style=\"font-size: 13.5pt; font-family: Arial, sans-serif;\">: Roberto Carvalho de Azevedo<\/span><\/p><p style=\"margin: 0cm 0cm 12pt; background-image: initial; background-position: initial; background-size: initial; background-repeat: initial; background-attachment: initial; background-origin: initial; background-clip: initial;\"><strong><span style=\"font-size: 13.5pt; font-family: Arial, sans-serif;\">DEGASE<\/span>:<\/strong> <span style=\"font-size: 13.5pt; font-family: Arial, sans-serif;\">Luciano dos Reis Alcantara<\/span><\/p><p style=\"margin: 0cm 0cm 12pt; background-image: initial; background-position: initial; background-size: initial; background-repeat: initial; background-attachment: initial; background-origin: initial; background-clip: initial;\"><strong><span style=\"font-size: 13.5pt; font-family: Arial, sans-serif;\">DER<\/span><\/strong><span style=\"font-size: 13.5pt; font-family: Arial, sans-serif;\">: Franco Saija\u00a0<\/span><\/p><p style=\"margin: 0cm 0cm 12pt; background-image: initial; background-position: initial; background-size: initial; background-repeat: initial; background-attachment: initial; background-origin: initial; background-clip: initial;\"><strong><span style=\"font-size: 13.5pt; font-family: Arial, sans-serif;\">DETRAN<\/span><\/strong><span style=\"font-size: 13.5pt; font-family: Arial, sans-serif;\">: N\u00e3o informado<\/span><\/p><p style=\"margin: 0cm 0cm 12pt; background-image: initial; background-position: initial; background-size: initial; background-repeat: initial; background-attachment: initial; background-origin: initial; background-clip: initial;\"><strong><span style=\"font-size: 13.5pt; font-family: Arial, sans-serif;\">DETRO<\/span><\/strong><span style=\"font-size: 13.5pt; font-family: Arial, sans-serif;\">: Eduardo Almeida Batista<\/span><\/p><p style=\"margin: 0cm 0cm 12pt; background-image: initial; background-position: initial; background-size: initial; background-repeat: initial; background-attachment: initial; background-origin: initial; background-clip: initial;\"><span style=\"font-size: 13.5pt; font-family: Arial, sans-serif;\"><b>DRM:\u00a0<\/b>Edson Ferreira Rangel<\/span><\/p><p style=\"margin: 0cm 0cm 12pt; background-image: initial; background-position: initial; background-size: initial; background-repeat: initial; background-attachment: initial; background-origin: initial; background-clip: initial;\"><strong><span style=\"font-size: 13.5pt; font-family: Arial, sans-serif;\">EMATER<\/span><\/strong><span style=\"font-size: 13.5pt; font-family: Arial, sans-serif;\">: Rosilene Vasconcelos da Costa<\/span><\/p><p style=\"margin: 0cm 0cm 12pt; background-image: initial; background-position: initial; background-size: initial; background-repeat: initial; background-attachment: initial; background-origin: initial; background-clip: initial;\"><strong><span style=\"font-size: 13.5pt; font-family: Arial, sans-serif;\">EMOP<\/span><\/strong><span style=\"font-size: 13.5pt; font-family: Arial, sans-serif;\">: Rodrigo da Silva Gon\u00e7alves<\/span><\/p><p style=\"margin: 0cm 0cm 12pt; background-image: initial; background-position: initial; background-size: initial; background-repeat: initial; background-attachment: initial; background-origin: initial; background-clip: initial;\"><strong><span style=\"font-size: 13.5pt; font-family: Arial, sans-serif;\">FAETEC<\/span><\/strong><span style=\"font-size: 13.5pt; font-family: Arial, sans-serif;\">: Mauro Sergio Barcellos da Silva<\/span><\/p><p style=\"margin: 0cm 0cm 12pt; background-image: initial; background-position: initial; background-size: initial; background-repeat: initial; background-attachment: initial; background-origin: initial; background-clip: initial;\"><strong><span style=\"font-size: 13.5pt; font-family: Arial, sans-serif;\">FAPERJ<\/span><\/strong><span style=\"font-size: 13.5pt; font-family: Arial, sans-serif;\">: L\u00e9cio Augusto Ramos<\/span><\/p><p style=\"margin: 0cm 0cm 12pt; background-image: initial; background-position: initial; background-size: initial; background-repeat: initial; background-attachment: initial; background-origin: initial; background-clip: initial;\"><strong><span style=\"font-size: 13.5pt; font-family: Arial, sans-serif;\">FIA<\/span><\/strong><span style=\"font-size: 13.5pt; font-family: Arial, sans-serif;\">: Jos\u00e9 Severino Brand\u00e3o<\/span><\/p><p style=\"margin: 0cm 0cm 12pt; background-image: initial; background-position: initial; background-size: initial; background-repeat: initial; background-attachment: initial; background-origin: initial; background-clip: initial;\"><strong><span style=\"font-size: 13.5pt; font-family: Arial, sans-serif;\">FIPERJ<\/span><\/strong><span style=\"font-size: 13.5pt; font-family: Arial, sans-serif;\">: Tatiana Ribeiro<\/span><\/p><p style=\"margin: 0cm 0cm 12pt; background-image: initial; background-position: initial; background-size: initial; background-repeat: initial; background-attachment: initial; background-origin: initial; background-clip: initial;\"><strong><span style=\"font-size: 13.5pt; font-family: Arial, sans-serif;\">FLXIII<\/span><\/strong><span style=\"font-size: 13.5pt; font-family: Arial, sans-serif;\">: M\u00e1rcia Furtado Pereira<\/span><\/p><p style=\"margin: 0cm 0cm 12pt; background-image: initial; background-position: initial; background-size: initial; background-repeat: initial; background-attachment: initial; background-origin: initial; background-clip: initial;\"><strong><span style=\"font-size: 13.5pt; font-family: Arial, sans-serif;\">FMIS<\/span><\/strong><span style=\"font-size: 13.5pt; font-family: Arial, sans-serif;\">: Maria Tereza Guedes Barcellos<\/span><b> <\/b><\/p><p style=\"margin: 0cm 0cm 12pt; background-image: initial; background-position: initial; background-size: initial; background-repeat: initial; background-attachment: initial; background-origin: initial; background-clip: initial;\"><strong><span style=\"font-size: 13.5pt; font-family: Arial, sans-serif;\">FSERJ<\/span><\/strong><span style=\"font-size: 13.5pt; font-family: Arial, sans-serif;\">: Caroline Bianca da Motta Vargas<\/span><\/p><p style=\"margin: 0cm 0cm 12pt; background-image: initial; background-position: initial; background-size: initial; background-repeat: initial; background-attachment: initial; background-origin: initial; background-clip: initial;\"><strong><span style=\"font-size: 13.5pt; font-family: Arial, sans-serif;\">FSC<\/span><\/strong><span style=\"font-size: 13.5pt; font-family: Arial, sans-serif;\">: Jo\u00e3o Vitor Silva Fernandes<\/span><\/p><p style=\"margin: 0cm 0cm 12pt; background-image: initial; background-position: initial; background-size: initial; background-repeat: initial; background-attachment: initial; background-origin: initial; background-clip: initial;\"><strong><span style=\"font-size: 13.5pt; font-family: Arial, sans-serif;\">FTM<\/span><\/strong><span style=\"font-size: 13.5pt; font-family: Arial, sans-serif;\">: Leonardo Silva da Costa<\/span><\/p><p style=\"margin: 0cm 0cm 12pt; background-image: initial; background-position: initial; background-size: initial; background-repeat: initial; background-attachment: initial; background-origin: initial; background-clip: initial;\"><strong><span style=\"font-size: 13.5pt; font-family: Arial, sans-serif;\">FUNARJ<\/span><\/strong><span style=\"font-size: 13.5pt; font-family: Arial, sans-serif;\">: Bruno dos Santos Lopes\u00a0<\/span><\/p><p style=\"margin: 0cm 0cm 12pt; background-image: initial; background-position: initial; background-size: initial; background-repeat: initial; background-attachment: initial; background-origin: initial; background-clip: initial;\"><strong><span style=\"font-size: 13.5pt; font-family: Arial, sans-serif;\">GSI<\/span><\/strong><span style=\"font-size: 13.5pt; font-family: Arial, sans-serif;\">: F\u00e1bio Jos\u00e9 Pereira da Costa<\/span><\/p><p style=\"margin: 0cm 0cm 12pt; background-image: initial; background-position: initial; background-size: initial; background-repeat: initial; background-attachment: initial; background-origin: initial; background-clip: initial;\"><span style=\"font-size: 13.5pt; font-family: Arial, sans-serif;\"><strong>HUPE<\/strong>: Raphael da Silva Gram<\/span><\/p><p style=\"margin: 0cm 0cm 12pt; background-image: initial; background-position: initial; background-size: initial; background-repeat: initial; background-attachment: initial; background-origin: initial; background-clip: initial;\"><strong><span style=\"font-size: 13.5pt; font-family: Arial, sans-serif;\">IASERJ<\/span><\/strong><span style=\"font-size: 13.5pt; font-family: Arial, sans-serif;\">: Sem indica\u00e7\u00e3o<\/span><\/p><p style=\"margin: 0cm 0cm 12pt; background-image: initial; background-position: initial; background-size: initial; background-repeat: initial; background-attachment: initial; background-origin: initial; background-clip: initial;\"><strong><span style=\"font-size: 13.5pt; font-family: Arial, sans-serif;\">IEEA<\/span><\/strong><span style=\"font-size: 13.5pt; font-family: Arial, sans-serif;\">: Sem indica\u00e7\u00e3o<\/span><\/p><p style=\"margin: 0cm 0cm 12pt; background-image: initial; background-position: initial; background-size: initial; background-repeat: initial; background-attachment: initial; background-origin: initial; background-clip: initial;\"><strong><span style=\"font-size: 13.5pt; font-family: Arial, sans-serif;\">INEA<\/span><\/strong><span style=\"font-size: 13.5pt; font-family: Arial, sans-serif;\">: Matheus Ortolani Rebello<\/span><b><span style=\"color: black; mso-color-alt: windowtext;\"><br \/><\/span><\/b><\/p><p style=\"margin: 0cm 0cm 12pt; background-image: initial; background-position: initial; background-size: initial; background-repeat: initial; background-attachment: initial; background-origin: initial; background-clip: initial;\"><strong><span style=\"font-size: 13.5pt; font-family: Arial, sans-serif;\">IPEM<\/span><\/strong><span style=\"font-size: 13.5pt; font-family: Arial, sans-serif;\">: Gilmar da Cruz \u00c9vora<\/span><\/p><p style=\"margin: 0cm 0cm 12pt; background-image: initial; background-position: initial; background-size: initial; background-repeat: initial; background-attachment: initial; background-origin: initial; background-clip: initial;\"><strong><span style=\"font-size: 13.5pt; font-family: Arial, sans-serif;\">IRM<\/span><\/strong><span style=\"font-size: 13.5pt; font-family: Arial, sans-serif;\">: Fabio Ribeiro da Silva<\/span><\/p><p style=\"margin: 0cm 0cm 12pt; background-image: initial; background-position: initial; background-size: initial; background-repeat: initial; background-attachment: initial; background-origin: initial; background-clip: initial;\"><strong><span style=\"font-size: 13.5pt; font-family: Arial, sans-serif;\">ISP<\/span><\/strong><span style=\"font-size: 13.5pt; font-family: Arial, sans-serif;\">: Sem indica\u00e7\u00e3o<\/span><\/p><p style=\"margin: 0cm 0cm 12pt; background-image: initial; background-position: initial; background-size: initial; background-repeat: initial; background-attachment: initial; background-origin: initial; background-clip: initial;\"><strong><span style=\"font-size: 13.5pt; font-family: Arial, sans-serif;\">ITERJ<\/span><\/strong><span style=\"font-size: 13.5pt; font-family: Arial, sans-serif;\">: Pedro Vilela Caminha<\/span><\/p><p style=\"margin: 0cm 0cm 12pt; background-image: initial; background-position: initial; background-size: initial; background-repeat: initial; background-attachment: initial; background-origin: initial; background-clip: initial;\"><strong><span style=\"font-size: 13.5pt; font-family: Arial, sans-serif;\">IVB<\/span><\/strong><span style=\"font-size: 13.5pt; font-family: Arial, sans-serif;\">: Laura Gomes do Nascimento Esteves<\/span><\/p><p style=\"margin: 0cm 0cm 12pt; background-image: initial; background-position: initial; background-size: initial; background-repeat: initial; background-attachment: initial; background-origin: initial; background-clip: initial;\"><strong><span style=\"font-size: 13.5pt; font-family: Arial, sans-serif;\">JUCERJA<\/span><\/strong><b><span style=\"font-size: 13.5pt; font-family: Arial, sans-serif;\">:<\/span> <\/b><span style=\"font-size: 13.5pt; font-family: Arial, sans-serif;\">Ana Aline Dantas Cardoso Putz<\/span><\/p><p style=\"margin: 0cm 0cm 12pt; background-image: initial; background-position: initial; background-size: initial; background-repeat: initial; background-attachment: initial; background-origin: initial; background-clip: initial;\"><strong><span style=\"font-size: 13.5pt; font-family: Arial, sans-serif;\">LOTERJ<\/span><\/strong><span style=\"font-size: 13.5pt; font-family: Arial, sans-serif;\">: Jose Luciano Ismerim de Oliveira<\/span><\/p><p style=\"margin: 0cm 0cm 12pt; background-image: initial; background-position: initial; background-size: initial; background-repeat: initial; background-attachment: initial; background-origin: initial; background-clip: initial;\"><strong><span style=\"font-size: 13.5pt; font-family: Arial, sans-serif;\">PESAGRO<\/span><\/strong><span style=\"font-size: 13.5pt; font-family: Arial, sans-serif;\">: \u00c9rika B\u00f3rneo Ribeiro Abrahim Cavalcanti<\/span><\/p><p style=\"margin: 0cm 0cm 12pt; background-image: initial; background-position: initial; background-size: initial; background-repeat: initial; background-attachment: initial; background-origin: initial; background-clip: initial;\"><strong><span style=\"font-size: 13.5pt; font-family: Arial, sans-serif;\">PGE<\/span><\/strong><span style=\"font-size: 13.5pt; font-family: Arial, sans-serif;\">: Cynthia Magalh\u00e3es de Arag\u00e3o Santos<\/span><\/p><p style=\"margin: 0cm 0cm 12pt; background-image: initial; background-position: initial; background-size: initial; background-repeat: initial; background-attachment: initial; background-origin: initial; background-clip: initial;\"><strong><span style=\"font-size: 13.5pt; font-family: Arial, sans-serif;\">PROCON<\/span><\/strong><span style=\"font-size: 13.5pt; font-family: Arial, sans-serif;\">: Ednewton Souza Das Virgens <\/span><\/p><p style=\"margin: 0cm 0cm 12pt; background-image: initial; background-position: initial; background-size: initial; background-repeat: initial; background-attachment: initial; background-origin: initial; background-clip: initial;\"><strong><span style=\"font-size: 13.5pt; font-family: Arial, sans-serif;\">PRODERJ<\/span><\/strong><span style=\"font-size: 13.5pt; font-family: Arial, sans-serif;\">: Vivian Garcia D&#8217;Avila Peduzzi\u00a0<\/span><\/p><p style=\"margin: 0cm 0cm 12pt; background-image: initial; background-position: initial; background-size: initial; background-repeat: initial; background-attachment: initial; background-origin: initial; background-clip: initial;\"><strong><span style=\"font-size: 13.5pt; font-family: Arial, sans-serif;\">RIOPREVIDENCIA<\/span><\/strong><span style=\"font-size: 13.5pt; font-family: Arial, sans-serif;\">: Carlos Roberto Wittlich<\/span><\/p><p style=\"margin: 0cm 0cm 12pt; background-image: initial; background-position: initial; background-size: initial; background-repeat: initial; background-attachment: initial; background-origin: initial; background-clip: initial;\"><strong><span style=\"font-size: 13.5pt; font-family: Arial, sans-serif;\">RIOTRILHOS<\/span><\/strong><span style=\"font-size: 13.5pt; font-family: Arial, sans-serif;\">: Christiano de Carvalho Manh\u00e3es Ribeiro<\/span><\/p><p style=\"margin: 0cm 0cm 12pt; background-image: initial; background-position: initial; background-size: initial; background-repeat: initial; background-attachment: initial; background-origin: initial; background-clip: initial;\"><strong><span style=\"font-size: 13.5pt; font-family: Arial, sans-serif;\">SEAPA<\/span><\/strong><span style=\"font-size: 13.5pt; font-family: Arial, sans-serif;\">: Marco Antonio Barbi<\/span><\/p><p style=\"margin: 0cm 0cm 12pt; background-image: initial; background-position: initial; background-size: initial; background-repeat: initial; background-attachment: initial; background-origin: initial; background-clip: initial;\"><strong><span style=\"font-size: 13.5pt; font-family: Arial, sans-serif;\">SEAS<\/span><\/strong><span style=\"font-size: 13.5pt; font-family: Arial, sans-serif;\">: Roberto Correa da Silva<\/span><\/p><p><strong style=\"color: var( --e-global-color-text ); font-family: var( --e-global-typography-text-font-family ), Sans-serif; font-size: 1.125rem; letter-spacing: 0px;\"><span style=\"font-size: 13.5pt; font-family: Arial, sans-serif;\">SECC<\/span><\/strong><span style=\"color: var( --e-global-color-text ); font-weight: var( --e-global-typography-text-font-weight ); font-size: 13.5pt; letter-spacing: 0px; font-family: Arial, sans-serif;\">: Maria de F\u00e1tima Destri\u00a0<\/span><\/p><p style=\"margin: 0cm 0cm 12pt; background-image: initial; background-position: initial; background-size: initial; background-repeat: initial; background-attachment: initial; background-origin: initial; background-clip: initial;\"><strong><span style=\"font-size: 13.5pt; font-family: Arial, sans-serif;\">SECEC<\/span><\/strong><span style=\"font-size: 13.5pt; font-family: Arial, sans-serif;\">: Priscila Lopes Ursulino de Santana<\/span><\/p><p style=\"margin: 0cm 0cm 12pt; background-image: initial; background-position: initial; background-size: initial; background-repeat: initial; background-attachment: initial; background-origin: initial; background-clip: initial;\"><strong><span style=\"font-size: 13.5pt; font-family: Arial, sans-serif;\">SECID<\/span>: <\/strong><span style=\"font-size: 13.5pt; font-family: Arial, sans-serif;\">Thiago Gon\u00e7alves Pereira <\/span>\u00a0<\/p><p style=\"margin: 0cm 0cm 12pt; background-image: initial; background-position: initial; background-size: initial; background-repeat: initial; background-attachment: initial; background-origin: initial; background-clip: initial;\"><strong style=\"color: var( --e-global-color-text ); font-family: var( --e-global-typography-text-font-family ), Sans-serif; font-size: 1.125rem; letter-spacing: 0px;\"><span style=\"font-size: 13.5pt; font-family: Arial, sans-serif;\">SECTI<\/span><\/strong><span style=\"color: var( --e-global-color-text ); font-weight: var( --e-global-typography-text-font-weight ); font-size: 13.5pt; letter-spacing: 0px; font-family: Arial, sans-serif;\">: Bruno Nogueira Gama Couto<\/span><\/p><p><strong style=\"color: var( --e-global-color-text ); font-family: var( --e-global-typography-text-font-family ), Sans-serif; font-size: 1.125rem; letter-spacing: 0px;\"><span style=\"font-size: 13.5pt; font-family: Arial, sans-serif;\">SEDCON<\/span><\/strong>: <span style=\"color: var( --e-global-color-text ); font-weight: var( --e-global-typography-text-font-weight ); font-size: 13.5pt; letter-spacing: 0px; font-family: Arial, sans-serif;\">Lucas de Melo Silva<\/span><\/p><p style=\"margin: 0cm 0cm 12pt; background-image: initial; background-position: initial; background-size: initial; background-repeat: initial; background-attachment: initial; background-origin: initial; background-clip: initial;\"><strong style=\"color: var( --e-global-color-text ); font-family: var( --e-global-typography-text-font-family ), Sans-serif; font-size: 1.125rem; letter-spacing: 0px;\"><span style=\"font-size: 13.5pt; font-family: Arial, sans-serif;\">SEDEC<\/span><\/strong><span style=\"color: var( --e-global-color-text ); font-weight: var( --e-global-typography-text-font-weight ); font-size: 13.5pt; letter-spacing: 0px; font-family: Arial, sans-serif;\">:\u00a0<\/span><span style=\"font-family: Arial, sans-serif;\">Raphael Gon\u00e7alves da Silva\u00a0<\/span><\/p><p style=\"margin: 0cm 0cm 12pt; background-image: initial; background-position: initial; background-size: initial; background-repeat: initial; background-attachment: initial; background-origin: initial; background-clip: initial;\"><strong><span style=\"font-size: 13.5pt; font-family: Arial, sans-serif;\">SEDEICS<\/span><\/strong><span style=\"font-size: 13.5pt; font-family: Arial, sans-serif;\">: F\u00e1bio da Costa Miranda<\/span><\/p><p><strong><span style=\"font-size: 13.5pt; font-family: Arial, sans-serif;\">SEDIPAF<\/span><\/strong><span style=\"font-size: 13.5pt; font-family: Arial, sans-serif;\">: Sem indica\u00e7\u00e3o<\/span><\/p><p><strong><span style=\"font-size: 13.5pt; font-family: Arial, sans-serif;\">SEDSODH<\/span><\/strong><span style=\"font-size: 13.5pt; font-family: Arial, sans-serif;\">: Marcelo Vieira<\/span><\/p><p style=\"margin: 0cm 0cm 12pt; background-image: initial; background-position: initial; background-size: initial; background-repeat: initial; background-attachment: initial; background-origin: initial; background-clip: initial;\"><strong><span style=\"font-size: 13.5pt; font-family: Arial, sans-serif;\">SEEDUC<\/span><\/strong><span style=\"font-size: 13.5pt; font-family: Arial, sans-serif;\">: Vanessa Soares Bomfim<\/span><\/p><p style=\"margin: 0cm 0cm 12pt; background-image: initial; background-position: initial; background-size: initial; background-repeat: initial; background-attachment: initial; background-origin: initial; background-clip: initial;\"><strong><span style=\"font-size: 13.5pt; font-family: Arial, sans-serif;\">SEEL<\/span><\/strong><span style=\"font-size: 13.5pt; font-family: Arial, sans-serif;\">: Margaret Souza da Silva<\/span><\/p><p style=\"margin: 0cm 0cm 12pt; background-image: initial; background-position: initial; background-size: initial; background-repeat: initial; background-attachment: initial; background-origin: initial; background-clip: initial;\"><strong style=\"color: var( --e-global-color-text ); font-family: var( --e-global-typography-text-font-family ), Sans-serif; font-size: 1.125rem; letter-spacing: 0px;\"><span style=\"font-size: 13.5pt; font-family: Arial, sans-serif;\">SEFAZ<\/span><\/strong><span style=\"color: var( --e-global-color-text ); font-weight: var( --e-global-typography-text-font-weight ); font-size: 13.5pt; letter-spacing: 0px; font-family: Arial, sans-serif;\">: Luiz Carlos Martins<\/span><\/p><p style=\"margin: 0cm 0cm 12pt; background-image: initial; background-position: initial; background-size: initial; background-repeat: initial; background-attachment: initial; background-origin: initial; background-clip: initial;\"><strong><span style=\"font-size: 13.5pt; font-family: Arial, sans-serif;\">SEGG<\/span><\/strong><span style=\"font-size: 13.5pt; font-family: Arial, sans-serif;\">: Bruno Pereira da Cunha<\/span><\/p><p style=\"margin: 0cm 0cm 12pt; background-image: initial; background-position: initial; background-size: initial; background-repeat: initial; background-attachment: initial; background-origin: initial; background-clip: initial;\"><strong><span style=\"font-size: 13.5pt; font-family: Arial, sans-serif;\">SEGOV<\/span><\/strong><span style=\"font-size: 13.5pt; font-family: Arial, sans-serif;\">: Felipe Leal da Silva<\/span><\/p><p style=\"margin: 0cm 0cm 12pt; background-image: initial; background-position: initial; background-size: initial; background-repeat: initial; background-attachment: initial; background-origin: initial; background-clip: initial;\"><strong><span style=\"font-size: 13.5pt; font-family: Arial, sans-serif;\">SEHIS<\/span><\/strong><span style=\"font-size: 13.5pt; font-family: Arial, sans-serif;\">: William Beltrami<\/span><\/p><p style=\"margin: 0cm 0cm 12pt; background-image: initial; background-position: initial; background-size: initial; background-repeat: initial; background-attachment: initial; background-origin: initial; background-clip: initial;\"><strong><span style=\"font-size: 13.5pt; font-family: Arial, sans-serif;\">SEIJES<\/span><\/strong><span style=\"font-size: 13.5pt; font-family: Arial, sans-serif;\">: Gilberto Bispo de Roma J\u00fanior<\/span><\/p><p><strong><span style=\"font-size: 13.5pt; font-family: Arial, sans-serif;\">SEIOP<\/span><\/strong>: <span style=\"font-size: 13.5pt; font-family: Arial, sans-serif;\">Ricardo Rindeika Borer Junior<\/span><\/p><p style=\"margin: 0cm 0cm 12pt; background-image: initial; background-position: initial; background-size: initial; background-repeat: initial; background-attachment: initial; background-origin: initial; background-clip: initial;\"><strong style=\"color: var( --e-global-color-text ); font-family: var( --e-global-typography-text-font-family ), Sans-serif; font-size: 1.125rem; letter-spacing: 0px;\"><span style=\"font-size: 13.5pt; font-family: Arial, sans-serif;\">SEM<\/span><\/strong><span style=\"color: var( --e-global-color-text ); font-weight: var( --e-global-typography-text-font-weight ); font-size: 13.5pt; letter-spacing: 0px; font-family: Arial, sans-serif;\">: <span style=\"font-size: 13.5pt; font-family: Arial, sans-serif;\">Marco Aur\u00e9lio Montes<\/span><\/span><\/p><p style=\"margin: 0cm 0cm 12pt; background-image: initial; background-position: initial; background-size: initial; background-repeat: initial; background-attachment: initial; background-origin: initial; background-clip: initial;\"><strong><span style=\"font-size: 13.5pt; font-family: Arial, sans-serif;\">SEENEMAR<\/span><\/strong><span style=\"font-size: 13.5pt; font-family: Arial, sans-serif;\">: Jo\u00e3o Guilherme Meirles Sant&#8217;anna<\/span><\/p><p style=\"margin: 0cm 0cm 12pt; background-image: initial; background-position: initial; background-size: initial; background-repeat: initial; background-attachment: initial; background-origin: initial; background-clip: initial;\"><strong><span style=\"font-size: 13.5pt; font-family: Arial, sans-serif;\">SEPLAG<\/span><\/strong><span style=\"font-size: 13.5pt; font-family: Arial, sans-serif;\">: Cristiane Weber Neves<\/span><\/p><p style=\"margin: 0cm 0cm 12pt; background-image: initial; background-position: initial; background-size: initial; background-repeat: initial; background-attachment: initial; background-origin: initial; background-clip: initial;\"><strong><span style=\"font-size: 13.5pt; font-family: Arial, sans-serif;\">SEPM<\/span><\/strong><span style=\"font-size: 13.5pt; font-family: Arial, sans-serif;\">: Fl\u00e1via Gabriella de Santana Xavier<\/span><\/p><p style=\"margin: 0cm 0cm 12pt; background-image: initial; background-position: initial; background-size: initial; background-repeat: initial; background-attachment: initial; background-origin: initial; background-clip: initial;\"><strong><span style=\"font-size: 13.5pt; font-family: Arial, sans-serif;\">SEPOL<\/span><\/strong><span style=\"font-size: 13.5pt; font-family: Arial, sans-serif;\">: Diego Rafael M S\u00e1 Leite<\/span><\/p><p><strong style=\"color: var( --e-global-color-text ); font-family: var( --e-global-typography-text-font-family ), Sans-serif; font-size: 1.125rem; letter-spacing: 0px;\"><span style=\"font-size: 13.5pt; font-family: Arial, sans-serif;\">SEPPEN<\/span><\/strong><span style=\"color: var( --e-global-color-text ); font-weight: var( --e-global-typography-text-font-weight ); font-size: 13.5pt; letter-spacing: 0px; font-family: Arial, sans-serif;\">: Erick Souza de Oliveira<\/span><\/p><p style=\"margin: 0cm 0cm 12pt; background-image: initial; background-position: initial; background-size: initial; background-repeat: initial; background-attachment: initial; background-origin: initial; background-clip: initial;\"><strong><span style=\"font-size: 13.5pt; font-family: Arial, sans-serif;\">SERGB<\/span><\/strong><span style=\"font-size: 13.5pt; font-family: Arial, sans-serif;\">: <\/span><span style=\"font-family: Arial, sans-serif; color: black; background-image: initial; background-position: initial; background-size: initial; background-repeat: initial; background-attachment: initial; background-origin: initial; background-clip: initial;\">\u00a0<\/span><span style=\"font-size: 13.5pt; font-family: Arial, sans-serif;\">Chrystian Ivan de Souza Benevides<\/span><\/p><p style=\"margin: 0cm 0cm 12pt; background-image: initial; background-position: initial; background-size: initial; background-repeat: initial; background-attachment: initial; background-origin: initial; background-clip: initial;\"><strong><span style=\"font-size: 13.5pt; font-family: Arial, sans-serif;\">SES<\/span><\/strong><span style=\"font-size: 13.5pt; font-family: Arial, sans-serif;\">: Marta dos Santos<\/span><\/p><p><strong><span style=\"font-size: 13.5pt; font-family: Arial, sans-serif;\">SESP<\/span><\/strong><span style=\"font-size: 13.5pt; font-family: Arial, sans-serif;\">: F\u00e9lix Fabian Fontes de Oliveira<\/span><\/p><p style=\"margin: 0cm 0cm 12pt; background-image: initial; background-position: initial; background-size: initial; background-repeat: initial; background-attachment: initial; background-origin: initial; background-clip: initial;\"><strong><span style=\"font-size: 13.5pt; font-family: Arial, sans-serif;\">SETD<\/span><\/strong><span style=\"font-size: 13.5pt; font-family: Arial, sans-serif;\">: Neemias Cordeiro Barbosa<\/span><span style=\"font-size: 13.5pt; font-family: Arial, sans-serif;\"><br \/><\/span><\/p><p style=\"margin: 0cm 0cm 12pt; background-image: initial; background-position: initial; background-size: initial; background-repeat: initial; background-attachment: initial; background-origin: initial; background-clip: initial;\"><strong><span style=\"font-size: 13.5pt; font-family: Arial, sans-serif;\">SETRAB<\/span><\/strong><span style=\"font-size: 13.5pt; font-family: Arial, sans-serif;\">: Adeilton Dias da Silva<\/span><\/p><p style=\"margin: 0cm 0cm 12pt; background-image: initial; background-position: initial; background-size: initial; background-repeat: initial; background-attachment: initial; background-origin: initial; background-clip: initial;\"><strong><span style=\"font-size: 13.5pt; font-family: Arial, sans-serif;\">SETRAM<\/span><\/strong><span style=\"font-size: 13.5pt; font-family: Arial, sans-serif;\">: Renata Rodrigues Galdencio da Silva<\/span><\/p><p style=\"margin: 0cm 0cm 12pt; background-image: initial; background-position: initial; background-size: initial; background-repeat: initial; background-attachment: initial; background-origin: initial; background-clip: initial;\"><strong><span style=\"font-size: 13.5pt; font-family: Arial, sans-serif;\">SETUR<\/span><\/strong><span style=\"font-size: 13.5pt; font-family: Arial, sans-serif;\">: Valter da Costa Filho<\/span><\/p><p style=\"margin: 0cm 0cm 12pt; background-image: initial; background-position: initial; background-size: initial; background-repeat: initial; background-attachment: initial; background-origin: initial; background-clip: initial;\"><strong style=\"color: var( --e-global-color-text ); font-family: var( --e-global-typography-text-font-family ), Sans-serif; font-size: 1.125rem; letter-spacing: 0px;\"><span style=\"font-size: 13.5pt; font-family: Arial, sans-serif;\">SUDERJ<\/span><\/strong><span style=\"color: var( --e-global-color-text ); font-weight: var( --e-global-typography-text-font-weight ); font-size: 13.5pt; letter-spacing: 0px; font-family: Arial, sans-serif;\">: Aline Silva de Souza<\/span><\/p><p style=\"margin: 0cm 0cm 12pt; background-image: initial; background-position: initial; background-size: initial; background-repeat: initial; background-attachment: initial; background-origin: initial; background-clip: initial;\"><strong><span style=\"font-size: 13.5pt; font-family: Arial, sans-serif;\">TURISRIO<\/span><\/strong><span style=\"font-size: 13.5pt; font-family: Arial, sans-serif;\">: Miguel Jos\u00e9 Ferreira<\/span><\/p><p style=\"margin: 0cm 0cm 12pt; background-image: initial; background-position: initial; background-size: initial; background-repeat: initial; background-attachment: initial; background-origin: initial; background-clip: initial;\"><strong><span style=\"font-size: 13.5pt; font-family: Arial, sans-serif;\">UENF<\/span><\/strong><span style=\"font-size: 13.5pt; font-family: Arial, sans-serif;\">: Marilena Coelho de Azevedo <\/span><\/p><p style=\"margin: 0cm 0cm 12pt; background-image: initial; background-position: initial; background-size: initial; background-repeat: initial; background-attachment: initial; background-origin: initial; background-clip: initial;\"><strong><span style=\"font-size: 13.5pt; font-family: Arial, sans-serif;\">UERJ<\/span><\/strong><span style=\"font-size: 13.5pt; font-family: Arial, sans-serif;\">: Roberto Barbosa Marques<\/span><\/p>\t\t\t\t\t\t\t\t<\/div>\n\t\t\t\t<\/div>\n\t\t\t\t\t<\/div>\n\t\t<\/div>\n\t\t\t\t\t<\/div>\n\t\t<\/section>\n\t\t\t\t<section class=\"elementor-section elementor-top-section elementor-element elementor-element-b0380c7 elementor-section-boxed elementor-section-height-default elementor-section-height-default\" data-id=\"b0380c7\" data-element_type=\"section\">\n\t\t\t\t\t\t<div class=\"elementor-container elementor-column-gap-default\">\n\t\t\t\t\t<div class=\"elementor-column elementor-col-100 elementor-top-column elementor-element elementor-element-cf3fd43\" data-id=\"cf3fd43\" data-element_type=\"column\">\n\t\t\t<div class=\"elementor-widget-wrap elementor-element-populated\">\n\t\t\t\t\t\t<div class=\"elementor-element elementor-element-5a8a49b elementor-widget-divider--view-line elementor-widget elementor-widget-divider\" data-id=\"5a8a49b\" data-element_type=\"widget\" data-widget_type=\"divider.default\">\n\t\t\t\t<div class=\"elementor-widget-container\">\n\t\t\t\t\t\t\t<div class=\"elementor-divider\">\n\t\t\t<span class=\"elementor-divider-separator\">\n\t\t\t\t\t\t<\/span>\n\t\t<\/div>\n\t\t\t\t\t\t<\/div>\n\t\t\t\t<\/div>\n\t\t\t\t\t<\/div>\n\t\t<\/div>\n\t\t\t\t\t<\/div>\n\t\t<\/section>\n\t\t\t\t<\/div>\n\t\t","protected":false},"excerpt":{"rendered":"<p>Rede de Gestores de Bens M\u00f3veis &#8211; Redebens Resolu\u00e7\u00e3o SEPLAG n\u00ba 151, de 16 de agosto de 2022 Gerente: Karinne Magalh\u00e3es Meneses Tel. (21) 2333 3398 redebens@planejamento.rj.gov.br Gestores Setoriais da Redebens AGENERSA: Bruno Demenciano Santos AGETRANSP: Deborah Brito Dalmeida Telles de Menezes CEASA\/CASERJ: Carlos Marcio Segui Scheer CECIERJ: Valter de Oliveira Ferraz CEHAB: Marcos C\u00e9sar [&hellip;]<\/p>\n","protected":false},"author":2,"featured_media":0,"comment_status":"closed","ping_status":"open","sticky":false,"template":"","format":"standard","meta":{"footnotes":""},"categories":[11],"tags":[],"class_list":["post-126","post","type-post","status-publish","format-standard","hentry","category-rede_bens"],"publishpress_future_action":{"enabled":false,"date":"2026-05-09 09:39:04","action":"change-status","newStatus":"draft","terms":[],"taxonomy":"category","extraData":[]},"publishpress_future_workflow_manual_trigger":{"enabledWorkflows":[]},"_links":{"self":[{"href":"https:\/\/redelog.rj.gov.br\/redebens\/wp-json\/wp\/v2\/posts\/126","targetHints":{"allow":["GET"]}}],"collection":[{"href":"https:\/\/redelog.rj.gov.br\/redebens\/wp-json\/wp\/v2\/posts"}],"about":[{"href":"https:\/\/redelog.rj.gov.br\/redebens\/wp-json\/wp\/v2\/types\/post"}],"author":[{"embeddable":true,"href":"https:\/\/redelog.rj.gov.br\/redebens\/wp-json\/wp\/v2\/users\/2"}],"replies":[{"embeddable":true,"href":"https:\/\/redelog.rj.gov.br\/redebens\/wp-json\/wp\/v2\/comments?post=126"}],"version-history":[{"count":407,"href":"https:\/\/redelog.rj.gov.br\/redebens\/wp-json\/wp\/v2\/posts\/126\/revisions"}],"predecessor-version":[{"id":8647,"href":"https:\/\/redelog.rj.gov.br\/redebens\/wp-json\/wp\/v2\/posts\/126\/revisions\/8647"}],"wp:attachment":[{"href":"https:\/\/redelog.rj.gov.br\/redebens\/wp-json\/wp\/v2\/media?parent=126"}],"wp:term":[{"taxonomy":"category","embeddable":true,"href":"https:\/\/redelog.rj.gov.br\/redebens\/wp-json\/wp\/v2\/categories?post=126"},{"taxonomy":"post_tag","embeddable":true,"href":"https:\/\/redelog.rj.gov.br\/redebens\/wp-json\/wp\/v2\/tags?post=126"}],"curies":[{"name":"wp","href":"https:\/\/api.w.org\/{rel}","templated":true}]}}